{"id":12609,"date":"2026-09-06T12:28:48","date_gmt":"2026-09-06T12:28:48","guid":{"rendered":"https:\/\/cronicahd.ro\/?p=12609"},"modified":"2026-09-06T12:28:48","modified_gmt":"2026-09-06T12:28:48","slug":"radu-miruta-plimbare-cu-bicicleta-pe-defileul-jiului-uneori-nu-trebuie-sa-pleci-departe-ca-sa-te-deconectezi","status":"publish","type":"post","link":"https:\/\/cronicahd.ro\/?p=12609","title":{"rendered":"Radu Miru\u021b\u0103, plimbare cu bicicleta pe Defileul Jiului: \u201eUneori, nu trebuie s\u0103 pleci departe ca s\u0103 te deconectezi\u201d"},"content":{"rendered":"<p>&nbsp;<\/p>\n<p>Ministrul Radu Miru\u021b\u0103 a ales s\u0103-\u0219i petreac\u0103 duminica \u00eentr-un mod activ, pe biciclet\u0103, \u00eentr-una dintre cele mai spectaculoase zone ale Gorjului. Acesta a parcurs aproximativ 32 de kilometri, de la Lainici p\u00e2n\u0103 la T\u00e2rgu Jiu, pe traseul Defileului Jiului.<\/p>\n<p>\u201e32 de kilometri printr-unul dintre cele mai frumoase locuri din Gorj. Jiu, munte, p\u0103dure \u0219i lini\u0219te\u201d, a transmis ministrul, care a surprins atmosfera unei ie\u0219iri \u00een natur\u0103.<\/p>\n<p><img loading=\"lazy\" decoding=\"async\" class=\"alignnone size-full wp-image-12611\" src=\"https:\/\/cronicahd.ro\/wp-content\/uploads\/2026\/09\/IMG_8901.jpeg\" alt=\"\" width=\"1350\" height=\"1800\" srcset=\"https:\/\/cronicahd.ro\/wp-content\/uploads\/2026\/09\/IMG_8901.jpeg 1350w, https:\/\/cronicahd.ro\/wp-content\/uploads\/2026\/09\/IMG_8901-225x300.jpeg 225w, https:\/\/cronicahd.ro\/wp-content\/uploads\/2026\/09\/IMG_8901-768x1024.jpeg 768w, https:\/\/cronicahd.ro\/wp-content\/uploads\/2026\/09\/IMG_8901-1152x1536.jpeg 1152w, https:\/\/cronicahd.ro\/wp-content\/uploads\/2026\/09\/IMG_8901-1024x1365.jpeg 1024w\" sizes=\"auto, (max-width: 1350px) 100vw, 1350px\" \/><\/p>\n<p>Traseul dintre Lainici \u0219i T\u00e2rgu Jiu ofer\u0103 celor care \u00eel parcurg pe dou\u0103 ro\u021bi peisaje spectaculoase, cu r\u00e2ul Jiu, versan\u021bii \u00eemp\u0103duri\u021bi \u0219i atmosfera specific\u0103 zonei montane. Pentru Radu Miru\u021b\u0103, ie\u0219irea a fost \u0219i un prilej de a redescoperi locurile din jude\u021bul Gorj.<\/p>\n<p>Ministrul nu a ratat nici un moment specific unei zile de duminic\u0103 \u00een Gorj. Dup\u0103 cei 32 de kilometri parcur\u0219i cu bicicleta, acesta a ajuns \u00een pia\u021ba de la Sadu, unde, dup\u0103 cum m\u0103rturise\u0219te, \u201en-a lipsit nici pofta de mici\u201d.<\/p>\n<p>\u201eUneori, nu trebuie s\u0103 pleci departe ca s\u0103 te deconectezi. Trebuie doar s\u0103-\u021bi faci timp s\u0103 vezi din nou locurile pe l\u00e2ng\u0103 care ai trecut de at\u00e2tea ori. Gorjul are locuri extraordinare. \u0218i merit\u0103 s\u0103 ne bucur\u0103m mai des de ele\u201d, a mai transmis Radu Miru\u021b\u0103.<\/p>\n<p>Ie\u0219irea pe Defileul Jiului demonstreaz\u0103 \u00eenc\u0103 o dat\u0103 c\u0103 zona ofer\u0103 oportunit\u0103\u021bi excelente pentru activit\u0103\u021bi \u00een aer liber, de la ciclism \u0219i drume\u021bii p\u00e2n\u0103 la simple plimb\u0103ri \u00een mijlocul naturii.<\/p>\n","protected":false},"excerpt":{"rendered":"<p>&nbsp; Ministrul Radu Miru\u021b\u0103 a ales s\u0103-\u0219i petreac\u0103 duminica \u00eentr-un mod activ, pe biciclet\u0103, \u00eentr-una&#8230;<\/p>\n","protected":false},"author":1,"featured_media":12610,"comment_status":"closed","ping_status":"closed","sticky":false,"template":"","format":"standard","meta":{"footnotes":""},"categories":[1,19],"tags":[],"class_list":["post-12609","post","type-post","status-publish","format-standard","has-post-thumbnail","hentry","category-actual","category-timp-liber"],"yoast_head":"<!-- This site is optimized with the Yoast SEO plugin v25.3.1 - https:\/\/yoast.com\/wordpress\/plugins\/seo\/ -->\n<title>Radu Miru\u021b\u0103, plimbare cu bicicleta pe Defileul Jiului: \u201eUneori, nu trebuie s\u0103 pleci departe ca s\u0103 te deconectezi\u201d - Cronica de Hunedoara<\/title>\n<meta name=\"robots\" content=\"index, follow, max-snippet:-1, max-image-preview:large, max-video-preview:-1\" \/>\n<link rel=\"canonical\" href=\"https:\/\/cronicahd.ro\/?p=12609\" \/>\n<meta property=\"og:locale\" content=\"ro_RO\" \/>\n<meta property=\"og:type\" content=\"article\" \/>\n<meta property=\"og:title\" content=\"Radu Miru\u021b\u0103, plimbare cu bicicleta pe Defileul Jiului: \u201eUneori, nu trebuie s\u0103 pleci departe ca s\u0103 te deconectezi\u201d - Cronica de Hunedoara\" \/>\n<meta property=\"og:description\" content=\"&nbsp; Ministrul Radu Miru\u021b\u0103 a ales s\u0103-\u0219i petreac\u0103 duminica \u00eentr-un mod activ, pe biciclet\u0103, \u00eentr-una...\" \/>\n<meta property=\"og:url\" content=\"https:\/\/cronicahd.ro\/?p=12609\" \/>\n<meta property=\"og:site_name\" content=\"Cronica de Hunedoara\" \/>\n<meta property=\"article:published_time\" content=\"2026-09-06T12:28:48+00:00\" \/>\n<meta property=\"og:image\" content=\"https:\/\/cronicahd.ro\/wp-content\/uploads\/2026\/09\/IMG_8900.jpeg\" \/>\n\t<meta property=\"og:image:width\" content=\"582\" \/>\n\t<meta property=\"og:image:height\" content=\"960\" \/>\n\t<meta property=\"og:image:type\" content=\"image\/jpeg\" \/>\n<meta name=\"author\" content=\"admin\" \/>\n<meta name=\"twitter:card\" content=\"summary_large_image\" \/>\n<meta name=\"twitter:label1\" content=\"Scris de\" \/>\n\t<meta name=\"twitter:data1\" content=\"admin\" \/>\n\t<meta name=\"twitter:label2\" content=\"Timp estimat pentru citire\" \/>\n\t<meta name=\"twitter:data2\" content=\"2 minute\" \/>\n<script type=\"application\/ld+json\" class=\"yoast-schema-graph\">{\"@context\":\"https:\/\/schema.org\",\"@graph\":[{\"@type\":\"Article\",\"@id\":\"https:\/\/cronicahd.ro\/?p=12609#article\",\"isPartOf\":{\"@id\":\"https:\/\/cronicahd.ro\/?p=12609\"},\"author\":{\"name\":\"admin\",\"@id\":\"https:\/\/cronicahd.ro\/#\/schema\/person\/d1a1277a8cd166610328e17aaf58bf46\"},\"headline\":\"Radu Miru\u021b\u0103, plimbare cu bicicleta pe Defileul Jiului: \u201eUneori, nu trebuie s\u0103 pleci departe ca s\u0103 te deconectezi\u201d\",\"datePublished\":\"2026-09-06T12:28:48+00:00\",\"mainEntityOfPage\":{\"@id\":\"https:\/\/cronicahd.ro\/?p=12609\"},\"wordCount\":270,\"publisher\":{\"@id\":\"https:\/\/cronicahd.ro\/#organization\"},\"image\":{\"@id\":\"https:\/\/cronicahd.ro\/?p=12609#primaryimage\"},\"thumbnailUrl\":\"https:\/\/cronicahd.ro\/wp-content\/uploads\/2026\/09\/IMG_8900.jpeg\",\"articleSection\":[\"Actualitate\",\"Timp liber\"],\"inLanguage\":\"ro-RO\"},{\"@type\":\"WebPage\",\"@id\":\"https:\/\/cronicahd.ro\/?p=12609\",\"url\":\"https:\/\/cronicahd.ro\/?p=12609\",\"name\":\"Radu Miru\u021b\u0103, plimbare cu bicicleta pe Defileul Jiului: \u201eUneori, nu trebuie s\u0103 pleci departe ca s\u0103 te deconectezi\u201d - Cronica de Hunedoara\",\"isPartOf\":{\"@id\":\"https:\/\/cronicahd.ro\/#website\"},\"primaryImageOfPage\":{\"@id\":\"https:\/\/cronicahd.ro\/?p=12609#primaryimage\"},\"image\":{\"@id\":\"https:\/\/cronicahd.ro\/?p=12609#primaryimage\"},\"thumbnailUrl\":\"https:\/\/cronicahd.ro\/wp-content\/uploads\/2026\/09\/IMG_8900.jpeg\",\"datePublished\":\"2026-09-06T12:28:48+00:00\",\"breadcrumb\":{\"@id\":\"https:\/\/cronicahd.ro\/?p=12609#breadcrumb\"},\"inLanguage\":\"ro-RO\",\"potentialAction\":[{\"@type\":\"ReadAction\",\"target\":[\"https:\/\/cronicahd.ro\/?p=12609\"]}]},{\"@type\":\"ImageObject\",\"inLanguage\":\"ro-RO\",\"@id\":\"https:\/\/cronicahd.ro\/?p=12609#primaryimage\",\"url\":\"https:\/\/cronicahd.ro\/wp-content\/uploads\/2026\/09\/IMG_8900.jpeg\",\"contentUrl\":\"https:\/\/cronicahd.ro\/wp-content\/uploads\/2026\/09\/IMG_8900.jpeg\",\"width\":582,\"height\":960},{\"@type\":\"BreadcrumbList\",\"@id\":\"https:\/\/cronicahd.ro\/?p=12609#breadcrumb\",\"itemListElement\":[{\"@type\":\"ListItem\",\"position\":1,\"name\":\"Prima pagin\u0103\",\"item\":\"https:\/\/cronicahd.ro\/\"},{\"@type\":\"ListItem\",\"position\":2,\"name\":\"Radu Miru\u021b\u0103, plimbare cu bicicleta pe Defileul Jiului: \u201eUneori, nu trebuie s\u0103 pleci departe ca s\u0103 te deconectezi\u201d\"}]},{\"@type\":\"WebSite\",\"@id\":\"https:\/\/cronicahd.ro\/#website\",\"url\":\"https:\/\/cronicahd.ro\/\",\"name\":\"Cronica de Hunedoara\",\"description\":\"\",\"publisher\":{\"@id\":\"https:\/\/cronicahd.ro\/#organization\"},\"potentialAction\":[{\"@type\":\"SearchAction\",\"target\":{\"@type\":\"EntryPoint\",\"urlTemplate\":\"https:\/\/cronicahd.ro\/?s={search_term_string}\"},\"query-input\":{\"@type\":\"PropertyValueSpecification\",\"valueRequired\":true,\"valueName\":\"search_term_string\"}}],\"inLanguage\":\"ro-RO\"},{\"@type\":\"Organization\",\"@id\":\"https:\/\/cronicahd.ro\/#organization\",\"name\":\"Cronica de Hunedoara\",\"url\":\"https:\/\/cronicahd.ro\/\",\"logo\":{\"@type\":\"ImageObject\",\"inLanguage\":\"ro-RO\",\"@id\":\"https:\/\/cronicahd.ro\/#\/schema\/logo\/image\/\",\"url\":\"https:\/\/cronicahd.ro\/wp-content\/uploads\/2026\/03\/cropped-crh.jpg\",\"contentUrl\":\"https:\/\/cronicahd.ro\/wp-content\/uploads\/2026\/03\/cropped-crh.jpg\",\"width\":1437,\"height\":327,\"caption\":\"Cronica de Hunedoara\"},\"image\":{\"@id\":\"https:\/\/cronicahd.ro\/#\/schema\/logo\/image\/\"}},{\"@type\":\"Person\",\"@id\":\"https:\/\/cronicahd.ro\/#\/schema\/person\/d1a1277a8cd166610328e17aaf58bf46\",\"name\":\"admin\",\"image\":{\"@type\":\"ImageObject\",\"inLanguage\":\"ro-RO\",\"@id\":\"https:\/\/cronicahd.ro\/#\/schema\/person\/image\/\",\"url\":\"https:\/\/secure.gravatar.com\/avatar\/24700337280d10898c2e0d19d44a05316bff9fccc941ecc5570ffe41668203f7?s=96&d=mm&r=g\",\"contentUrl\":\"https:\/\/secure.gravatar.com\/avatar\/24700337280d10898c2e0d19d44a05316bff9fccc941ecc5570ffe41668203f7?s=96&d=mm&r=g\",\"caption\":\"admin\"},\"sameAs\":[\"https:\/\/cronicavj.ro\"],\"url\":\"https:\/\/cronicahd.ro\/?author=1\"}]}<\/script>\n<!-- \/ Yoast SEO plugin. -->","yoast_head_json":{"title":"Radu Miru\u021b\u0103, plimbare cu bicicleta pe Defileul Jiului: \u201eUneori, nu trebuie s\u0103 pleci departe ca s\u0103 te deconectezi\u201d - Cronica de Hunedoara","robots":{"index":"index","follow":"follow","max-snippet":"max-snippet:-1","max-image-preview":"max-image-preview:large","max-video-preview":"max-video-preview:-1"},"canonical":"https:\/\/cronicahd.ro\/?p=12609","og_locale":"ro_RO","og_type":"article","og_title":"Radu Miru\u021b\u0103, plimbare cu bicicleta pe Defileul Jiului: \u201eUneori, nu trebuie s\u0103 pleci departe ca s\u0103 te deconectezi\u201d - Cronica de Hunedoara","og_description":"&nbsp; Ministrul Radu Miru\u021b\u0103 a ales s\u0103-\u0219i petreac\u0103 duminica \u00eentr-un mod activ, pe biciclet\u0103, \u00eentr-una...","og_url":"https:\/\/cronicahd.ro\/?p=12609","og_site_name":"Cronica de Hunedoara","article_published_time":"2026-09-06T12:28:48+00:00","og_image":[{"width":582,"height":960,"url":"https:\/\/cronicahd.ro\/wp-content\/uploads\/2026\/09\/IMG_8900.jpeg","type":"image\/jpeg"}],"author":"admin","twitter_card":"summary_large_image","twitter_misc":{"Scris de":"admin","Timp estimat pentru citire":"2 minute"},"schema":{"@context":"https:\/\/schema.org","@graph":[{"@type":"Article","@id":"https:\/\/cronicahd.ro\/?p=12609#article","isPartOf":{"@id":"https:\/\/cronicahd.ro\/?p=12609"},"author":{"name":"admin","@id":"https:\/\/cronicahd.ro\/#\/schema\/person\/d1a1277a8cd166610328e17aaf58bf46"},"headline":"Radu Miru\u021b\u0103, plimbare cu bicicleta pe Defileul Jiului: \u201eUneori, nu trebuie s\u0103 pleci departe ca s\u0103 te deconectezi\u201d","datePublished":"2026-09-06T12:28:48+00:00","mainEntityOfPage":{"@id":"https:\/\/cronicahd.ro\/?p=12609"},"wordCount":270,"publisher":{"@id":"https:\/\/cronicahd.ro\/#organization"},"image":{"@id":"https:\/\/cronicahd.ro\/?p=12609#primaryimage"},"thumbnailUrl":"https:\/\/cronicahd.ro\/wp-content\/uploads\/2026\/09\/IMG_8900.jpeg","articleSection":["Actualitate","Timp liber"],"inLanguage":"ro-RO"},{"@type":"WebPage","@id":"https:\/\/cronicahd.ro\/?p=12609","url":"https:\/\/cronicahd.ro\/?p=12609","name":"Radu Miru\u021b\u0103, plimbare cu bicicleta pe Defileul Jiului: \u201eUneori, nu trebuie s\u0103 pleci departe ca s\u0103 te deconectezi\u201d - Cronica de Hunedoara","isPartOf":{"@id":"https:\/\/cronicahd.ro\/#website"},"primaryImageOfPage":{"@id":"https:\/\/cronicahd.ro\/?p=12609#primaryimage"},"image":{"@id":"https:\/\/cronicahd.ro\/?p=12609#primaryimage"},"thumbnailUrl":"https:\/\/cronicahd.ro\/wp-content\/uploads\/2026\/09\/IMG_8900.jpeg","datePublished":"2026-09-06T12:28:48+00:00","breadcrumb":{"@id":"https:\/\/cronicahd.ro\/?p=12609#breadcrumb"},"inLanguage":"ro-RO","potentialAction":[{"@type":"ReadAction","target":["https:\/\/cronicahd.ro\/?p=12609"]}]},{"@type":"ImageObject","inLanguage":"ro-RO","@id":"https:\/\/cronicahd.ro\/?p=12609#primaryimage","url":"https:\/\/cronicahd.ro\/wp-content\/uploads\/2026\/09\/IMG_8900.jpeg","contentUrl":"https:\/\/cronicahd.ro\/wp-content\/uploads\/2026\/09\/IMG_8900.jpeg","width":582,"height":960},{"@type":"BreadcrumbList","@id":"https:\/\/cronicahd.ro\/?p=12609#breadcrumb","itemListElement":[{"@type":"ListItem","position":1,"name":"Prima pagin\u0103","item":"https:\/\/cronicahd.ro\/"},{"@type":"ListItem","position":2,"name":"Radu Miru\u021b\u0103, plimbare cu bicicleta pe Defileul Jiului: \u201eUneori, nu trebuie s\u0103 pleci departe ca s\u0103 te deconectezi\u201d"}]},{"@type":"WebSite","@id":"https:\/\/cronicahd.ro\/#website","url":"https:\/\/cronicahd.ro\/","name":"Cronica de Hunedoara","description":"","publisher":{"@id":"https:\/\/cronicahd.ro\/#organization"},"potentialAction":[{"@type":"SearchAction","target":{"@type":"EntryPoint","urlTemplate":"https:\/\/cronicahd.ro\/?s={search_term_string}"},"query-input":{"@type":"PropertyValueSpecification","valueRequired":true,"valueName":"search_term_string"}}],"inLanguage":"ro-RO"},{"@type":"Organization","@id":"https:\/\/cronicahd.ro\/#organization","name":"Cronica de Hunedoara","url":"https:\/\/cronicahd.ro\/","logo":{"@type":"ImageObject","inLanguage":"ro-RO","@id":"https:\/\/cronicahd.ro\/#\/schema\/logo\/image\/","url":"https:\/\/cronicahd.ro\/wp-content\/uploads\/2026\/03\/cropped-crh.jpg","contentUrl":"https:\/\/cronicahd.ro\/wp-content\/uploads\/2026\/03\/cropped-crh.jpg","width":1437,"height":327,"caption":"Cronica de Hunedoara"},"image":{"@id":"https:\/\/cronicahd.ro\/#\/schema\/logo\/image\/"}},{"@type":"Person","@id":"https:\/\/cronicahd.ro\/#\/schema\/person\/d1a1277a8cd166610328e17aaf58bf46","name":"admin","image":{"@type":"ImageObject","inLanguage":"ro-RO","@id":"https:\/\/cronicahd.ro\/#\/schema\/person\/image\/","url":"https:\/\/secure.gravatar.com\/avatar\/24700337280d10898c2e0d19d44a05316bff9fccc941ecc5570ffe41668203f7?s=96&d=mm&r=g","contentUrl":"https:\/\/secure.gravatar.com\/avatar\/24700337280d10898c2e0d19d44a05316bff9fccc941ecc5570ffe41668203f7?s=96&d=mm&r=g","caption":"admin"},"sameAs":["https:\/\/cronicavj.ro"],"url":"https:\/\/cronicahd.ro\/?author=1"}]}},"_links":{"self":[{"href":"https:\/\/cronicahd.ro\/index.php?rest_route=\/wp\/v2\/posts\/12609","targetHints":{"allow":["GET"]}}],"collection":[{"href":"https:\/\/cronicahd.ro\/index.php?rest_route=\/wp\/v2\/posts"}],"about":[{"href":"https:\/\/cronicahd.ro\/index.php?rest_route=\/wp\/v2\/types\/post"}],"author":[{"embeddable":true,"href":"https:\/\/cronicahd.ro\/index.php?rest_route=\/wp\/v2\/users\/1"}],"replies":[{"embeddable":true,"href":"https:\/\/cronicahd.ro\/index.php?rest_route=%2Fwp%2Fv2%2Fcomments&post=12609"}],"version-history":[{"count":1,"href":"https:\/\/cronicahd.ro\/index.php?rest_route=\/wp\/v2\/posts\/12609\/revisions"}],"predecessor-version":[{"id":12612,"href":"https:\/\/cronicahd.ro\/index.php?rest_route=\/wp\/v2\/posts\/12609\/revisions\/12612"}],"wp:featuredmedia":[{"embeddable":true,"href":"https:\/\/cronicahd.ro\/index.php?rest_route=\/wp\/v2\/media\/12610"}],"wp:attachment":[{"href":"https:\/\/cronicahd.ro\/index.php?rest_route=%2Fwp%2Fv2%2Fmedia&parent=12609"}],"wp:term":[{"taxonomy":"category","embeddable":true,"href":"https:\/\/cronicahd.ro\/index.php?rest_route=%2Fwp%2Fv2%2Fcategories&post=12609"},{"taxonomy":"post_tag","embeddable":true,"href":"https:\/\/cronicahd.ro\/index.php?rest_route=%2Fwp%2Fv2%2Ftags&post=12609"}],"curies":[{"name":"wp","href":"https:\/\/api.w.org\/{rel}","templated":true}]}}