{"id":12605,"date":"2026-09-06T09:54:43","date_gmt":"2026-09-06T09:54:43","guid":{"rendered":"https:\/\/cronicahd.ro\/?p=12605"},"modified":"2026-09-06T09:54:43","modified_gmt":"2026-09-06T09:54:43","slug":"pasul-valcan-pe-harta-competitiilor-de-alergare-montana-220-de-participanti-la-competitia-care-promoveaza-vulcanul","status":"publish","type":"post","link":"https:\/\/cronicahd.ro\/?p=12605","title":{"rendered":"Pasul V\u00e2lcan, pe harta competi\u021biilor de alergare montan\u0103. 220 de participan\u021bi la competi\u021bia care promoveaz\u0103 Vulcanul"},"content":{"rendered":"<p>&nbsp;<\/p>\n<p>Pasul V\u00e2lcan a devenit, pentru o zi, un punct de atrac\u021bie pentru iubitorii alerg\u0103rii montane, dup\u0103 ce 220 de participan\u021bi au luat parte la competi\u021bia organizat\u0103 \u00een aceast\u0103 zon\u0103. Evenimentul este considerat de autorit\u0103\u021bile locale un pas important \u00een promovarea municipiului Vulcan \u0219i a poten\u021bialului turistic al zonei.<\/p>\n<p>Primarul municipiului Vulcan, Cristian Meri\u0219anu, a transmis un mesaj de apreciere pentru to\u021bi cei care au contribuit la organizarea competi\u021biei, subliniind \u00een mod special implicarea lui Daniel Halastauan, omul care s-a ocupat de coordonarea \u00eentregului proiect.<\/p>\n<p><img loading=\"lazy\" decoding=\"async\" class=\"alignnone size-full wp-image-12607\" src=\"https:\/\/cronicahd.ro\/wp-content\/uploads\/2026\/09\/IMG_8898.jpeg\" alt=\"\" width=\"1350\" height=\"1800\" srcset=\"https:\/\/cronicahd.ro\/wp-content\/uploads\/2026\/09\/IMG_8898.jpeg 1350w, https:\/\/cronicahd.ro\/wp-content\/uploads\/2026\/09\/IMG_8898-225x300.jpeg 225w, https:\/\/cronicahd.ro\/wp-content\/uploads\/2026\/09\/IMG_8898-768x1024.jpeg 768w, https:\/\/cronicahd.ro\/wp-content\/uploads\/2026\/09\/IMG_8898-1152x1536.jpeg 1152w, https:\/\/cronicahd.ro\/wp-content\/uploads\/2026\/09\/IMG_8898-1024x1365.jpeg 1024w\" sizes=\"auto, (max-width: 1350px) 100vw, 1350px\" \/><\/p>\n<p>\u201eAceast\u0103 reu\u0219it\u0103 \u00eei apar\u021bine \u00een primul r\u00e2nd lui Daniel Halastauan, omul care s-a ocupat de \u00eentregul proiect \u0219i care a dus greul organiz\u0103rii, de la \u00eenceput p\u00e2n\u0103 la final\u201d, a transmis primarul Cristian Meri\u0219anu.<\/p>\n<p>Potrivit edilului, prin munc\u0103, implicare \u0219i perseveren\u021b\u0103, organizatorul a reu\u0219it s\u0103 transforme ideea unei competi\u021bii de alergare montan\u0103 \u00eentr-o realitate care a adus 220 de participan\u021bi \u00een Pasul V\u00e2lcan.<\/p>\n<p>\u201e\u00cei mul\u021bumim lui Daniel Halastauan pentru tot efortul depus \u0219i pentru faptul c\u0103 a demonstrat c\u0103, prin ini\u021biativ\u0103 \u0219i determinare, se pot realiza lucruri extraordinare pentru Vulcan!\u201d, a mai precizat Cristian Meri\u0219anu.<\/p>\n<p>Competi\u021bia de la Pasul V\u00e2lcan reprezint\u0103 nu doar un eveniment sportiv, ci \u0219i o oportunitate de promovare a zonei. Peisajele montane, traseele \u0219i cadrul natural ofer\u0103 premise pentru dezvoltarea unor competi\u021bii care pot atrage participan\u021bi din tot mai multe localit\u0103\u021bi din \u021bar\u0103.<\/p>\n<p>Cristian Meri\u0219anu consider\u0103 c\u0103 evenimentul poate fi \u00eenceputul unei tradi\u021bii \u0219i \u00ee\u0219i propune ca Vulcanul s\u0103 devin\u0103 o destina\u021bie cunoscut\u0103 \u00een r\u00e2ndul iubitorilor de competi\u021bii montane.<\/p>\n<p>\u201eAm demonstrat c\u0103, atunci c\u00e2nd Vulcanul se une\u0219te \u0219i oamenii se implic\u0103, se pot realiza lucruri extraordinare! Acesta este doar \u00eenceputul. Nu ne oprim aici! Vulcanul poate mai mult! \u00cempreun\u0103 \u00eel a\u0219ez\u0103m pe harta competi\u021biilor na\u021bionale!\u201d, a transmis primarul municipiului Vulcan.<\/p>\n<p>Prin num\u0103rul participan\u021bilor \u0219i implicarea comunit\u0103\u021bii, competi\u021bia de la Pasul V\u00e2lcan transmite un mesaj important: Valea Jiului are locul ei pe harta evenimentelor sportive \u0219i turistice din Rom\u00e2nia, iar Pasul V\u00e2lcan poate deveni una dintre zonele care atrag iubitorii muntelui \u0219i ai sportului \u00een aer liber.<\/p>\n","protected":false},"excerpt":{"rendered":"<p>&nbsp; Pasul V\u00e2lcan a devenit, pentru o zi, un punct de atrac\u021bie pentru iubitorii alerg\u0103rii&#8230;<\/p>\n","protected":false},"author":1,"featured_media":12606,"comment_status":"closed","ping_status":"closed","sticky":false,"template":"","format":"standard","meta":{"footnotes":""},"categories":[1,10],"tags":[],"class_list":["post-12605","post","type-post","status-publish","format-standard","has-post-thumbnail","hentry","category-actual","category-turism"],"yoast_head":"<!-- This site is optimized with the Yoast SEO plugin v25.3.1 - https:\/\/yoast.com\/wordpress\/plugins\/seo\/ -->\n<title>Pasul V\u00e2lcan, pe harta competi\u021biilor de alergare montan\u0103. 220 de participan\u021bi la competi\u021bia care promoveaz\u0103 Vulcanul - Cronica de Hunedoara<\/title>\n<meta name=\"robots\" content=\"index, follow, max-snippet:-1, max-image-preview:large, max-video-preview:-1\" \/>\n<link rel=\"canonical\" href=\"https:\/\/cronicahd.ro\/?p=12605\" \/>\n<meta property=\"og:locale\" content=\"ro_RO\" \/>\n<meta property=\"og:type\" content=\"article\" \/>\n<meta property=\"og:title\" content=\"Pasul V\u00e2lcan, pe harta competi\u021biilor de alergare montan\u0103. 220 de participan\u021bi la competi\u021bia care promoveaz\u0103 Vulcanul - Cronica de Hunedoara\" \/>\n<meta property=\"og:description\" content=\"&nbsp; Pasul V\u00e2lcan a devenit, pentru o zi, un punct de atrac\u021bie pentru iubitorii alerg\u0103rii...\" \/>\n<meta property=\"og:url\" content=\"https:\/\/cronicahd.ro\/?p=12605\" \/>\n<meta property=\"og:site_name\" content=\"Cronica de Hunedoara\" \/>\n<meta property=\"article:published_time\" content=\"2026-09-06T09:54:43+00:00\" \/>\n<meta property=\"og:image\" content=\"https:\/\/cronicahd.ro\/wp-content\/uploads\/2026\/09\/IMG_8899.jpeg\" \/>\n\t<meta property=\"og:image:width\" content=\"1360\" \/>\n\t<meta property=\"og:image:height\" content=\"963\" \/>\n\t<meta property=\"og:image:type\" content=\"image\/jpeg\" \/>\n<meta name=\"author\" content=\"admin\" \/>\n<meta name=\"twitter:card\" content=\"summary_large_image\" \/>\n<meta name=\"twitter:label1\" content=\"Scris de\" \/>\n\t<meta name=\"twitter:data1\" content=\"admin\" \/>\n\t<meta name=\"twitter:label2\" content=\"Timp estimat pentru citire\" \/>\n\t<meta name=\"twitter:data2\" content=\"3 minute\" \/>\n<script type=\"application\/ld+json\" class=\"yoast-schema-graph\">{\"@context\":\"https:\/\/schema.org\",\"@graph\":[{\"@type\":\"Article\",\"@id\":\"https:\/\/cronicahd.ro\/?p=12605#article\",\"isPartOf\":{\"@id\":\"https:\/\/cronicahd.ro\/?p=12605\"},\"author\":{\"name\":\"admin\",\"@id\":\"https:\/\/cronicahd.ro\/#\/schema\/person\/d1a1277a8cd166610328e17aaf58bf46\"},\"headline\":\"Pasul V\u00e2lcan, pe harta competi\u021biilor de alergare montan\u0103. 220 de participan\u021bi la competi\u021bia care promoveaz\u0103 Vulcanul\",\"datePublished\":\"2026-09-06T09:54:43+00:00\",\"mainEntityOfPage\":{\"@id\":\"https:\/\/cronicahd.ro\/?p=12605\"},\"wordCount\":398,\"publisher\":{\"@id\":\"https:\/\/cronicahd.ro\/#organization\"},\"image\":{\"@id\":\"https:\/\/cronicahd.ro\/?p=12605#primaryimage\"},\"thumbnailUrl\":\"https:\/\/cronicahd.ro\/wp-content\/uploads\/2026\/09\/IMG_8899.jpeg\",\"articleSection\":[\"Actualitate\",\"Turism\"],\"inLanguage\":\"ro-RO\"},{\"@type\":\"WebPage\",\"@id\":\"https:\/\/cronicahd.ro\/?p=12605\",\"url\":\"https:\/\/cronicahd.ro\/?p=12605\",\"name\":\"Pasul V\u00e2lcan, pe harta competi\u021biilor de alergare montan\u0103. 220 de participan\u021bi la competi\u021bia care promoveaz\u0103 Vulcanul - Cronica de Hunedoara\",\"isPartOf\":{\"@id\":\"https:\/\/cronicahd.ro\/#website\"},\"primaryImageOfPage\":{\"@id\":\"https:\/\/cronicahd.ro\/?p=12605#primaryimage\"},\"image\":{\"@id\":\"https:\/\/cronicahd.ro\/?p=12605#primaryimage\"},\"thumbnailUrl\":\"https:\/\/cronicahd.ro\/wp-content\/uploads\/2026\/09\/IMG_8899.jpeg\",\"datePublished\":\"2026-09-06T09:54:43+00:00\",\"breadcrumb\":{\"@id\":\"https:\/\/cronicahd.ro\/?p=12605#breadcrumb\"},\"inLanguage\":\"ro-RO\",\"potentialAction\":[{\"@type\":\"ReadAction\",\"target\":[\"https:\/\/cronicahd.ro\/?p=12605\"]}]},{\"@type\":\"ImageObject\",\"inLanguage\":\"ro-RO\",\"@id\":\"https:\/\/cronicahd.ro\/?p=12605#primaryimage\",\"url\":\"https:\/\/cronicahd.ro\/wp-content\/uploads\/2026\/09\/IMG_8899.jpeg\",\"contentUrl\":\"https:\/\/cronicahd.ro\/wp-content\/uploads\/2026\/09\/IMG_8899.jpeg\",\"width\":1360,\"height\":963},{\"@type\":\"BreadcrumbList\",\"@id\":\"https:\/\/cronicahd.ro\/?p=12605#breadcrumb\",\"itemListElement\":[{\"@type\":\"ListItem\",\"position\":1,\"name\":\"Prima pagin\u0103\",\"item\":\"https:\/\/cronicahd.ro\/\"},{\"@type\":\"ListItem\",\"position\":2,\"name\":\"Pasul V\u00e2lcan, pe harta competi\u021biilor de alergare montan\u0103. 220 de participan\u021bi la competi\u021bia care promoveaz\u0103 Vulcanul\"}]},{\"@type\":\"WebSite\",\"@id\":\"https:\/\/cronicahd.ro\/#website\",\"url\":\"https:\/\/cronicahd.ro\/\",\"name\":\"Cronica de Hunedoara\",\"description\":\"\",\"publisher\":{\"@id\":\"https:\/\/cronicahd.ro\/#organization\"},\"potentialAction\":[{\"@type\":\"SearchAction\",\"target\":{\"@type\":\"EntryPoint\",\"urlTemplate\":\"https:\/\/cronicahd.ro\/?s={search_term_string}\"},\"query-input\":{\"@type\":\"PropertyValueSpecification\",\"valueRequired\":true,\"valueName\":\"search_term_string\"}}],\"inLanguage\":\"ro-RO\"},{\"@type\":\"Organization\",\"@id\":\"https:\/\/cronicahd.ro\/#organization\",\"name\":\"Cronica de Hunedoara\",\"url\":\"https:\/\/cronicahd.ro\/\",\"logo\":{\"@type\":\"ImageObject\",\"inLanguage\":\"ro-RO\",\"@id\":\"https:\/\/cronicahd.ro\/#\/schema\/logo\/image\/\",\"url\":\"https:\/\/cronicahd.ro\/wp-content\/uploads\/2026\/03\/cropped-crh.jpg\",\"contentUrl\":\"https:\/\/cronicahd.ro\/wp-content\/uploads\/2026\/03\/cropped-crh.jpg\",\"width\":1437,\"height\":327,\"caption\":\"Cronica de Hunedoara\"},\"image\":{\"@id\":\"https:\/\/cronicahd.ro\/#\/schema\/logo\/image\/\"}},{\"@type\":\"Person\",\"@id\":\"https:\/\/cronicahd.ro\/#\/schema\/person\/d1a1277a8cd166610328e17aaf58bf46\",\"name\":\"admin\",\"image\":{\"@type\":\"ImageObject\",\"inLanguage\":\"ro-RO\",\"@id\":\"https:\/\/cronicahd.ro\/#\/schema\/person\/image\/\",\"url\":\"https:\/\/secure.gravatar.com\/avatar\/24700337280d10898c2e0d19d44a05316bff9fccc941ecc5570ffe41668203f7?s=96&d=mm&r=g\",\"contentUrl\":\"https:\/\/secure.gravatar.com\/avatar\/24700337280d10898c2e0d19d44a05316bff9fccc941ecc5570ffe41668203f7?s=96&d=mm&r=g\",\"caption\":\"admin\"},\"sameAs\":[\"https:\/\/cronicavj.ro\"],\"url\":\"https:\/\/cronicahd.ro\/?author=1\"}]}<\/script>\n<!-- \/ Yoast SEO plugin. -->","yoast_head_json":{"title":"Pasul V\u00e2lcan, pe harta competi\u021biilor de alergare montan\u0103. 220 de participan\u021bi la competi\u021bia care promoveaz\u0103 Vulcanul - Cronica de Hunedoara","robots":{"index":"index","follow":"follow","max-snippet":"max-snippet:-1","max-image-preview":"max-image-preview:large","max-video-preview":"max-video-preview:-1"},"canonical":"https:\/\/cronicahd.ro\/?p=12605","og_locale":"ro_RO","og_type":"article","og_title":"Pasul V\u00e2lcan, pe harta competi\u021biilor de alergare montan\u0103. 220 de participan\u021bi la competi\u021bia care promoveaz\u0103 Vulcanul - Cronica de Hunedoara","og_description":"&nbsp; Pasul V\u00e2lcan a devenit, pentru o zi, un punct de atrac\u021bie pentru iubitorii alerg\u0103rii...","og_url":"https:\/\/cronicahd.ro\/?p=12605","og_site_name":"Cronica de Hunedoara","article_published_time":"2026-09-06T09:54:43+00:00","og_image":[{"width":1360,"height":963,"url":"https:\/\/cronicahd.ro\/wp-content\/uploads\/2026\/09\/IMG_8899.jpeg","type":"image\/jpeg"}],"author":"admin","twitter_card":"summary_large_image","twitter_misc":{"Scris de":"admin","Timp estimat pentru citire":"3 minute"},"schema":{"@context":"https:\/\/schema.org","@graph":[{"@type":"Article","@id":"https:\/\/cronicahd.ro\/?p=12605#article","isPartOf":{"@id":"https:\/\/cronicahd.ro\/?p=12605"},"author":{"name":"admin","@id":"https:\/\/cronicahd.ro\/#\/schema\/person\/d1a1277a8cd166610328e17aaf58bf46"},"headline":"Pasul V\u00e2lcan, pe harta competi\u021biilor de alergare montan\u0103. 220 de participan\u021bi la competi\u021bia care promoveaz\u0103 Vulcanul","datePublished":"2026-09-06T09:54:43+00:00","mainEntityOfPage":{"@id":"https:\/\/cronicahd.ro\/?p=12605"},"wordCount":398,"publisher":{"@id":"https:\/\/cronicahd.ro\/#organization"},"image":{"@id":"https:\/\/cronicahd.ro\/?p=12605#primaryimage"},"thumbnailUrl":"https:\/\/cronicahd.ro\/wp-content\/uploads\/2026\/09\/IMG_8899.jpeg","articleSection":["Actualitate","Turism"],"inLanguage":"ro-RO"},{"@type":"WebPage","@id":"https:\/\/cronicahd.ro\/?p=12605","url":"https:\/\/cronicahd.ro\/?p=12605","name":"Pasul V\u00e2lcan, pe harta competi\u021biilor de alergare montan\u0103. 220 de participan\u021bi la competi\u021bia care promoveaz\u0103 Vulcanul - Cronica de Hunedoara","isPartOf":{"@id":"https:\/\/cronicahd.ro\/#website"},"primaryImageOfPage":{"@id":"https:\/\/cronicahd.ro\/?p=12605#primaryimage"},"image":{"@id":"https:\/\/cronicahd.ro\/?p=12605#primaryimage"},"thumbnailUrl":"https:\/\/cronicahd.ro\/wp-content\/uploads\/2026\/09\/IMG_8899.jpeg","datePublished":"2026-09-06T09:54:43+00:00","breadcrumb":{"@id":"https:\/\/cronicahd.ro\/?p=12605#breadcrumb"},"inLanguage":"ro-RO","potentialAction":[{"@type":"ReadAction","target":["https:\/\/cronicahd.ro\/?p=12605"]}]},{"@type":"ImageObject","inLanguage":"ro-RO","@id":"https:\/\/cronicahd.ro\/?p=12605#primaryimage","url":"https:\/\/cronicahd.ro\/wp-content\/uploads\/2026\/09\/IMG_8899.jpeg","contentUrl":"https:\/\/cronicahd.ro\/wp-content\/uploads\/2026\/09\/IMG_8899.jpeg","width":1360,"height":963},{"@type":"BreadcrumbList","@id":"https:\/\/cronicahd.ro\/?p=12605#breadcrumb","itemListElement":[{"@type":"ListItem","position":1,"name":"Prima pagin\u0103","item":"https:\/\/cronicahd.ro\/"},{"@type":"ListItem","position":2,"name":"Pasul V\u00e2lcan, pe harta competi\u021biilor de alergare montan\u0103. 220 de participan\u021bi la competi\u021bia care promoveaz\u0103 Vulcanul"}]},{"@type":"WebSite","@id":"https:\/\/cronicahd.ro\/#website","url":"https:\/\/cronicahd.ro\/","name":"Cronica de Hunedoara","description":"","publisher":{"@id":"https:\/\/cronicahd.ro\/#organization"},"potentialAction":[{"@type":"SearchAction","target":{"@type":"EntryPoint","urlTemplate":"https:\/\/cronicahd.ro\/?s={search_term_string}"},"query-input":{"@type":"PropertyValueSpecification","valueRequired":true,"valueName":"search_term_string"}}],"inLanguage":"ro-RO"},{"@type":"Organization","@id":"https:\/\/cronicahd.ro\/#organization","name":"Cronica de Hunedoara","url":"https:\/\/cronicahd.ro\/","logo":{"@type":"ImageObject","inLanguage":"ro-RO","@id":"https:\/\/cronicahd.ro\/#\/schema\/logo\/image\/","url":"https:\/\/cronicahd.ro\/wp-content\/uploads\/2026\/03\/cropped-crh.jpg","contentUrl":"https:\/\/cronicahd.ro\/wp-content\/uploads\/2026\/03\/cropped-crh.jpg","width":1437,"height":327,"caption":"Cronica de Hunedoara"},"image":{"@id":"https:\/\/cronicahd.ro\/#\/schema\/logo\/image\/"}},{"@type":"Person","@id":"https:\/\/cronicahd.ro\/#\/schema\/person\/d1a1277a8cd166610328e17aaf58bf46","name":"admin","image":{"@type":"ImageObject","inLanguage":"ro-RO","@id":"https:\/\/cronicahd.ro\/#\/schema\/person\/image\/","url":"https:\/\/secure.gravatar.com\/avatar\/24700337280d10898c2e0d19d44a05316bff9fccc941ecc5570ffe41668203f7?s=96&d=mm&r=g","contentUrl":"https:\/\/secure.gravatar.com\/avatar\/24700337280d10898c2e0d19d44a05316bff9fccc941ecc5570ffe41668203f7?s=96&d=mm&r=g","caption":"admin"},"sameAs":["https:\/\/cronicavj.ro"],"url":"https:\/\/cronicahd.ro\/?author=1"}]}},"_links":{"self":[{"href":"https:\/\/cronicahd.ro\/index.php?rest_route=\/wp\/v2\/posts\/12605","targetHints":{"allow":["GET"]}}],"collection":[{"href":"https:\/\/cronicahd.ro\/index.php?rest_route=\/wp\/v2\/posts"}],"about":[{"href":"https:\/\/cronicahd.ro\/index.php?rest_route=\/wp\/v2\/types\/post"}],"author":[{"embeddable":true,"href":"https:\/\/cronicahd.ro\/index.php?rest_route=\/wp\/v2\/users\/1"}],"replies":[{"embeddable":true,"href":"https:\/\/cronicahd.ro\/index.php?rest_route=%2Fwp%2Fv2%2Fcomments&post=12605"}],"version-history":[{"count":1,"href":"https:\/\/cronicahd.ro\/index.php?rest_route=\/wp\/v2\/posts\/12605\/revisions"}],"predecessor-version":[{"id":12608,"href":"https:\/\/cronicahd.ro\/index.php?rest_route=\/wp\/v2\/posts\/12605\/revisions\/12608"}],"wp:featuredmedia":[{"embeddable":true,"href":"https:\/\/cronicahd.ro\/index.php?rest_route=\/wp\/v2\/media\/12606"}],"wp:attachment":[{"href":"https:\/\/cronicahd.ro\/index.php?rest_route=%2Fwp%2Fv2%2Fmedia&parent=12605"}],"wp:term":[{"taxonomy":"category","embeddable":true,"href":"https:\/\/cronicahd.ro\/index.php?rest_route=%2Fwp%2Fv2%2Fcategories&post=12605"},{"taxonomy":"post_tag","embeddable":true,"href":"https:\/\/cronicahd.ro\/index.php?rest_route=%2Fwp%2Fv2%2Ftags&post=12605"}],"curies":[{"name":"wp","href":"https:\/\/api.w.org\/{rel}","templated":true}]}}