{"id":12586,"date":"2026-09-04T11:38:38","date_gmt":"2026-09-04T11:38:38","guid":{"rendered":"https:\/\/cronicahd.ro\/?p=12586"},"modified":"2026-09-04T11:38:38","modified_gmt":"2026-09-04T11:38:38","slug":"45-000-de-elevi-si-prescolari-vor-avea-conditii-mai-bune-de-invatare-prin-investitiile-ce-vor-fi-realizate-prin-programul-regional-vest","status":"publish","type":"post","link":"https:\/\/cronicahd.ro\/?p=12586","title":{"rendered":"45.000 de elevi \u0219i pre\u0219colari vor avea condi\u021bii mai bune de \u00eenv\u0103\u021bare, prin investi\u021biile ce vor fi realizate prin Programul Regional Vest"},"content":{"rendered":"<p class=\"s8\"><span class=\"s9\">Peste 130 de \u0219coli, gr\u0103dini\u021be \u0219i licee din Regiunea Vest vor fi modernizate cu ajutorul fondurilor europene gestionate <\/span><span class=\"s9\">de Agen\u021bia pentru Dezvoltare Regional\u0103 Vest<\/span><span class=\"s9\">. Proiectele contractate prin P<\/span><span class=\"s9\">rogramul <\/span><span class=\"s9\">R<\/span><span class=\"s9\">egional<\/span><span class=\"s9\"> Vest au o valoare total\u0103 de 276 milioane de euro \u0219i vor oferi genera\u021biei urm\u0103toare laboratoare noi, s\u0103li de sport, terenuri de joac\u0103 \u0219i spa\u021bii adaptate nevoilor lor educa\u021bionale.<\/span><\/p>\n<p class=\"s10\"><span class=\"s11\">Noul an \u0219colar \u00eencepe \u00een Regiunea Vest cu investi\u021bii care vor schimba, \u00een urm\u0103torii ani, locul \u00een care zeci de mii de copii \u00ee\u0219i petrec o parte important\u0103 din fiecare zi. \u0218coli \u0219i licee renovate, cl\u0103diri mai eficiente energetic, laboratoare \u00een care elevii vor putea face experimente, s\u0103li de sport \u0219i terenuri de joac\u0103 moderne sunt doar c\u00e2teva dintre rezultatele investi\u021biilor \u00een educa\u021bie ce vor fi realizate prin Programul Regional Vest.<\/span><\/p>\n<p class=\"s10\"><span class=\"s11\">P\u00e2n\u0103 \u00een prezent, 131 de proiecte ce vizeaz\u0103 \u00eenv\u0103\u021b\u0103m\u00e2ntul preuniversitar au fost contractate prin <\/span><span class=\"s11\">P.R.<\/span><span class=\"s11\"> Vest, cu o valoare total\u0103 de 276 de milioane de euro. Din aceast\u0103 sum\u0103, <\/span><span class=\"s9\">214 milioane de euro<\/span><span class=\"s11\"> reprezint\u0103 finan\u021bare nerambursabil\u0103.<\/span><\/p>\n<p class=\"s10\"><span class=\"s11\">Investi\u021biile ajung \u00een toate cele patru jude\u021be ale regiunii:<\/span><\/p>\n<p class=\"s10\"><span class=\"s11\">\u00cen <\/span><span class=\"s9\">Arad<\/span><span class=\"s11\">, sunt \u00een implementare 22 de proiecte cu o valoare total\u0103 de 45 de milioane de euro, dintre care 36 de milioane de euro sunt fonduri nerambursabile. Vor beneficia de ele aproximativ <\/span><span class=\"s9\">5.500 de elevi \u0219i 2<\/span><span class=\"s9\">00<\/span><span class=\"s9\"> de pre\u0219colari<\/span><span class=\"s11\">. <\/span><\/p>\n<p class=\"s10\"><span class=\"s11\">\u00cen <\/span><span class=\"s9\">Cara\u0219-Severin, 4.500 de elevi \u0219i 40<\/span><span class=\"s9\">0<\/span><span class=\"s9\"> pre\u0219colari<\/span><span class=\"s11\"> vor beneficia de modernizarea a 19 \u0219coli, gr\u0103dini\u021be \u0219i licee. 38 de milioane de euro vor fi investi\u021bi aici, dintre care 33 de milioane de euro reprezint\u0103 finan\u021bare nerambursabil\u0103.<\/span><\/p>\n<p class=\"s10\"><span class=\"s11\">\u00cen <\/span><span class=\"s9\">Hunedoara<\/span><span class=\"s11\">, vor fi investi\u021bi 82 de milioane de euro \u00een 49 de \u0219coli, gr\u0103dini\u021be \u0219i licee. Din aceast\u0103 sum\u0103, 68 de milioane de euro reprezint\u0103 finan\u021bare nerambursabil\u0103. <\/span><span class=\"s9\">19.500 de elevi \u0219i 2.000 de pre\u0219colari <\/span><span class=\"s11\">vor beneficia de condi\u021bii mai bune de \u00eenv\u0103\u021bare.<\/span><\/p>\n<p class=\"s10\"><span class=\"s11\">\u00cen <\/span><span class=\"s9\">Timi\u0219, 12.000 de elevi \u0219i 1.300 de pre\u0219colari<\/span><span class=\"s11\"> se vor bucura de investi\u021biile cu o valoare total\u0103 de peste 111 milioane de euro, dintre care 78 de milioane de euro reprezint\u0103 finan\u021bare nerambursabil\u0103. 41 de \u0219coli, gr\u0103dini\u021be \u0219i licee urmeaz\u0103 s\u0103 fie modernizate aici, prin Programul Regional Vest.<\/span><\/p>\n<p class=\"s10\"><span class=\"s11\">Investi\u021biile \u00een educa\u021bie nu se rezum\u0103 \u00eens\u0103 la ora\u0219e. O parte important\u0103 a banilor ajunge acolo unde accesul la infrastructur\u0103 educa\u021bional\u0103 modern\u0103 este esen\u021bial: <\/span><span class=\"s9\">\u00een comunit\u0103\u021bile rurale<\/span><span class=\"s11\">.<\/span><\/p>\n<p class=\"s10\"><span class=\"s11\">49 dintre cele 131 de proiecte vor fi implementate \u00een comunele din Regiunea Vest. <\/span><span class=\"s9\">8.500 de elevi \u0219i 1.000 de pre\u0219colari din mediul rural<\/span><span class=\"s11\"> vor avea acces la spa\u021bii de \u00eenv\u0103\u021bare \u0219i dot\u0103ri<\/span> <span class=\"s11\">moderne, \u00een urma unor investi\u021bii cu o valoare total\u0103 de aproximativ 105 milioane de euro, dintre care 79 de milioane de euro reprezint\u0103 finan\u021bare nerambursabil\u0103.<\/span><\/p>\n<p class=\"s10\"><span class=\"s11\">Alte proiecte cu o valoare nerambursabil\u0103 de <\/span><span class=\"s9\">peste 30 de milioane de euro<\/span><span class=\"s11\">, depuse pe apelurile dedicate educa\u021biei preuniversitare, din cadrul Programului Regional Vest, se afl\u0103 \u00een faza de evaluare, astfel c\u0103 num\u0103rul elevilor \u0219i pre\u0219colarilor care vor beneficia de condi\u021bii moderne de \u00eenv\u0103\u021bare va cre\u0219te.<\/span><\/p>\n<p class=\"s10\"><span class=\"s11\">\u201e<\/span><span class=\"s12\">Investi\u021biile \u00een educa\u021bie sunt, poate, cele mai importante investi\u021bii pe care le putem face \u00eentr-o regiune. Pentru c\u0103, dincolo de \u0219coli mai frumoase, cre\u0103m locuri \u00een care copiii pot descoperi ce le place, ce \u0219tiu s\u0103 fac\u0103 \u0219i ce vor s\u0103 devin\u0103. Ne dorim ca un copil <\/span><span class=\"s12\">din<\/span><span class=\"s12\"> Regiunea Vest<\/span><span class=\"s12\">, indiferent c\u0103 \u00eenva\u021b\u0103 la ora\u0219 sau la sat, <\/span><span class=\"s12\">s\u0103 aib\u0103 acces la acelea\u0219i condi\u021bii pe care le-ar g\u0103si \u00eentr-o \u0219coal\u0103 modern\u0103 dintr-un mare ora\u0219 european. Iar aceste proiecte ne apropie de acest obiectiv<\/span><span class=\"s11\">\u201d, spune Sorin Maxim, directorul general al Agen\u021biei pentru Dezvoltare Regional\u0103 Vest.<\/span><\/p>\n<p class=\"s10\"><span class=\"s11\">Noile investi\u021bii se adaug\u0103 unui efort sus\u021binut de modernizare a infrastructurii educa\u021bionale din Regiunea Vest. \u00cen ultimul deceniu, prin programele gestionate de ADR Vest, peste <\/span><span class=\"s9\">230 de <\/span><span class=\"s9\">milioane de euro<\/span><span class=\"s11\"> au fost investi\u021bi<\/span> <span class=\"s11\">\u00een sistemul educa\u021bional din jude\u021bele Arad, Cara\u0219-Severin, Hunedoara \u0219i Timi\u0219.<\/span><\/p>\n<p class=\"s10\"><span class=\"s11\">\u00cen urma acestor proiecte, <\/span><span class=\"s9\">150 de \u0219coli, gr\u0103dini\u021be \u0219i cre\u0219e<\/span><span class=\"s11\">au fost modernizate, iar peste <\/span><span class=\"s9\">33.000 de elevi \u0219i pre\u0219colari<\/span><span class=\"s11\">beneficiaz\u0103 deja de condi\u021bii mai bune de \u00eenv\u0103\u021bare \u0219i de dot\u0103ri adaptate cerin\u021belor actuale.<\/span><\/p>\n<p>Ionut Suciu<\/p>\n","protected":false},"excerpt":{"rendered":"<p>Peste 130 de \u0219coli, gr\u0103dini\u021be \u0219i licee din Regiunea Vest vor fi modernizate cu ajutorul&#8230;<\/p>\n","protected":false},"author":1,"featured_media":12587,"comment_status":"closed","ping_status":"closed","sticky":false,"template":"","format":"standard","meta":{"footnotes":""},"categories":[1,12],"tags":[],"class_list":["post-12586","post","type-post","status-publish","format-standard","has-post-thumbnail","hentry","category-actual","category-invatamant"],"yoast_head":"<!-- This site is optimized with the Yoast SEO plugin v25.3.1 - https:\/\/yoast.com\/wordpress\/plugins\/seo\/ -->\n<title>45.000 de elevi \u0219i pre\u0219colari vor avea condi\u021bii mai bune de \u00eenv\u0103\u021bare, prin investi\u021biile ce vor fi realizate prin Programul Regional Vest - Cronica de Hunedoara<\/title>\n<meta name=\"robots\" content=\"index, follow, max-snippet:-1, max-image-preview:large, max-video-preview:-1\" \/>\n<link rel=\"canonical\" href=\"https:\/\/cronicahd.ro\/?p=12586\" \/>\n<meta property=\"og:locale\" content=\"ro_RO\" \/>\n<meta property=\"og:type\" content=\"article\" \/>\n<meta property=\"og:title\" content=\"45.000 de elevi \u0219i pre\u0219colari vor avea condi\u021bii mai bune de \u00eenv\u0103\u021bare, prin investi\u021biile ce vor fi realizate prin Programul Regional Vest - Cronica de Hunedoara\" \/>\n<meta property=\"og:description\" content=\"Peste 130 de \u0219coli, gr\u0103dini\u021be \u0219i licee din Regiunea Vest vor fi modernizate cu ajutorul...\" \/>\n<meta property=\"og:url\" content=\"https:\/\/cronicahd.ro\/?p=12586\" \/>\n<meta property=\"og:site_name\" content=\"Cronica de Hunedoara\" \/>\n<meta property=\"article:published_time\" content=\"2026-09-04T11:38:38+00:00\" \/>\n<meta property=\"og:image\" content=\"https:\/\/cronicahd.ro\/wp-content\/uploads\/2026\/09\/PR-VEST-2.jpeg\" \/>\n\t<meta property=\"og:image:width\" content=\"2048\" \/>\n\t<meta property=\"og:image:height\" content=\"1365\" \/>\n\t<meta property=\"og:image:type\" content=\"image\/jpeg\" \/>\n<meta name=\"author\" content=\"admin\" \/>\n<meta name=\"twitter:card\" content=\"summary_large_image\" \/>\n<meta name=\"twitter:label1\" content=\"Scris de\" \/>\n\t<meta name=\"twitter:data1\" content=\"admin\" \/>\n\t<meta name=\"twitter:label2\" content=\"Timp estimat pentru citire\" \/>\n\t<meta name=\"twitter:data2\" content=\"4 minute\" \/>\n<script type=\"application\/ld+json\" class=\"yoast-schema-graph\">{\"@context\":\"https:\/\/schema.org\",\"@graph\":[{\"@type\":\"Article\",\"@id\":\"https:\/\/cronicahd.ro\/?p=12586#article\",\"isPartOf\":{\"@id\":\"https:\/\/cronicahd.ro\/?p=12586\"},\"author\":{\"name\":\"admin\",\"@id\":\"https:\/\/cronicahd.ro\/#\/schema\/person\/d1a1277a8cd166610328e17aaf58bf46\"},\"headline\":\"45.000 de elevi \u0219i pre\u0219colari vor avea condi\u021bii mai bune de \u00eenv\u0103\u021bare, prin investi\u021biile ce vor fi realizate prin Programul Regional Vest\",\"datePublished\":\"2026-09-04T11:38:38+00:00\",\"mainEntityOfPage\":{\"@id\":\"https:\/\/cronicahd.ro\/?p=12586\"},\"wordCount\":721,\"publisher\":{\"@id\":\"https:\/\/cronicahd.ro\/#organization\"},\"image\":{\"@id\":\"https:\/\/cronicahd.ro\/?p=12586#primaryimage\"},\"thumbnailUrl\":\"https:\/\/cronicahd.ro\/wp-content\/uploads\/2026\/09\/PR-VEST-2.jpeg\",\"articleSection\":[\"Actualitate\",\"invatamant\"],\"inLanguage\":\"ro-RO\"},{\"@type\":\"WebPage\",\"@id\":\"https:\/\/cronicahd.ro\/?p=12586\",\"url\":\"https:\/\/cronicahd.ro\/?p=12586\",\"name\":\"45.000 de elevi \u0219i pre\u0219colari vor avea condi\u021bii mai bune de \u00eenv\u0103\u021bare, prin investi\u021biile ce vor fi realizate prin Programul Regional Vest - Cronica de Hunedoara\",\"isPartOf\":{\"@id\":\"https:\/\/cronicahd.ro\/#website\"},\"primaryImageOfPage\":{\"@id\":\"https:\/\/cronicahd.ro\/?p=12586#primaryimage\"},\"image\":{\"@id\":\"https:\/\/cronicahd.ro\/?p=12586#primaryimage\"},\"thumbnailUrl\":\"https:\/\/cronicahd.ro\/wp-content\/uploads\/2026\/09\/PR-VEST-2.jpeg\",\"datePublished\":\"2026-09-04T11:38:38+00:00\",\"breadcrumb\":{\"@id\":\"https:\/\/cronicahd.ro\/?p=12586#breadcrumb\"},\"inLanguage\":\"ro-RO\",\"potentialAction\":[{\"@type\":\"ReadAction\",\"target\":[\"https:\/\/cronicahd.ro\/?p=12586\"]}]},{\"@type\":\"ImageObject\",\"inLanguage\":\"ro-RO\",\"@id\":\"https:\/\/cronicahd.ro\/?p=12586#primaryimage\",\"url\":\"https:\/\/cronicahd.ro\/wp-content\/uploads\/2026\/09\/PR-VEST-2.jpeg\",\"contentUrl\":\"https:\/\/cronicahd.ro\/wp-content\/uploads\/2026\/09\/PR-VEST-2.jpeg\",\"width\":2048,\"height\":1365},{\"@type\":\"BreadcrumbList\",\"@id\":\"https:\/\/cronicahd.ro\/?p=12586#breadcrumb\",\"itemListElement\":[{\"@type\":\"ListItem\",\"position\":1,\"name\":\"Prima pagin\u0103\",\"item\":\"https:\/\/cronicahd.ro\/\"},{\"@type\":\"ListItem\",\"position\":2,\"name\":\"45.000 de elevi \u0219i pre\u0219colari vor avea condi\u021bii mai bune de \u00eenv\u0103\u021bare, prin investi\u021biile ce vor fi realizate prin Programul Regional Vest\"}]},{\"@type\":\"WebSite\",\"@id\":\"https:\/\/cronicahd.ro\/#website\",\"url\":\"https:\/\/cronicahd.ro\/\",\"name\":\"Cronica de Hunedoara\",\"description\":\"\",\"publisher\":{\"@id\":\"https:\/\/cronicahd.ro\/#organization\"},\"potentialAction\":[{\"@type\":\"SearchAction\",\"target\":{\"@type\":\"EntryPoint\",\"urlTemplate\":\"https:\/\/cronicahd.ro\/?s={search_term_string}\"},\"query-input\":{\"@type\":\"PropertyValueSpecification\",\"valueRequired\":true,\"valueName\":\"search_term_string\"}}],\"inLanguage\":\"ro-RO\"},{\"@type\":\"Organization\",\"@id\":\"https:\/\/cronicahd.ro\/#organization\",\"name\":\"Cronica de Hunedoara\",\"url\":\"https:\/\/cronicahd.ro\/\",\"logo\":{\"@type\":\"ImageObject\",\"inLanguage\":\"ro-RO\",\"@id\":\"https:\/\/cronicahd.ro\/#\/schema\/logo\/image\/\",\"url\":\"https:\/\/cronicahd.ro\/wp-content\/uploads\/2026\/03\/cropped-crh.jpg\",\"contentUrl\":\"https:\/\/cronicahd.ro\/wp-content\/uploads\/2026\/03\/cropped-crh.jpg\",\"width\":1437,\"height\":327,\"caption\":\"Cronica de Hunedoara\"},\"image\":{\"@id\":\"https:\/\/cronicahd.ro\/#\/schema\/logo\/image\/\"}},{\"@type\":\"Person\",\"@id\":\"https:\/\/cronicahd.ro\/#\/schema\/person\/d1a1277a8cd166610328e17aaf58bf46\",\"name\":\"admin\",\"image\":{\"@type\":\"ImageObject\",\"inLanguage\":\"ro-RO\",\"@id\":\"https:\/\/cronicahd.ro\/#\/schema\/person\/image\/\",\"url\":\"https:\/\/secure.gravatar.com\/avatar\/24700337280d10898c2e0d19d44a05316bff9fccc941ecc5570ffe41668203f7?s=96&d=mm&r=g\",\"contentUrl\":\"https:\/\/secure.gravatar.com\/avatar\/24700337280d10898c2e0d19d44a05316bff9fccc941ecc5570ffe41668203f7?s=96&d=mm&r=g\",\"caption\":\"admin\"},\"sameAs\":[\"https:\/\/cronicavj.ro\"],\"url\":\"https:\/\/cronicahd.ro\/?author=1\"}]}<\/script>\n<!-- \/ Yoast SEO plugin. -->","yoast_head_json":{"title":"45.000 de elevi \u0219i pre\u0219colari vor avea condi\u021bii mai bune de \u00eenv\u0103\u021bare, prin investi\u021biile ce vor fi realizate prin Programul Regional Vest - Cronica de Hunedoara","robots":{"index":"index","follow":"follow","max-snippet":"max-snippet:-1","max-image-preview":"max-image-preview:large","max-video-preview":"max-video-preview:-1"},"canonical":"https:\/\/cronicahd.ro\/?p=12586","og_locale":"ro_RO","og_type":"article","og_title":"45.000 de elevi \u0219i pre\u0219colari vor avea condi\u021bii mai bune de \u00eenv\u0103\u021bare, prin investi\u021biile ce vor fi realizate prin Programul Regional Vest - Cronica de Hunedoara","og_description":"Peste 130 de \u0219coli, gr\u0103dini\u021be \u0219i licee din Regiunea Vest vor fi modernizate cu ajutorul...","og_url":"https:\/\/cronicahd.ro\/?p=12586","og_site_name":"Cronica de Hunedoara","article_published_time":"2026-09-04T11:38:38+00:00","og_image":[{"width":2048,"height":1365,"url":"https:\/\/cronicahd.ro\/wp-content\/uploads\/2026\/09\/PR-VEST-2.jpeg","type":"image\/jpeg"}],"author":"admin","twitter_card":"summary_large_image","twitter_misc":{"Scris de":"admin","Timp estimat pentru citire":"4 minute"},"schema":{"@context":"https:\/\/schema.org","@graph":[{"@type":"Article","@id":"https:\/\/cronicahd.ro\/?p=12586#article","isPartOf":{"@id":"https:\/\/cronicahd.ro\/?p=12586"},"author":{"name":"admin","@id":"https:\/\/cronicahd.ro\/#\/schema\/person\/d1a1277a8cd166610328e17aaf58bf46"},"headline":"45.000 de elevi \u0219i pre\u0219colari vor avea condi\u021bii mai bune de \u00eenv\u0103\u021bare, prin investi\u021biile ce vor fi realizate prin Programul Regional Vest","datePublished":"2026-09-04T11:38:38+00:00","mainEntityOfPage":{"@id":"https:\/\/cronicahd.ro\/?p=12586"},"wordCount":721,"publisher":{"@id":"https:\/\/cronicahd.ro\/#organization"},"image":{"@id":"https:\/\/cronicahd.ro\/?p=12586#primaryimage"},"thumbnailUrl":"https:\/\/cronicahd.ro\/wp-content\/uploads\/2026\/09\/PR-VEST-2.jpeg","articleSection":["Actualitate","invatamant"],"inLanguage":"ro-RO"},{"@type":"WebPage","@id":"https:\/\/cronicahd.ro\/?p=12586","url":"https:\/\/cronicahd.ro\/?p=12586","name":"45.000 de elevi \u0219i pre\u0219colari vor avea condi\u021bii mai bune de \u00eenv\u0103\u021bare, prin investi\u021biile ce vor fi realizate prin Programul Regional Vest - Cronica de Hunedoara","isPartOf":{"@id":"https:\/\/cronicahd.ro\/#website"},"primaryImageOfPage":{"@id":"https:\/\/cronicahd.ro\/?p=12586#primaryimage"},"image":{"@id":"https:\/\/cronicahd.ro\/?p=12586#primaryimage"},"thumbnailUrl":"https:\/\/cronicahd.ro\/wp-content\/uploads\/2026\/09\/PR-VEST-2.jpeg","datePublished":"2026-09-04T11:38:38+00:00","breadcrumb":{"@id":"https:\/\/cronicahd.ro\/?p=12586#breadcrumb"},"inLanguage":"ro-RO","potentialAction":[{"@type":"ReadAction","target":["https:\/\/cronicahd.ro\/?p=12586"]}]},{"@type":"ImageObject","inLanguage":"ro-RO","@id":"https:\/\/cronicahd.ro\/?p=12586#primaryimage","url":"https:\/\/cronicahd.ro\/wp-content\/uploads\/2026\/09\/PR-VEST-2.jpeg","contentUrl":"https:\/\/cronicahd.ro\/wp-content\/uploads\/2026\/09\/PR-VEST-2.jpeg","width":2048,"height":1365},{"@type":"BreadcrumbList","@id":"https:\/\/cronicahd.ro\/?p=12586#breadcrumb","itemListElement":[{"@type":"ListItem","position":1,"name":"Prima pagin\u0103","item":"https:\/\/cronicahd.ro\/"},{"@type":"ListItem","position":2,"name":"45.000 de elevi \u0219i pre\u0219colari vor avea condi\u021bii mai bune de \u00eenv\u0103\u021bare, prin investi\u021biile ce vor fi realizate prin Programul Regional Vest"}]},{"@type":"WebSite","@id":"https:\/\/cronicahd.ro\/#website","url":"https:\/\/cronicahd.ro\/","name":"Cronica de Hunedoara","description":"","publisher":{"@id":"https:\/\/cronicahd.ro\/#organization"},"potentialAction":[{"@type":"SearchAction","target":{"@type":"EntryPoint","urlTemplate":"https:\/\/cronicahd.ro\/?s={search_term_string}"},"query-input":{"@type":"PropertyValueSpecification","valueRequired":true,"valueName":"search_term_string"}}],"inLanguage":"ro-RO"},{"@type":"Organization","@id":"https:\/\/cronicahd.ro\/#organization","name":"Cronica de Hunedoara","url":"https:\/\/cronicahd.ro\/","logo":{"@type":"ImageObject","inLanguage":"ro-RO","@id":"https:\/\/cronicahd.ro\/#\/schema\/logo\/image\/","url":"https:\/\/cronicahd.ro\/wp-content\/uploads\/2026\/03\/cropped-crh.jpg","contentUrl":"https:\/\/cronicahd.ro\/wp-content\/uploads\/2026\/03\/cropped-crh.jpg","width":1437,"height":327,"caption":"Cronica de Hunedoara"},"image":{"@id":"https:\/\/cronicahd.ro\/#\/schema\/logo\/image\/"}},{"@type":"Person","@id":"https:\/\/cronicahd.ro\/#\/schema\/person\/d1a1277a8cd166610328e17aaf58bf46","name":"admin","image":{"@type":"ImageObject","inLanguage":"ro-RO","@id":"https:\/\/cronicahd.ro\/#\/schema\/person\/image\/","url":"https:\/\/secure.gravatar.com\/avatar\/24700337280d10898c2e0d19d44a05316bff9fccc941ecc5570ffe41668203f7?s=96&d=mm&r=g","contentUrl":"https:\/\/secure.gravatar.com\/avatar\/24700337280d10898c2e0d19d44a05316bff9fccc941ecc5570ffe41668203f7?s=96&d=mm&r=g","caption":"admin"},"sameAs":["https:\/\/cronicavj.ro"],"url":"https:\/\/cronicahd.ro\/?author=1"}]}},"_links":{"self":[{"href":"https:\/\/cronicahd.ro\/index.php?rest_route=\/wp\/v2\/posts\/12586","targetHints":{"allow":["GET"]}}],"collection":[{"href":"https:\/\/cronicahd.ro\/index.php?rest_route=\/wp\/v2\/posts"}],"about":[{"href":"https:\/\/cronicahd.ro\/index.php?rest_route=\/wp\/v2\/types\/post"}],"author":[{"embeddable":true,"href":"https:\/\/cronicahd.ro\/index.php?rest_route=\/wp\/v2\/users\/1"}],"replies":[{"embeddable":true,"href":"https:\/\/cronicahd.ro\/index.php?rest_route=%2Fwp%2Fv2%2Fcomments&post=12586"}],"version-history":[{"count":1,"href":"https:\/\/cronicahd.ro\/index.php?rest_route=\/wp\/v2\/posts\/12586\/revisions"}],"predecessor-version":[{"id":12588,"href":"https:\/\/cronicahd.ro\/index.php?rest_route=\/wp\/v2\/posts\/12586\/revisions\/12588"}],"wp:featuredmedia":[{"embeddable":true,"href":"https:\/\/cronicahd.ro\/index.php?rest_route=\/wp\/v2\/media\/12587"}],"wp:attachment":[{"href":"https:\/\/cronicahd.ro\/index.php?rest_route=%2Fwp%2Fv2%2Fmedia&parent=12586"}],"wp:term":[{"taxonomy":"category","embeddable":true,"href":"https:\/\/cronicahd.ro\/index.php?rest_route=%2Fwp%2Fv2%2Fcategories&post=12586"},{"taxonomy":"post_tag","embeddable":true,"href":"https:\/\/cronicahd.ro\/index.php?rest_route=%2Fwp%2Fv2%2Ftags&post=12586"}],"curies":[{"name":"wp","href":"https:\/\/api.w.org\/{rel}","templated":true}]}}