{"id":12579,"date":"2026-09-04T09:58:00","date_gmt":"2026-09-04T09:58:00","guid":{"rendered":"https:\/\/cronicahd.ro\/?p=12579"},"modified":"2026-09-04T09:58:00","modified_gmt":"2026-09-04T09:58:00","slug":"inchideri-de-circulatie-la-deva-cu-ocazia-desfasurarii-evenimentului-citadela-e-bike-si-citadela-xcm","status":"publish","type":"post","link":"https:\/\/cronicahd.ro\/?p=12579","title":{"rendered":"\u00cenchideri de circula\u021bie la Deva cu ocazia desf\u0103\u0219ur\u0103rii evenimentului ,,Citadela E-Bike \u0219i Citadela XCM\u201d"},"content":{"rendered":"<p>Pentru buna desf\u0103\u0219urare a evenimentului ciclist ,,Citadela E-Bike \u0219i Citadela XCM\u201d care va avea loc \u00een municipiul Deva, \u00een data de 5 septembrie 2026, circula\u021bia rutier\u0103 va fi \u00eenchis\u0103\/restric\u021bionat\u0103, dup\u0103 cum urmeaz\u0103:<\/p>\n<p>&#8211; Strada Lucian Blaga \u0219i strada Aurel Vlaicu (tronsonul de drum cuprins \u00eentre intersec\u021bia cu strada Lucian Blaga \u0219i intersec\u021bie cu strada 1 Decembrie 1918) vor fi \u00eenchise \u00een data de 5 septembrie, \u00eentre orele10:30 \u2013 12:30.<\/p>\n<p>Totodat\u0103, accesul autovehiculelor va fi restric\u021bionat \u00een parcarea din fa\u021ba sediului Observatorului Seismologic Deva de pe strada \u0218tefan Octavian Iosif, \u00eencep\u00e2nd din data de 4 septembrie, ora 21:30 \u0219i p\u00e2n\u0103 la \u00eencheierea activit\u0103\u021bilor din data de 5 septembrie 2026.<\/p>\n<p>Prim\u0103ria Municipiului Deva \u0219i organizatorii le mul\u021bumesc participan\u021bilor la traficul rutier pentru \u00een\u021belegerea de care dau dovad\u0103.<\/p>\n<p>&nbsp;<\/p>\n<p>Compartimentul de pres\u0103 al Prim\u0103riei Municipiului Deva<\/p>\n<p>&nbsp;<\/p>\n<p>&nbsp;<\/p>\n","protected":false},"excerpt":{"rendered":"<p>Pentru buna desf\u0103\u0219urare a evenimentului ciclist ,,Citadela E-Bike \u0219i Citadela XCM\u201d care va avea loc&#8230;<\/p>\n","protected":false},"author":1,"featured_media":12580,"comment_status":"closed","ping_status":"closed","sticky":false,"template":"","format":"standard","meta":{"footnotes":""},"categories":[1,9],"tags":[],"class_list":["post-12579","post","type-post","status-publish","format-standard","has-post-thumbnail","hentry","category-actual","category-sport"],"yoast_head":"<!-- This site is optimized with the Yoast SEO plugin v25.3.1 - https:\/\/yoast.com\/wordpress\/plugins\/seo\/ -->\n<title>\u00cenchideri de circula\u021bie la Deva cu ocazia desf\u0103\u0219ur\u0103rii evenimentului ,,Citadela E-Bike \u0219i Citadela XCM\u201d - Cronica de Hunedoara<\/title>\n<meta name=\"robots\" content=\"index, follow, max-snippet:-1, max-image-preview:large, max-video-preview:-1\" \/>\n<link rel=\"canonical\" href=\"https:\/\/cronicahd.ro\/?p=12579\" \/>\n<meta property=\"og:locale\" content=\"ro_RO\" \/>\n<meta property=\"og:type\" content=\"article\" \/>\n<meta property=\"og:title\" content=\"\u00cenchideri de circula\u021bie la Deva cu ocazia desf\u0103\u0219ur\u0103rii evenimentului ,,Citadela E-Bike \u0219i Citadela XCM\u201d - Cronica de Hunedoara\" \/>\n<meta property=\"og:description\" content=\"Pentru buna desf\u0103\u0219urare a evenimentului ciclist ,,Citadela E-Bike \u0219i Citadela XCM\u201d care va avea loc...\" \/>\n<meta property=\"og:url\" content=\"https:\/\/cronicahd.ro\/?p=12579\" \/>\n<meta property=\"og:site_name\" content=\"Cronica de Hunedoara\" \/>\n<meta property=\"article:published_time\" content=\"2026-09-04T09:58:00+00:00\" \/>\n<meta property=\"og:image\" content=\"https:\/\/cronicahd.ro\/wp-content\/uploads\/2026\/09\/afis-restrictii-circulatie-ziua.jpeg\" \/>\n\t<meta property=\"og:image:width\" content=\"1254\" \/>\n\t<meta property=\"og:image:height\" content=\"1254\" \/>\n\t<meta property=\"og:image:type\" content=\"image\/jpeg\" \/>\n<meta name=\"author\" content=\"admin\" \/>\n<meta name=\"twitter:card\" content=\"summary_large_image\" \/>\n<meta name=\"twitter:label1\" content=\"Scris de\" \/>\n\t<meta name=\"twitter:data1\" content=\"admin\" \/>\n\t<meta name=\"twitter:label2\" content=\"Timp estimat pentru citire\" \/>\n\t<meta name=\"twitter:data2\" content=\"1 minut\" \/>\n<script type=\"application\/ld+json\" class=\"yoast-schema-graph\">{\"@context\":\"https:\/\/schema.org\",\"@graph\":[{\"@type\":\"Article\",\"@id\":\"https:\/\/cronicahd.ro\/?p=12579#article\",\"isPartOf\":{\"@id\":\"https:\/\/cronicahd.ro\/?p=12579\"},\"author\":{\"name\":\"admin\",\"@id\":\"https:\/\/cronicahd.ro\/#\/schema\/person\/d1a1277a8cd166610328e17aaf58bf46\"},\"headline\":\"\u00cenchideri de circula\u021bie la Deva cu ocazia desf\u0103\u0219ur\u0103rii evenimentului ,,Citadela E-Bike \u0219i Citadela XCM\u201d\",\"datePublished\":\"2026-09-04T09:58:00+00:00\",\"mainEntityOfPage\":{\"@id\":\"https:\/\/cronicahd.ro\/?p=12579\"},\"wordCount\":157,\"publisher\":{\"@id\":\"https:\/\/cronicahd.ro\/#organization\"},\"image\":{\"@id\":\"https:\/\/cronicahd.ro\/?p=12579#primaryimage\"},\"thumbnailUrl\":\"https:\/\/cronicahd.ro\/wp-content\/uploads\/2026\/09\/afis-restrictii-circulatie-ziua.jpeg\",\"articleSection\":[\"Actualitate\",\"Sport\"],\"inLanguage\":\"ro-RO\"},{\"@type\":\"WebPage\",\"@id\":\"https:\/\/cronicahd.ro\/?p=12579\",\"url\":\"https:\/\/cronicahd.ro\/?p=12579\",\"name\":\"\u00cenchideri de circula\u021bie la Deva cu ocazia desf\u0103\u0219ur\u0103rii evenimentului ,,Citadela E-Bike \u0219i Citadela XCM\u201d - Cronica de Hunedoara\",\"isPartOf\":{\"@id\":\"https:\/\/cronicahd.ro\/#website\"},\"primaryImageOfPage\":{\"@id\":\"https:\/\/cronicahd.ro\/?p=12579#primaryimage\"},\"image\":{\"@id\":\"https:\/\/cronicahd.ro\/?p=12579#primaryimage\"},\"thumbnailUrl\":\"https:\/\/cronicahd.ro\/wp-content\/uploads\/2026\/09\/afis-restrictii-circulatie-ziua.jpeg\",\"datePublished\":\"2026-09-04T09:58:00+00:00\",\"breadcrumb\":{\"@id\":\"https:\/\/cronicahd.ro\/?p=12579#breadcrumb\"},\"inLanguage\":\"ro-RO\",\"potentialAction\":[{\"@type\":\"ReadAction\",\"target\":[\"https:\/\/cronicahd.ro\/?p=12579\"]}]},{\"@type\":\"ImageObject\",\"inLanguage\":\"ro-RO\",\"@id\":\"https:\/\/cronicahd.ro\/?p=12579#primaryimage\",\"url\":\"https:\/\/cronicahd.ro\/wp-content\/uploads\/2026\/09\/afis-restrictii-circulatie-ziua.jpeg\",\"contentUrl\":\"https:\/\/cronicahd.ro\/wp-content\/uploads\/2026\/09\/afis-restrictii-circulatie-ziua.jpeg\",\"width\":1254,\"height\":1254},{\"@type\":\"BreadcrumbList\",\"@id\":\"https:\/\/cronicahd.ro\/?p=12579#breadcrumb\",\"itemListElement\":[{\"@type\":\"ListItem\",\"position\":1,\"name\":\"Prima pagin\u0103\",\"item\":\"https:\/\/cronicahd.ro\/\"},{\"@type\":\"ListItem\",\"position\":2,\"name\":\"\u00cenchideri de circula\u021bie la Deva cu ocazia desf\u0103\u0219ur\u0103rii evenimentului ,,Citadela E-Bike \u0219i Citadela XCM\u201d\"}]},{\"@type\":\"WebSite\",\"@id\":\"https:\/\/cronicahd.ro\/#website\",\"url\":\"https:\/\/cronicahd.ro\/\",\"name\":\"Cronica de Hunedoara\",\"description\":\"\",\"publisher\":{\"@id\":\"https:\/\/cronicahd.ro\/#organization\"},\"potentialAction\":[{\"@type\":\"SearchAction\",\"target\":{\"@type\":\"EntryPoint\",\"urlTemplate\":\"https:\/\/cronicahd.ro\/?s={search_term_string}\"},\"query-input\":{\"@type\":\"PropertyValueSpecification\",\"valueRequired\":true,\"valueName\":\"search_term_string\"}}],\"inLanguage\":\"ro-RO\"},{\"@type\":\"Organization\",\"@id\":\"https:\/\/cronicahd.ro\/#organization\",\"name\":\"Cronica de Hunedoara\",\"url\":\"https:\/\/cronicahd.ro\/\",\"logo\":{\"@type\":\"ImageObject\",\"inLanguage\":\"ro-RO\",\"@id\":\"https:\/\/cronicahd.ro\/#\/schema\/logo\/image\/\",\"url\":\"https:\/\/cronicahd.ro\/wp-content\/uploads\/2026\/03\/cropped-crh.jpg\",\"contentUrl\":\"https:\/\/cronicahd.ro\/wp-content\/uploads\/2026\/03\/cropped-crh.jpg\",\"width\":1437,\"height\":327,\"caption\":\"Cronica de Hunedoara\"},\"image\":{\"@id\":\"https:\/\/cronicahd.ro\/#\/schema\/logo\/image\/\"}},{\"@type\":\"Person\",\"@id\":\"https:\/\/cronicahd.ro\/#\/schema\/person\/d1a1277a8cd166610328e17aaf58bf46\",\"name\":\"admin\",\"image\":{\"@type\":\"ImageObject\",\"inLanguage\":\"ro-RO\",\"@id\":\"https:\/\/cronicahd.ro\/#\/schema\/person\/image\/\",\"url\":\"https:\/\/secure.gravatar.com\/avatar\/24700337280d10898c2e0d19d44a05316bff9fccc941ecc5570ffe41668203f7?s=96&d=mm&r=g\",\"contentUrl\":\"https:\/\/secure.gravatar.com\/avatar\/24700337280d10898c2e0d19d44a05316bff9fccc941ecc5570ffe41668203f7?s=96&d=mm&r=g\",\"caption\":\"admin\"},\"sameAs\":[\"https:\/\/cronicavj.ro\"],\"url\":\"https:\/\/cronicahd.ro\/?author=1\"}]}<\/script>\n<!-- \/ Yoast SEO plugin. -->","yoast_head_json":{"title":"\u00cenchideri de circula\u021bie la Deva cu ocazia desf\u0103\u0219ur\u0103rii evenimentului ,,Citadela E-Bike \u0219i Citadela XCM\u201d - Cronica de Hunedoara","robots":{"index":"index","follow":"follow","max-snippet":"max-snippet:-1","max-image-preview":"max-image-preview:large","max-video-preview":"max-video-preview:-1"},"canonical":"https:\/\/cronicahd.ro\/?p=12579","og_locale":"ro_RO","og_type":"article","og_title":"\u00cenchideri de circula\u021bie la Deva cu ocazia desf\u0103\u0219ur\u0103rii evenimentului ,,Citadela E-Bike \u0219i Citadela XCM\u201d - Cronica de Hunedoara","og_description":"Pentru buna desf\u0103\u0219urare a evenimentului ciclist ,,Citadela E-Bike \u0219i Citadela XCM\u201d care va avea loc...","og_url":"https:\/\/cronicahd.ro\/?p=12579","og_site_name":"Cronica de Hunedoara","article_published_time":"2026-09-04T09:58:00+00:00","og_image":[{"width":1254,"height":1254,"url":"https:\/\/cronicahd.ro\/wp-content\/uploads\/2026\/09\/afis-restrictii-circulatie-ziua.jpeg","type":"image\/jpeg"}],"author":"admin","twitter_card":"summary_large_image","twitter_misc":{"Scris de":"admin","Timp estimat pentru citire":"1 minut"},"schema":{"@context":"https:\/\/schema.org","@graph":[{"@type":"Article","@id":"https:\/\/cronicahd.ro\/?p=12579#article","isPartOf":{"@id":"https:\/\/cronicahd.ro\/?p=12579"},"author":{"name":"admin","@id":"https:\/\/cronicahd.ro\/#\/schema\/person\/d1a1277a8cd166610328e17aaf58bf46"},"headline":"\u00cenchideri de circula\u021bie la Deva cu ocazia desf\u0103\u0219ur\u0103rii evenimentului ,,Citadela E-Bike \u0219i Citadela XCM\u201d","datePublished":"2026-09-04T09:58:00+00:00","mainEntityOfPage":{"@id":"https:\/\/cronicahd.ro\/?p=12579"},"wordCount":157,"publisher":{"@id":"https:\/\/cronicahd.ro\/#organization"},"image":{"@id":"https:\/\/cronicahd.ro\/?p=12579#primaryimage"},"thumbnailUrl":"https:\/\/cronicahd.ro\/wp-content\/uploads\/2026\/09\/afis-restrictii-circulatie-ziua.jpeg","articleSection":["Actualitate","Sport"],"inLanguage":"ro-RO"},{"@type":"WebPage","@id":"https:\/\/cronicahd.ro\/?p=12579","url":"https:\/\/cronicahd.ro\/?p=12579","name":"\u00cenchideri de circula\u021bie la Deva cu ocazia desf\u0103\u0219ur\u0103rii evenimentului ,,Citadela E-Bike \u0219i Citadela XCM\u201d - Cronica de Hunedoara","isPartOf":{"@id":"https:\/\/cronicahd.ro\/#website"},"primaryImageOfPage":{"@id":"https:\/\/cronicahd.ro\/?p=12579#primaryimage"},"image":{"@id":"https:\/\/cronicahd.ro\/?p=12579#primaryimage"},"thumbnailUrl":"https:\/\/cronicahd.ro\/wp-content\/uploads\/2026\/09\/afis-restrictii-circulatie-ziua.jpeg","datePublished":"2026-09-04T09:58:00+00:00","breadcrumb":{"@id":"https:\/\/cronicahd.ro\/?p=12579#breadcrumb"},"inLanguage":"ro-RO","potentialAction":[{"@type":"ReadAction","target":["https:\/\/cronicahd.ro\/?p=12579"]}]},{"@type":"ImageObject","inLanguage":"ro-RO","@id":"https:\/\/cronicahd.ro\/?p=12579#primaryimage","url":"https:\/\/cronicahd.ro\/wp-content\/uploads\/2026\/09\/afis-restrictii-circulatie-ziua.jpeg","contentUrl":"https:\/\/cronicahd.ro\/wp-content\/uploads\/2026\/09\/afis-restrictii-circulatie-ziua.jpeg","width":1254,"height":1254},{"@type":"BreadcrumbList","@id":"https:\/\/cronicahd.ro\/?p=12579#breadcrumb","itemListElement":[{"@type":"ListItem","position":1,"name":"Prima pagin\u0103","item":"https:\/\/cronicahd.ro\/"},{"@type":"ListItem","position":2,"name":"\u00cenchideri de circula\u021bie la Deva cu ocazia desf\u0103\u0219ur\u0103rii evenimentului ,,Citadela E-Bike \u0219i Citadela XCM\u201d"}]},{"@type":"WebSite","@id":"https:\/\/cronicahd.ro\/#website","url":"https:\/\/cronicahd.ro\/","name":"Cronica de Hunedoara","description":"","publisher":{"@id":"https:\/\/cronicahd.ro\/#organization"},"potentialAction":[{"@type":"SearchAction","target":{"@type":"EntryPoint","urlTemplate":"https:\/\/cronicahd.ro\/?s={search_term_string}"},"query-input":{"@type":"PropertyValueSpecification","valueRequired":true,"valueName":"search_term_string"}}],"inLanguage":"ro-RO"},{"@type":"Organization","@id":"https:\/\/cronicahd.ro\/#organization","name":"Cronica de Hunedoara","url":"https:\/\/cronicahd.ro\/","logo":{"@type":"ImageObject","inLanguage":"ro-RO","@id":"https:\/\/cronicahd.ro\/#\/schema\/logo\/image\/","url":"https:\/\/cronicahd.ro\/wp-content\/uploads\/2026\/03\/cropped-crh.jpg","contentUrl":"https:\/\/cronicahd.ro\/wp-content\/uploads\/2026\/03\/cropped-crh.jpg","width":1437,"height":327,"caption":"Cronica de Hunedoara"},"image":{"@id":"https:\/\/cronicahd.ro\/#\/schema\/logo\/image\/"}},{"@type":"Person","@id":"https:\/\/cronicahd.ro\/#\/schema\/person\/d1a1277a8cd166610328e17aaf58bf46","name":"admin","image":{"@type":"ImageObject","inLanguage":"ro-RO","@id":"https:\/\/cronicahd.ro\/#\/schema\/person\/image\/","url":"https:\/\/secure.gravatar.com\/avatar\/24700337280d10898c2e0d19d44a05316bff9fccc941ecc5570ffe41668203f7?s=96&d=mm&r=g","contentUrl":"https:\/\/secure.gravatar.com\/avatar\/24700337280d10898c2e0d19d44a05316bff9fccc941ecc5570ffe41668203f7?s=96&d=mm&r=g","caption":"admin"},"sameAs":["https:\/\/cronicavj.ro"],"url":"https:\/\/cronicahd.ro\/?author=1"}]}},"_links":{"self":[{"href":"https:\/\/cronicahd.ro\/index.php?rest_route=\/wp\/v2\/posts\/12579","targetHints":{"allow":["GET"]}}],"collection":[{"href":"https:\/\/cronicahd.ro\/index.php?rest_route=\/wp\/v2\/posts"}],"about":[{"href":"https:\/\/cronicahd.ro\/index.php?rest_route=\/wp\/v2\/types\/post"}],"author":[{"embeddable":true,"href":"https:\/\/cronicahd.ro\/index.php?rest_route=\/wp\/v2\/users\/1"}],"replies":[{"embeddable":true,"href":"https:\/\/cronicahd.ro\/index.php?rest_route=%2Fwp%2Fv2%2Fcomments&post=12579"}],"version-history":[{"count":1,"href":"https:\/\/cronicahd.ro\/index.php?rest_route=\/wp\/v2\/posts\/12579\/revisions"}],"predecessor-version":[{"id":12581,"href":"https:\/\/cronicahd.ro\/index.php?rest_route=\/wp\/v2\/posts\/12579\/revisions\/12581"}],"wp:featuredmedia":[{"embeddable":true,"href":"https:\/\/cronicahd.ro\/index.php?rest_route=\/wp\/v2\/media\/12580"}],"wp:attachment":[{"href":"https:\/\/cronicahd.ro\/index.php?rest_route=%2Fwp%2Fv2%2Fmedia&parent=12579"}],"wp:term":[{"taxonomy":"category","embeddable":true,"href":"https:\/\/cronicahd.ro\/index.php?rest_route=%2Fwp%2Fv2%2Fcategories&post=12579"},{"taxonomy":"post_tag","embeddable":true,"href":"https:\/\/cronicahd.ro\/index.php?rest_route=%2Fwp%2Fv2%2Ftags&post=12579"}],"curies":[{"name":"wp","href":"https:\/\/api.w.org\/{rel}","templated":true}]}}