{"id":12573,"date":"2026-09-04T09:55:20","date_gmt":"2026-09-04T09:55:20","guid":{"rendered":"https:\/\/cronicahd.ro\/?p=12573"},"modified":"2026-09-04T09:55:20","modified_gmt":"2026-09-04T09:55:20","slug":"das-deva-copiii-din-familii-vulnerabile-s-au-pregatit-pentru-noul-an-scolar","status":"publish","type":"post","link":"https:\/\/cronicahd.ro\/?p=12573","title":{"rendered":"DAS Deva: Copiii din familii vulnerabile s-au preg\u0103tit pentru noul an \u0219colar"},"content":{"rendered":"<p>20 de copii, cu v\u00e2rste \u00eentre 5 \u0219i 11 ani, din familii vulnerabile, au s\u0103rb\u0103torit, joi, 3 septembrie 2026, \u00eencheierea vacan\u021bei de var\u0103 \u0219i \u00eenceperea noului an \u0219colar, \u00een cadrul unui atelier creativ, desf\u0103surat sub genericul \u201eNe preg\u0103tim pentru \u0219coal\u0103\u201d, organizat de GAL Urban \u201eCetate\u201d Deva \u0219i Direc\u021bia de Asisten\u021b\u0103 Social\u0103 Deva.<\/p>\n<p>Activit\u0103\u021bile s-au derulat pe categorii de v\u00e2rst\u0103 \u0219i au fost concepute astfel \u00eenc\u00e2t s\u0103 stimuleze imagina\u021bia \u0219i creativitatea participan\u021bilor, rezolvarea de probleme, aten\u021bia \u0219i concentrarea, \u00eencrederea \u00een sine, exprimarea emo\u021biilor, socializarea \u0219i lucrul \u00een echip\u0103 \u2013 abilit\u0103\u021bi esen\u021biale, de altfel, pentru dezvoltarea \u0219i performan\u021ba \u0219colar\u0103 a unui copil.<\/p>\n<p>Concret, \u00een cadrul \u00eent\u00e2lnirii, s-au confec\u021bionat creioane uria\u0219e din h\u00e2rtie \u0219i semne de carte cu mesaje motiva\u021bionale \u2013 ideale pentru a-i stimula pe elevi \u00een noul an \u0219colar, dar \u0219i un colaj, imaginat de participan\u021bi ca o \u201e\u0218coal\u0103 subacvatic\u0103\u201d, la care pe\u0219ti\u0219orii exotici \u0219i submarinele \u00eenva\u021b\u0103 \u00eempreun\u0103 secretele vie\u021bii marine.<\/p>\n<p>Pe de alt\u0103 parte, copiii \u0219i-au personalizat sticle pentru ap\u0103 cu stickere amuzante, imagini, litere sau personaje din desene animate &#8211; ca s\u0103 se asigure c\u0103 nu le vor confunda sau pierde la \u0219coal\u0103, au participat la un joc de \u00eendem\u00e2nare \u0219i precizie \u0219i au \u00eenv\u0103\u021bat un c\u00e2ntecel, tocmai potrivit pentru cei care vor trece, luni, pentru prima dat\u0103, pragul \u0219colii.<\/p>\n<p>La finele \u00eent\u00e2lnirii, fiecare participant a plecat acas\u0103 cu daruri oferite de Gal Urban \u201eCetate\u201d Deva \u2013 de la caiete, mape, coper\u021bi \u0219i penare complet echipate pentru \u0219coal\u0103, p\u00e2n\u0103 la dulciuri, b\u0103uturi r\u0103coritoare, baloane colorate \u0219i avioane confec\u021bionate din polistiren \u0219i foarte simplu de montat.<\/p>\n<p>La atelierul creativ au fost prezen\u021bi at\u00e2t pre\u0219colari, c\u00e2t \u0219i elevi de clasele Preg\u0103titoare \u2013 IV, de la \u0218coala Gimnazial\u0103 \u201eAndrei \u0218aguna\u201d, Liceul de Arte \u201eSigismund Todu\u021b\u0103\u201d \u0219i Liceul Tehnologic \u201eGrigore Moisil\u201d.<\/p>\n<p>Ac\u021biunea desf\u0103\u0219urat\u0103 joi face parte din seria activit\u0103\u021bilor pe care Direc\u021bia de Asisten\u021b\u0103 Social\u0103 Deva \u0219i GAL Urban \u201eCetate\u201d Deva le organizeaz\u0103 constant pentru copiii din comunit\u0103\u021bile vulnerabile.<\/p>\n<p>&nbsp;<\/p>\n<p><strong>Direc\u0163ia de Asisten\u0163\u0103 Social\u0103 Deva<\/strong><\/p>\n","protected":false},"excerpt":{"rendered":"<p>20 de copii, cu v\u00e2rste \u00eentre 5 \u0219i 11 ani, din familii vulnerabile, au s\u0103rb\u0103torit,&#8230;<\/p>\n","protected":false},"author":1,"featured_media":12574,"comment_status":"closed","ping_status":"closed","sticky":false,"template":"","format":"standard","meta":{"footnotes":""},"categories":[1,14],"tags":[],"class_list":["post-12573","post","type-post","status-publish","format-standard","has-post-thumbnail","hentry","category-actual","category-social"],"yoast_head":"<!-- This site is optimized with the Yoast SEO plugin v25.3.1 - https:\/\/yoast.com\/wordpress\/plugins\/seo\/ -->\n<title>DAS Deva: Copiii din familii vulnerabile s-au preg\u0103tit pentru noul an \u0219colar - Cronica de Hunedoara<\/title>\n<meta name=\"robots\" content=\"index, follow, max-snippet:-1, max-image-preview:large, max-video-preview:-1\" \/>\n<link rel=\"canonical\" href=\"https:\/\/cronicahd.ro\/?p=12573\" \/>\n<meta property=\"og:locale\" content=\"ro_RO\" \/>\n<meta property=\"og:type\" content=\"article\" \/>\n<meta property=\"og:title\" content=\"DAS Deva: Copiii din familii vulnerabile s-au preg\u0103tit pentru noul an \u0219colar - Cronica de Hunedoara\" \/>\n<meta property=\"og:description\" content=\"20 de copii, cu v\u00e2rste \u00eentre 5 \u0219i 11 ani, din familii vulnerabile, au s\u0103rb\u0103torit,...\" \/>\n<meta property=\"og:url\" content=\"https:\/\/cronicahd.ro\/?p=12573\" \/>\n<meta property=\"og:site_name\" content=\"Cronica de Hunedoara\" \/>\n<meta property=\"article:published_time\" content=\"2026-09-04T09:55:20+00:00\" \/>\n<meta property=\"og:image\" content=\"https:\/\/cronicahd.ro\/wp-content\/uploads\/2026\/09\/1.jpg\" \/>\n\t<meta property=\"og:image:width\" content=\"2100\" \/>\n\t<meta property=\"og:image:height\" content=\"1576\" \/>\n\t<meta property=\"og:image:type\" content=\"image\/jpeg\" \/>\n<meta name=\"author\" content=\"admin\" \/>\n<meta name=\"twitter:card\" content=\"summary_large_image\" \/>\n<meta name=\"twitter:label1\" content=\"Scris de\" \/>\n\t<meta name=\"twitter:data1\" content=\"admin\" \/>\n\t<meta name=\"twitter:label2\" content=\"Timp estimat pentru citire\" \/>\n\t<meta name=\"twitter:data2\" content=\"2 minute\" \/>\n<script type=\"application\/ld+json\" class=\"yoast-schema-graph\">{\"@context\":\"https:\/\/schema.org\",\"@graph\":[{\"@type\":\"Article\",\"@id\":\"https:\/\/cronicahd.ro\/?p=12573#article\",\"isPartOf\":{\"@id\":\"https:\/\/cronicahd.ro\/?p=12573\"},\"author\":{\"name\":\"admin\",\"@id\":\"https:\/\/cronicahd.ro\/#\/schema\/person\/d1a1277a8cd166610328e17aaf58bf46\"},\"headline\":\"DAS Deva: Copiii din familii vulnerabile s-au preg\u0103tit pentru noul an \u0219colar\",\"datePublished\":\"2026-09-04T09:55:20+00:00\",\"mainEntityOfPage\":{\"@id\":\"https:\/\/cronicahd.ro\/?p=12573\"},\"wordCount\":372,\"publisher\":{\"@id\":\"https:\/\/cronicahd.ro\/#organization\"},\"image\":{\"@id\":\"https:\/\/cronicahd.ro\/?p=12573#primaryimage\"},\"thumbnailUrl\":\"https:\/\/cronicahd.ro\/wp-content\/uploads\/2026\/09\/1.jpg\",\"articleSection\":[\"Actualitate\",\"social\"],\"inLanguage\":\"ro-RO\"},{\"@type\":\"WebPage\",\"@id\":\"https:\/\/cronicahd.ro\/?p=12573\",\"url\":\"https:\/\/cronicahd.ro\/?p=12573\",\"name\":\"DAS Deva: Copiii din familii vulnerabile s-au preg\u0103tit pentru noul an \u0219colar - Cronica de Hunedoara\",\"isPartOf\":{\"@id\":\"https:\/\/cronicahd.ro\/#website\"},\"primaryImageOfPage\":{\"@id\":\"https:\/\/cronicahd.ro\/?p=12573#primaryimage\"},\"image\":{\"@id\":\"https:\/\/cronicahd.ro\/?p=12573#primaryimage\"},\"thumbnailUrl\":\"https:\/\/cronicahd.ro\/wp-content\/uploads\/2026\/09\/1.jpg\",\"datePublished\":\"2026-09-04T09:55:20+00:00\",\"breadcrumb\":{\"@id\":\"https:\/\/cronicahd.ro\/?p=12573#breadcrumb\"},\"inLanguage\":\"ro-RO\",\"potentialAction\":[{\"@type\":\"ReadAction\",\"target\":[\"https:\/\/cronicahd.ro\/?p=12573\"]}]},{\"@type\":\"ImageObject\",\"inLanguage\":\"ro-RO\",\"@id\":\"https:\/\/cronicahd.ro\/?p=12573#primaryimage\",\"url\":\"https:\/\/cronicahd.ro\/wp-content\/uploads\/2026\/09\/1.jpg\",\"contentUrl\":\"https:\/\/cronicahd.ro\/wp-content\/uploads\/2026\/09\/1.jpg\",\"width\":2100,\"height\":1576},{\"@type\":\"BreadcrumbList\",\"@id\":\"https:\/\/cronicahd.ro\/?p=12573#breadcrumb\",\"itemListElement\":[{\"@type\":\"ListItem\",\"position\":1,\"name\":\"Prima pagin\u0103\",\"item\":\"https:\/\/cronicahd.ro\/\"},{\"@type\":\"ListItem\",\"position\":2,\"name\":\"DAS Deva: Copiii din familii vulnerabile s-au preg\u0103tit pentru noul an \u0219colar\"}]},{\"@type\":\"WebSite\",\"@id\":\"https:\/\/cronicahd.ro\/#website\",\"url\":\"https:\/\/cronicahd.ro\/\",\"name\":\"Cronica de Hunedoara\",\"description\":\"\",\"publisher\":{\"@id\":\"https:\/\/cronicahd.ro\/#organization\"},\"potentialAction\":[{\"@type\":\"SearchAction\",\"target\":{\"@type\":\"EntryPoint\",\"urlTemplate\":\"https:\/\/cronicahd.ro\/?s={search_term_string}\"},\"query-input\":{\"@type\":\"PropertyValueSpecification\",\"valueRequired\":true,\"valueName\":\"search_term_string\"}}],\"inLanguage\":\"ro-RO\"},{\"@type\":\"Organization\",\"@id\":\"https:\/\/cronicahd.ro\/#organization\",\"name\":\"Cronica de Hunedoara\",\"url\":\"https:\/\/cronicahd.ro\/\",\"logo\":{\"@type\":\"ImageObject\",\"inLanguage\":\"ro-RO\",\"@id\":\"https:\/\/cronicahd.ro\/#\/schema\/logo\/image\/\",\"url\":\"https:\/\/cronicahd.ro\/wp-content\/uploads\/2026\/03\/cropped-crh.jpg\",\"contentUrl\":\"https:\/\/cronicahd.ro\/wp-content\/uploads\/2026\/03\/cropped-crh.jpg\",\"width\":1437,\"height\":327,\"caption\":\"Cronica de Hunedoara\"},\"image\":{\"@id\":\"https:\/\/cronicahd.ro\/#\/schema\/logo\/image\/\"}},{\"@type\":\"Person\",\"@id\":\"https:\/\/cronicahd.ro\/#\/schema\/person\/d1a1277a8cd166610328e17aaf58bf46\",\"name\":\"admin\",\"image\":{\"@type\":\"ImageObject\",\"inLanguage\":\"ro-RO\",\"@id\":\"https:\/\/cronicahd.ro\/#\/schema\/person\/image\/\",\"url\":\"https:\/\/secure.gravatar.com\/avatar\/24700337280d10898c2e0d19d44a05316bff9fccc941ecc5570ffe41668203f7?s=96&d=mm&r=g\",\"contentUrl\":\"https:\/\/secure.gravatar.com\/avatar\/24700337280d10898c2e0d19d44a05316bff9fccc941ecc5570ffe41668203f7?s=96&d=mm&r=g\",\"caption\":\"admin\"},\"sameAs\":[\"https:\/\/cronicavj.ro\"],\"url\":\"https:\/\/cronicahd.ro\/?author=1\"}]}<\/script>\n<!-- \/ Yoast SEO plugin. -->","yoast_head_json":{"title":"DAS Deva: Copiii din familii vulnerabile s-au preg\u0103tit pentru noul an \u0219colar - Cronica de Hunedoara","robots":{"index":"index","follow":"follow","max-snippet":"max-snippet:-1","max-image-preview":"max-image-preview:large","max-video-preview":"max-video-preview:-1"},"canonical":"https:\/\/cronicahd.ro\/?p=12573","og_locale":"ro_RO","og_type":"article","og_title":"DAS Deva: Copiii din familii vulnerabile s-au preg\u0103tit pentru noul an \u0219colar - Cronica de Hunedoara","og_description":"20 de copii, cu v\u00e2rste \u00eentre 5 \u0219i 11 ani, din familii vulnerabile, au s\u0103rb\u0103torit,...","og_url":"https:\/\/cronicahd.ro\/?p=12573","og_site_name":"Cronica de Hunedoara","article_published_time":"2026-09-04T09:55:20+00:00","og_image":[{"width":2100,"height":1576,"url":"https:\/\/cronicahd.ro\/wp-content\/uploads\/2026\/09\/1.jpg","type":"image\/jpeg"}],"author":"admin","twitter_card":"summary_large_image","twitter_misc":{"Scris de":"admin","Timp estimat pentru citire":"2 minute"},"schema":{"@context":"https:\/\/schema.org","@graph":[{"@type":"Article","@id":"https:\/\/cronicahd.ro\/?p=12573#article","isPartOf":{"@id":"https:\/\/cronicahd.ro\/?p=12573"},"author":{"name":"admin","@id":"https:\/\/cronicahd.ro\/#\/schema\/person\/d1a1277a8cd166610328e17aaf58bf46"},"headline":"DAS Deva: Copiii din familii vulnerabile s-au preg\u0103tit pentru noul an \u0219colar","datePublished":"2026-09-04T09:55:20+00:00","mainEntityOfPage":{"@id":"https:\/\/cronicahd.ro\/?p=12573"},"wordCount":372,"publisher":{"@id":"https:\/\/cronicahd.ro\/#organization"},"image":{"@id":"https:\/\/cronicahd.ro\/?p=12573#primaryimage"},"thumbnailUrl":"https:\/\/cronicahd.ro\/wp-content\/uploads\/2026\/09\/1.jpg","articleSection":["Actualitate","social"],"inLanguage":"ro-RO"},{"@type":"WebPage","@id":"https:\/\/cronicahd.ro\/?p=12573","url":"https:\/\/cronicahd.ro\/?p=12573","name":"DAS Deva: Copiii din familii vulnerabile s-au preg\u0103tit pentru noul an \u0219colar - Cronica de Hunedoara","isPartOf":{"@id":"https:\/\/cronicahd.ro\/#website"},"primaryImageOfPage":{"@id":"https:\/\/cronicahd.ro\/?p=12573#primaryimage"},"image":{"@id":"https:\/\/cronicahd.ro\/?p=12573#primaryimage"},"thumbnailUrl":"https:\/\/cronicahd.ro\/wp-content\/uploads\/2026\/09\/1.jpg","datePublished":"2026-09-04T09:55:20+00:00","breadcrumb":{"@id":"https:\/\/cronicahd.ro\/?p=12573#breadcrumb"},"inLanguage":"ro-RO","potentialAction":[{"@type":"ReadAction","target":["https:\/\/cronicahd.ro\/?p=12573"]}]},{"@type":"ImageObject","inLanguage":"ro-RO","@id":"https:\/\/cronicahd.ro\/?p=12573#primaryimage","url":"https:\/\/cronicahd.ro\/wp-content\/uploads\/2026\/09\/1.jpg","contentUrl":"https:\/\/cronicahd.ro\/wp-content\/uploads\/2026\/09\/1.jpg","width":2100,"height":1576},{"@type":"BreadcrumbList","@id":"https:\/\/cronicahd.ro\/?p=12573#breadcrumb","itemListElement":[{"@type":"ListItem","position":1,"name":"Prima pagin\u0103","item":"https:\/\/cronicahd.ro\/"},{"@type":"ListItem","position":2,"name":"DAS Deva: Copiii din familii vulnerabile s-au preg\u0103tit pentru noul an \u0219colar"}]},{"@type":"WebSite","@id":"https:\/\/cronicahd.ro\/#website","url":"https:\/\/cronicahd.ro\/","name":"Cronica de Hunedoara","description":"","publisher":{"@id":"https:\/\/cronicahd.ro\/#organization"},"potentialAction":[{"@type":"SearchAction","target":{"@type":"EntryPoint","urlTemplate":"https:\/\/cronicahd.ro\/?s={search_term_string}"},"query-input":{"@type":"PropertyValueSpecification","valueRequired":true,"valueName":"search_term_string"}}],"inLanguage":"ro-RO"},{"@type":"Organization","@id":"https:\/\/cronicahd.ro\/#organization","name":"Cronica de Hunedoara","url":"https:\/\/cronicahd.ro\/","logo":{"@type":"ImageObject","inLanguage":"ro-RO","@id":"https:\/\/cronicahd.ro\/#\/schema\/logo\/image\/","url":"https:\/\/cronicahd.ro\/wp-content\/uploads\/2026\/03\/cropped-crh.jpg","contentUrl":"https:\/\/cronicahd.ro\/wp-content\/uploads\/2026\/03\/cropped-crh.jpg","width":1437,"height":327,"caption":"Cronica de Hunedoara"},"image":{"@id":"https:\/\/cronicahd.ro\/#\/schema\/logo\/image\/"}},{"@type":"Person","@id":"https:\/\/cronicahd.ro\/#\/schema\/person\/d1a1277a8cd166610328e17aaf58bf46","name":"admin","image":{"@type":"ImageObject","inLanguage":"ro-RO","@id":"https:\/\/cronicahd.ro\/#\/schema\/person\/image\/","url":"https:\/\/secure.gravatar.com\/avatar\/24700337280d10898c2e0d19d44a05316bff9fccc941ecc5570ffe41668203f7?s=96&d=mm&r=g","contentUrl":"https:\/\/secure.gravatar.com\/avatar\/24700337280d10898c2e0d19d44a05316bff9fccc941ecc5570ffe41668203f7?s=96&d=mm&r=g","caption":"admin"},"sameAs":["https:\/\/cronicavj.ro"],"url":"https:\/\/cronicahd.ro\/?author=1"}]}},"_links":{"self":[{"href":"https:\/\/cronicahd.ro\/index.php?rest_route=\/wp\/v2\/posts\/12573","targetHints":{"allow":["GET"]}}],"collection":[{"href":"https:\/\/cronicahd.ro\/index.php?rest_route=\/wp\/v2\/posts"}],"about":[{"href":"https:\/\/cronicahd.ro\/index.php?rest_route=\/wp\/v2\/types\/post"}],"author":[{"embeddable":true,"href":"https:\/\/cronicahd.ro\/index.php?rest_route=\/wp\/v2\/users\/1"}],"replies":[{"embeddable":true,"href":"https:\/\/cronicahd.ro\/index.php?rest_route=%2Fwp%2Fv2%2Fcomments&post=12573"}],"version-history":[{"count":1,"href":"https:\/\/cronicahd.ro\/index.php?rest_route=\/wp\/v2\/posts\/12573\/revisions"}],"predecessor-version":[{"id":12575,"href":"https:\/\/cronicahd.ro\/index.php?rest_route=\/wp\/v2\/posts\/12573\/revisions\/12575"}],"wp:featuredmedia":[{"embeddable":true,"href":"https:\/\/cronicahd.ro\/index.php?rest_route=\/wp\/v2\/media\/12574"}],"wp:attachment":[{"href":"https:\/\/cronicahd.ro\/index.php?rest_route=%2Fwp%2Fv2%2Fmedia&parent=12573"}],"wp:term":[{"taxonomy":"category","embeddable":true,"href":"https:\/\/cronicahd.ro\/index.php?rest_route=%2Fwp%2Fv2%2Fcategories&post=12573"},{"taxonomy":"post_tag","embeddable":true,"href":"https:\/\/cronicahd.ro\/index.php?rest_route=%2Fwp%2Fv2%2Ftags&post=12573"}],"curies":[{"name":"wp","href":"https:\/\/api.w.org\/{rel}","templated":true}]}}