{"id":12570,"date":"2026-09-04T09:24:51","date_gmt":"2026-09-04T09:24:51","guid":{"rendered":"https:\/\/cronicahd.ro\/?p=12570"},"modified":"2026-09-04T09:24:51","modified_gmt":"2026-09-04T09:24:51","slug":"prima-echipa-feminina-de-rugby-in-7-din-valea-jiului-se-pregateste-sa-prinda-contur-la-petrosani","status":"publish","type":"post","link":"https:\/\/cronicahd.ro\/?p=12570","title":{"rendered":"Prima echip\u0103 feminin\u0103 de rugby \u00een 7 din Valea Jiului se preg\u0103te\u0219te s\u0103 prind\u0103 contur la Petro\u0219ani"},"content":{"rendered":"<p>&nbsp;<\/p>\n<p>Un proiect important pentru sportul universitar din Valea Jiului prinde contur la Petro\u0219ani. Se preg\u0103te\u0219te \u00eenfiin\u021barea primei echipe feminine de senioare de rugby \u00een 7 din Valea Jiului \u0219i din jude\u021bul Hunedoara, \u00een cadrul unui club universitar.<\/p>\n<p>Ini\u021biatorii proiectului \u00ee\u0219i propun s\u0103 le ofere tinerelor din zon\u0103 oportunitatea de a practica rugby de performan\u021b\u0103, \u00eentr-un cadru organizat \u0219i cu toate condi\u021biile necesare dezvolt\u0103rii sportive.<\/p>\n<p>Echipa se adreseaz\u0103 fetelor cu v\u00e2rste cuprinse \u00eentre 16 \u0219i 22 de ani, iar experien\u021ba anterioar\u0103 \u00een rugby nu este obligatorie. Reprezentan\u021bii proiectului spun c\u0103 \u00ee\u0219i doresc s\u0103 formeze, \u00eenc\u0103 de la \u00eenceput, un colectiv unit, ambi\u021bios \u0219i competitiv.<\/p>\n<p>Printre facilit\u0103\u021bile oferite viitoarelor componente ale echipei se num\u0103r\u0103 posibilitatea de a urma studii universitare, cazare \u0219i mas\u0103, acces la sala de for\u021b\u0103, antrenamente gratuite, precum \u0219i condi\u021bii adecvate pentru preg\u0103tirea \u0219i atingerea performan\u021bei sportive.<\/p>\n<p>\u201eNu este necesar\u0103 experien\u021ba anterioar\u0103 \u00een rugby. Ne dorim fete dornice s\u0103 \u00eenve\u021be, s\u0103 fac\u0103 parte dintr-o echip\u0103 \u0219i s\u0103 creasc\u0103 al\u0103turi de noi\u201d, transmit ini\u021biatorii proiectului.<\/p>\n<p>Promovarea noii echipe va \u00eencepe odat\u0103 cu debutul noului an \u0219colar \u0219i universitar. Organizatorii anun\u021b\u0103 c\u0103 vor merge \u00een \u0219coli, licee \u0219i la Universitatea din Petro\u0219ani, unde vor prezenta proiectul \u0219i vor \u00eencerca s\u0103 atrag\u0103 c\u00e2t mai multe tinere c\u0103tre rugby.<\/p>\n<p>\u00cenfiin\u021barea echipei feminine reprezint\u0103 un pas important pentru diversificarea ofertei sportive din Valea Jiului \u0219i pentru dezvoltarea rugbyului la nivel local.<\/p>\n<p>\u201eHAI \u0218TIIN\u021aA!\u201d este mesajul cu care ini\u021biatorii proiectului le invit\u0103 pe tinere s\u0103 se al\u0103ture echipei \u0219i s\u0103 fie parte din povestea acesteia \u00eenc\u0103 de la \u00eenceput.<\/p>\n","protected":false},"excerpt":{"rendered":"<p>&nbsp; Un proiect important pentru sportul universitar din Valea Jiului prinde contur la Petro\u0219ani. Se&#8230;<\/p>\n","protected":false},"author":1,"featured_media":12571,"comment_status":"closed","ping_status":"closed","sticky":false,"template":"","format":"standard","meta":{"footnotes":""},"categories":[1,9],"tags":[],"class_list":["post-12570","post","type-post","status-publish","format-standard","has-post-thumbnail","hentry","category-actual","category-sport"],"yoast_head":"<!-- This site is optimized with the Yoast SEO plugin v25.3.1 - https:\/\/yoast.com\/wordpress\/plugins\/seo\/ -->\n<title>Prima echip\u0103 feminin\u0103 de rugby \u00een 7 din Valea Jiului se preg\u0103te\u0219te s\u0103 prind\u0103 contur la Petro\u0219ani - Cronica de Hunedoara<\/title>\n<meta name=\"robots\" content=\"index, follow, max-snippet:-1, max-image-preview:large, max-video-preview:-1\" \/>\n<link rel=\"canonical\" href=\"https:\/\/cronicahd.ro\/?p=12570\" \/>\n<meta property=\"og:locale\" content=\"ro_RO\" \/>\n<meta property=\"og:type\" content=\"article\" \/>\n<meta property=\"og:title\" content=\"Prima echip\u0103 feminin\u0103 de rugby \u00een 7 din Valea Jiului se preg\u0103te\u0219te s\u0103 prind\u0103 contur la Petro\u0219ani - Cronica de Hunedoara\" \/>\n<meta property=\"og:description\" content=\"&nbsp; Un proiect important pentru sportul universitar din Valea Jiului prinde contur la Petro\u0219ani. Se...\" \/>\n<meta property=\"og:url\" content=\"https:\/\/cronicahd.ro\/?p=12570\" \/>\n<meta property=\"og:site_name\" content=\"Cronica de Hunedoara\" \/>\n<meta property=\"article:published_time\" content=\"2026-09-04T09:24:51+00:00\" \/>\n<meta property=\"og:image\" content=\"https:\/\/cronicahd.ro\/wp-content\/uploads\/2026\/09\/IMG_8875.jpeg\" \/>\n\t<meta property=\"og:image:width\" content=\"1343\" \/>\n\t<meta property=\"og:image:height\" content=\"1712\" \/>\n\t<meta property=\"og:image:type\" content=\"image\/jpeg\" \/>\n<meta name=\"author\" content=\"admin\" \/>\n<meta name=\"twitter:card\" content=\"summary_large_image\" \/>\n<meta name=\"twitter:label1\" content=\"Scris de\" \/>\n\t<meta name=\"twitter:data1\" content=\"admin\" \/>\n\t<meta name=\"twitter:label2\" content=\"Timp estimat pentru citire\" \/>\n\t<meta name=\"twitter:data2\" content=\"2 minute\" \/>\n<script type=\"application\/ld+json\" class=\"yoast-schema-graph\">{\"@context\":\"https:\/\/schema.org\",\"@graph\":[{\"@type\":\"Article\",\"@id\":\"https:\/\/cronicahd.ro\/?p=12570#article\",\"isPartOf\":{\"@id\":\"https:\/\/cronicahd.ro\/?p=12570\"},\"author\":{\"name\":\"admin\",\"@id\":\"https:\/\/cronicahd.ro\/#\/schema\/person\/d1a1277a8cd166610328e17aaf58bf46\"},\"headline\":\"Prima echip\u0103 feminin\u0103 de rugby \u00een 7 din Valea Jiului se preg\u0103te\u0219te s\u0103 prind\u0103 contur la Petro\u0219ani\",\"datePublished\":\"2026-09-04T09:24:51+00:00\",\"mainEntityOfPage\":{\"@id\":\"https:\/\/cronicahd.ro\/?p=12570\"},\"wordCount\":299,\"publisher\":{\"@id\":\"https:\/\/cronicahd.ro\/#organization\"},\"image\":{\"@id\":\"https:\/\/cronicahd.ro\/?p=12570#primaryimage\"},\"thumbnailUrl\":\"https:\/\/cronicahd.ro\/wp-content\/uploads\/2026\/09\/IMG_8875.jpeg\",\"articleSection\":[\"Actualitate\",\"Sport\"],\"inLanguage\":\"ro-RO\"},{\"@type\":\"WebPage\",\"@id\":\"https:\/\/cronicahd.ro\/?p=12570\",\"url\":\"https:\/\/cronicahd.ro\/?p=12570\",\"name\":\"Prima echip\u0103 feminin\u0103 de rugby \u00een 7 din Valea Jiului se preg\u0103te\u0219te s\u0103 prind\u0103 contur la Petro\u0219ani - Cronica de Hunedoara\",\"isPartOf\":{\"@id\":\"https:\/\/cronicahd.ro\/#website\"},\"primaryImageOfPage\":{\"@id\":\"https:\/\/cronicahd.ro\/?p=12570#primaryimage\"},\"image\":{\"@id\":\"https:\/\/cronicahd.ro\/?p=12570#primaryimage\"},\"thumbnailUrl\":\"https:\/\/cronicahd.ro\/wp-content\/uploads\/2026\/09\/IMG_8875.jpeg\",\"datePublished\":\"2026-09-04T09:24:51+00:00\",\"breadcrumb\":{\"@id\":\"https:\/\/cronicahd.ro\/?p=12570#breadcrumb\"},\"inLanguage\":\"ro-RO\",\"potentialAction\":[{\"@type\":\"ReadAction\",\"target\":[\"https:\/\/cronicahd.ro\/?p=12570\"]}]},{\"@type\":\"ImageObject\",\"inLanguage\":\"ro-RO\",\"@id\":\"https:\/\/cronicahd.ro\/?p=12570#primaryimage\",\"url\":\"https:\/\/cronicahd.ro\/wp-content\/uploads\/2026\/09\/IMG_8875.jpeg\",\"contentUrl\":\"https:\/\/cronicahd.ro\/wp-content\/uploads\/2026\/09\/IMG_8875.jpeg\",\"width\":1343,\"height\":1712},{\"@type\":\"BreadcrumbList\",\"@id\":\"https:\/\/cronicahd.ro\/?p=12570#breadcrumb\",\"itemListElement\":[{\"@type\":\"ListItem\",\"position\":1,\"name\":\"Prima pagin\u0103\",\"item\":\"https:\/\/cronicahd.ro\/\"},{\"@type\":\"ListItem\",\"position\":2,\"name\":\"Prima echip\u0103 feminin\u0103 de rugby \u00een 7 din Valea Jiului se preg\u0103te\u0219te s\u0103 prind\u0103 contur la Petro\u0219ani\"}]},{\"@type\":\"WebSite\",\"@id\":\"https:\/\/cronicahd.ro\/#website\",\"url\":\"https:\/\/cronicahd.ro\/\",\"name\":\"Cronica de Hunedoara\",\"description\":\"\",\"publisher\":{\"@id\":\"https:\/\/cronicahd.ro\/#organization\"},\"potentialAction\":[{\"@type\":\"SearchAction\",\"target\":{\"@type\":\"EntryPoint\",\"urlTemplate\":\"https:\/\/cronicahd.ro\/?s={search_term_string}\"},\"query-input\":{\"@type\":\"PropertyValueSpecification\",\"valueRequired\":true,\"valueName\":\"search_term_string\"}}],\"inLanguage\":\"ro-RO\"},{\"@type\":\"Organization\",\"@id\":\"https:\/\/cronicahd.ro\/#organization\",\"name\":\"Cronica de Hunedoara\",\"url\":\"https:\/\/cronicahd.ro\/\",\"logo\":{\"@type\":\"ImageObject\",\"inLanguage\":\"ro-RO\",\"@id\":\"https:\/\/cronicahd.ro\/#\/schema\/logo\/image\/\",\"url\":\"https:\/\/cronicahd.ro\/wp-content\/uploads\/2026\/03\/cropped-crh.jpg\",\"contentUrl\":\"https:\/\/cronicahd.ro\/wp-content\/uploads\/2026\/03\/cropped-crh.jpg\",\"width\":1437,\"height\":327,\"caption\":\"Cronica de Hunedoara\"},\"image\":{\"@id\":\"https:\/\/cronicahd.ro\/#\/schema\/logo\/image\/\"}},{\"@type\":\"Person\",\"@id\":\"https:\/\/cronicahd.ro\/#\/schema\/person\/d1a1277a8cd166610328e17aaf58bf46\",\"name\":\"admin\",\"image\":{\"@type\":\"ImageObject\",\"inLanguage\":\"ro-RO\",\"@id\":\"https:\/\/cronicahd.ro\/#\/schema\/person\/image\/\",\"url\":\"https:\/\/secure.gravatar.com\/avatar\/24700337280d10898c2e0d19d44a05316bff9fccc941ecc5570ffe41668203f7?s=96&d=mm&r=g\",\"contentUrl\":\"https:\/\/secure.gravatar.com\/avatar\/24700337280d10898c2e0d19d44a05316bff9fccc941ecc5570ffe41668203f7?s=96&d=mm&r=g\",\"caption\":\"admin\"},\"sameAs\":[\"https:\/\/cronicavj.ro\"],\"url\":\"https:\/\/cronicahd.ro\/?author=1\"}]}<\/script>\n<!-- \/ Yoast SEO plugin. -->","yoast_head_json":{"title":"Prima echip\u0103 feminin\u0103 de rugby \u00een 7 din Valea Jiului se preg\u0103te\u0219te s\u0103 prind\u0103 contur la Petro\u0219ani - Cronica de Hunedoara","robots":{"index":"index","follow":"follow","max-snippet":"max-snippet:-1","max-image-preview":"max-image-preview:large","max-video-preview":"max-video-preview:-1"},"canonical":"https:\/\/cronicahd.ro\/?p=12570","og_locale":"ro_RO","og_type":"article","og_title":"Prima echip\u0103 feminin\u0103 de rugby \u00een 7 din Valea Jiului se preg\u0103te\u0219te s\u0103 prind\u0103 contur la Petro\u0219ani - Cronica de Hunedoara","og_description":"&nbsp; Un proiect important pentru sportul universitar din Valea Jiului prinde contur la Petro\u0219ani. Se...","og_url":"https:\/\/cronicahd.ro\/?p=12570","og_site_name":"Cronica de Hunedoara","article_published_time":"2026-09-04T09:24:51+00:00","og_image":[{"width":1343,"height":1712,"url":"https:\/\/cronicahd.ro\/wp-content\/uploads\/2026\/09\/IMG_8875.jpeg","type":"image\/jpeg"}],"author":"admin","twitter_card":"summary_large_image","twitter_misc":{"Scris de":"admin","Timp estimat pentru citire":"2 minute"},"schema":{"@context":"https:\/\/schema.org","@graph":[{"@type":"Article","@id":"https:\/\/cronicahd.ro\/?p=12570#article","isPartOf":{"@id":"https:\/\/cronicahd.ro\/?p=12570"},"author":{"name":"admin","@id":"https:\/\/cronicahd.ro\/#\/schema\/person\/d1a1277a8cd166610328e17aaf58bf46"},"headline":"Prima echip\u0103 feminin\u0103 de rugby \u00een 7 din Valea Jiului se preg\u0103te\u0219te s\u0103 prind\u0103 contur la Petro\u0219ani","datePublished":"2026-09-04T09:24:51+00:00","mainEntityOfPage":{"@id":"https:\/\/cronicahd.ro\/?p=12570"},"wordCount":299,"publisher":{"@id":"https:\/\/cronicahd.ro\/#organization"},"image":{"@id":"https:\/\/cronicahd.ro\/?p=12570#primaryimage"},"thumbnailUrl":"https:\/\/cronicahd.ro\/wp-content\/uploads\/2026\/09\/IMG_8875.jpeg","articleSection":["Actualitate","Sport"],"inLanguage":"ro-RO"},{"@type":"WebPage","@id":"https:\/\/cronicahd.ro\/?p=12570","url":"https:\/\/cronicahd.ro\/?p=12570","name":"Prima echip\u0103 feminin\u0103 de rugby \u00een 7 din Valea Jiului se preg\u0103te\u0219te s\u0103 prind\u0103 contur la Petro\u0219ani - Cronica de Hunedoara","isPartOf":{"@id":"https:\/\/cronicahd.ro\/#website"},"primaryImageOfPage":{"@id":"https:\/\/cronicahd.ro\/?p=12570#primaryimage"},"image":{"@id":"https:\/\/cronicahd.ro\/?p=12570#primaryimage"},"thumbnailUrl":"https:\/\/cronicahd.ro\/wp-content\/uploads\/2026\/09\/IMG_8875.jpeg","datePublished":"2026-09-04T09:24:51+00:00","breadcrumb":{"@id":"https:\/\/cronicahd.ro\/?p=12570#breadcrumb"},"inLanguage":"ro-RO","potentialAction":[{"@type":"ReadAction","target":["https:\/\/cronicahd.ro\/?p=12570"]}]},{"@type":"ImageObject","inLanguage":"ro-RO","@id":"https:\/\/cronicahd.ro\/?p=12570#primaryimage","url":"https:\/\/cronicahd.ro\/wp-content\/uploads\/2026\/09\/IMG_8875.jpeg","contentUrl":"https:\/\/cronicahd.ro\/wp-content\/uploads\/2026\/09\/IMG_8875.jpeg","width":1343,"height":1712},{"@type":"BreadcrumbList","@id":"https:\/\/cronicahd.ro\/?p=12570#breadcrumb","itemListElement":[{"@type":"ListItem","position":1,"name":"Prima pagin\u0103","item":"https:\/\/cronicahd.ro\/"},{"@type":"ListItem","position":2,"name":"Prima echip\u0103 feminin\u0103 de rugby \u00een 7 din Valea Jiului se preg\u0103te\u0219te s\u0103 prind\u0103 contur la Petro\u0219ani"}]},{"@type":"WebSite","@id":"https:\/\/cronicahd.ro\/#website","url":"https:\/\/cronicahd.ro\/","name":"Cronica de Hunedoara","description":"","publisher":{"@id":"https:\/\/cronicahd.ro\/#organization"},"potentialAction":[{"@type":"SearchAction","target":{"@type":"EntryPoint","urlTemplate":"https:\/\/cronicahd.ro\/?s={search_term_string}"},"query-input":{"@type":"PropertyValueSpecification","valueRequired":true,"valueName":"search_term_string"}}],"inLanguage":"ro-RO"},{"@type":"Organization","@id":"https:\/\/cronicahd.ro\/#organization","name":"Cronica de Hunedoara","url":"https:\/\/cronicahd.ro\/","logo":{"@type":"ImageObject","inLanguage":"ro-RO","@id":"https:\/\/cronicahd.ro\/#\/schema\/logo\/image\/","url":"https:\/\/cronicahd.ro\/wp-content\/uploads\/2026\/03\/cropped-crh.jpg","contentUrl":"https:\/\/cronicahd.ro\/wp-content\/uploads\/2026\/03\/cropped-crh.jpg","width":1437,"height":327,"caption":"Cronica de Hunedoara"},"image":{"@id":"https:\/\/cronicahd.ro\/#\/schema\/logo\/image\/"}},{"@type":"Person","@id":"https:\/\/cronicahd.ro\/#\/schema\/person\/d1a1277a8cd166610328e17aaf58bf46","name":"admin","image":{"@type":"ImageObject","inLanguage":"ro-RO","@id":"https:\/\/cronicahd.ro\/#\/schema\/person\/image\/","url":"https:\/\/secure.gravatar.com\/avatar\/24700337280d10898c2e0d19d44a05316bff9fccc941ecc5570ffe41668203f7?s=96&d=mm&r=g","contentUrl":"https:\/\/secure.gravatar.com\/avatar\/24700337280d10898c2e0d19d44a05316bff9fccc941ecc5570ffe41668203f7?s=96&d=mm&r=g","caption":"admin"},"sameAs":["https:\/\/cronicavj.ro"],"url":"https:\/\/cronicahd.ro\/?author=1"}]}},"_links":{"self":[{"href":"https:\/\/cronicahd.ro\/index.php?rest_route=\/wp\/v2\/posts\/12570","targetHints":{"allow":["GET"]}}],"collection":[{"href":"https:\/\/cronicahd.ro\/index.php?rest_route=\/wp\/v2\/posts"}],"about":[{"href":"https:\/\/cronicahd.ro\/index.php?rest_route=\/wp\/v2\/types\/post"}],"author":[{"embeddable":true,"href":"https:\/\/cronicahd.ro\/index.php?rest_route=\/wp\/v2\/users\/1"}],"replies":[{"embeddable":true,"href":"https:\/\/cronicahd.ro\/index.php?rest_route=%2Fwp%2Fv2%2Fcomments&post=12570"}],"version-history":[{"count":1,"href":"https:\/\/cronicahd.ro\/index.php?rest_route=\/wp\/v2\/posts\/12570\/revisions"}],"predecessor-version":[{"id":12572,"href":"https:\/\/cronicahd.ro\/index.php?rest_route=\/wp\/v2\/posts\/12570\/revisions\/12572"}],"wp:featuredmedia":[{"embeddable":true,"href":"https:\/\/cronicahd.ro\/index.php?rest_route=\/wp\/v2\/media\/12571"}],"wp:attachment":[{"href":"https:\/\/cronicahd.ro\/index.php?rest_route=%2Fwp%2Fv2%2Fmedia&parent=12570"}],"wp:term":[{"taxonomy":"category","embeddable":true,"href":"https:\/\/cronicahd.ro\/index.php?rest_route=%2Fwp%2Fv2%2Fcategories&post=12570"},{"taxonomy":"post_tag","embeddable":true,"href":"https:\/\/cronicahd.ro\/index.php?rest_route=%2Fwp%2Fv2%2Ftags&post=12570"}],"curies":[{"name":"wp","href":"https:\/\/api.w.org\/{rel}","templated":true}]}}