{"id":12555,"date":"2026-09-04T05:15:23","date_gmt":"2026-09-04T05:15:23","guid":{"rendered":"https:\/\/cronicahd.ro\/?p=12555"},"modified":"2026-09-04T05:15:23","modified_gmt":"2026-09-04T05:15:23","slug":"vor-fi-disponibilizari-la-cevj-2","status":"publish","type":"post","link":"https:\/\/cronicahd.ro\/?p=12555","title":{"rendered":"Vor fi disponibiliz\u0103ri la CEVJ?"},"content":{"rendered":"<p>&nbsp;<\/p>\n<p>S-a vorbit despre mine \u00eenchise, planuri de oprire a exploat\u0103rilor din subteran, dar \u0219i de oameni concedia\u021bi. Doar c\u0103 autorit\u0103\u021bile din Valea Jiului cer din nou la Bruxelles s\u0103 le mai lase s\u0103 scoat\u0103 c\u0103rbunii din min\u0103.<\/p>\n<p>A\u0219a c\u0103 acum se pune problema ca oamenii s\u0103 nu mai fie disponibiliza\u021bi, at\u00e2ta timp c\u00e2t nu va mai fi personal s\u0103 deserveasc\u0103 minele care s-ar putea \u0219i ele s\u0103 nu se \u00eenchid\u0103 at\u00e2t de repede. Oficialii a\u0219teapt\u0103 un r\u0103spuns de la Bruxelles. \u201eScopul este s\u0103 respect\u0103m un plan, de\u0219i negocierile ini\u021biale ale acestui plan nu au fost cele mai fericite. Trebuie s\u0103 con\u0219tientiz\u0103m c\u0103 nu suntem la zi cu ceea ce scrie \u00een planul respectiv de \u00eenchidere \u0219i punere \u00een siguran\u021b\u0103. Adic\u0103, Lonea \u0219i Lupeni (n.r. exploat\u0103rile miniere) nu sunt preg\u0103tite pentru a respecta planul. Mutarea personalului de la Lonea la Lupeni a avut un caracter clar de sprijin al minei Lupeni. Iar planul de reorganizare, vom \u00eencerca acum ca disponibiliz\u0103rile s\u0103 fie minimale. Am pornit o discu\u021bie cu Consiliul Concuren\u021bei \u0219i cu cei de la Comisia European\u0103, pentru a le explica, c\u0103 ceea ce s-a pus pe h\u00e2rtie la un moment dat nu mai coincide cu situa\u021bia din teren \u0219i deci, nu suntem la zi\u201d, a spus Marius Po\u0219a, pre\u0219edintele Consiliului de Administra\u021bie al CEVJ.<br \/>\nOficialii CEVJ sunt optimi\u0219ti \u0219i cred c\u0103 au suficiente argumente s\u0103 conving\u0103 Comisia European\u0103 c\u0103 trebuie s\u0103 mai scoat\u0103 c\u0103rbuni din minele Lonea \u0219i Lupeni. A\u0219a c\u0103 nici nu vor disponibiliza oameni, ca s\u0103 nu mai aib\u0103 cu cine s\u0103 lucreze. \u201eEu am \u00eencercat s\u0103 caut o plaj\u0103 variat\u0103 \u0219i elastic\u0103, \u00een ceea ce prive\u0219te disponibiliz\u0103rile. Se vorbea de 100 \u0219i 400 de disponibiliz\u0103ri, dar ast\u0103zi \u00eencerc, cu colegii mei, s\u0103 g\u0103sim o logic\u0103, a\u0219a \u00eenc\u00e2t acestea disponibiliz\u0103ri s\u0103 fie c\u00e2t mai pu\u021bine, cel pu\u021bin \u00een anul 2026, iar personalul de care e nevoie direct \u00een exploatare, \u00een subteran sau suprateran, clar scopul este s\u0103 diminu\u0103m pe c\u00e2t posibil num\u0103rul de disponibiliz\u0103ri. Altfel, ne vom \u00eentoarce \u00een aceea\u0219i poveste: vom merge la Comisia European\u0103 din nou \u0219i vom spune c\u0103 noi am dat afar\u0103 oamenii, deci azi nu avem cu cine s\u0103 termin\u0103m lucr\u0103rile\u201d, a conchis Marius Po\u0219a.<\/p>\n<p>Diana Mitrache<\/p>\n","protected":false},"excerpt":{"rendered":"<p>&nbsp; S-a vorbit despre mine \u00eenchise, planuri de oprire a exploat\u0103rilor din subteran, dar \u0219i&#8230;<\/p>\n","protected":false},"author":1,"featured_media":6870,"comment_status":"closed","ping_status":"closed","sticky":false,"template":"","format":"standard","meta":{"footnotes":""},"categories":[1,18],"tags":[],"class_list":["post-12555","post","type-post","status-publish","format-standard","has-post-thumbnail","hentry","category-actual","category-economic"],"yoast_head":"<!-- This site is optimized with the Yoast SEO plugin v25.3.1 - https:\/\/yoast.com\/wordpress\/plugins\/seo\/ -->\n<title>Vor fi disponibiliz\u0103ri la CEVJ? - Cronica de Hunedoara<\/title>\n<meta name=\"robots\" content=\"index, follow, max-snippet:-1, max-image-preview:large, max-video-preview:-1\" \/>\n<link rel=\"canonical\" href=\"https:\/\/cronicahd.ro\/?p=12555\" \/>\n<meta property=\"og:locale\" content=\"ro_RO\" \/>\n<meta property=\"og:type\" content=\"article\" \/>\n<meta property=\"og:title\" content=\"Vor fi disponibiliz\u0103ri la CEVJ? - Cronica de Hunedoara\" \/>\n<meta property=\"og:description\" content=\"&nbsp; S-a vorbit despre mine \u00eenchise, planuri de oprire a exploat\u0103rilor din subteran, dar \u0219i...\" \/>\n<meta property=\"og:url\" content=\"https:\/\/cronicahd.ro\/?p=12555\" \/>\n<meta property=\"og:site_name\" content=\"Cronica de Hunedoara\" \/>\n<meta property=\"article:published_time\" content=\"2026-09-04T05:15:23+00:00\" \/>\n<meta property=\"og:image\" content=\"https:\/\/cronicahd.ro\/wp-content\/uploads\/2026\/03\/cevj.jpg\" \/>\n\t<meta property=\"og:image:width\" content=\"275\" \/>\n\t<meta property=\"og:image:height\" content=\"183\" \/>\n\t<meta property=\"og:image:type\" content=\"image\/jpeg\" \/>\n<meta name=\"author\" content=\"admin\" \/>\n<meta name=\"twitter:card\" content=\"summary_large_image\" \/>\n<meta name=\"twitter:label1\" content=\"Scris de\" \/>\n\t<meta name=\"twitter:data1\" content=\"admin\" \/>\n\t<meta name=\"twitter:label2\" content=\"Timp estimat pentru citire\" \/>\n\t<meta name=\"twitter:data2\" content=\"2 minute\" \/>\n<script type=\"application\/ld+json\" class=\"yoast-schema-graph\">{\"@context\":\"https:\/\/schema.org\",\"@graph\":[{\"@type\":\"Article\",\"@id\":\"https:\/\/cronicahd.ro\/?p=12555#article\",\"isPartOf\":{\"@id\":\"https:\/\/cronicahd.ro\/?p=12555\"},\"author\":{\"name\":\"admin\",\"@id\":\"https:\/\/cronicahd.ro\/#\/schema\/person\/d1a1277a8cd166610328e17aaf58bf46\"},\"headline\":\"Vor fi disponibiliz\u0103ri la CEVJ?\",\"datePublished\":\"2026-09-04T05:15:23+00:00\",\"mainEntityOfPage\":{\"@id\":\"https:\/\/cronicahd.ro\/?p=12555\"},\"wordCount\":417,\"publisher\":{\"@id\":\"https:\/\/cronicahd.ro\/#organization\"},\"image\":{\"@id\":\"https:\/\/cronicahd.ro\/?p=12555#primaryimage\"},\"thumbnailUrl\":\"https:\/\/cronicahd.ro\/wp-content\/uploads\/2026\/03\/cevj.jpg\",\"articleSection\":[\"Actualitate\",\"economic\"],\"inLanguage\":\"ro-RO\"},{\"@type\":\"WebPage\",\"@id\":\"https:\/\/cronicahd.ro\/?p=12555\",\"url\":\"https:\/\/cronicahd.ro\/?p=12555\",\"name\":\"Vor fi disponibiliz\u0103ri la CEVJ? - Cronica de Hunedoara\",\"isPartOf\":{\"@id\":\"https:\/\/cronicahd.ro\/#website\"},\"primaryImageOfPage\":{\"@id\":\"https:\/\/cronicahd.ro\/?p=12555#primaryimage\"},\"image\":{\"@id\":\"https:\/\/cronicahd.ro\/?p=12555#primaryimage\"},\"thumbnailUrl\":\"https:\/\/cronicahd.ro\/wp-content\/uploads\/2026\/03\/cevj.jpg\",\"datePublished\":\"2026-09-04T05:15:23+00:00\",\"breadcrumb\":{\"@id\":\"https:\/\/cronicahd.ro\/?p=12555#breadcrumb\"},\"inLanguage\":\"ro-RO\",\"potentialAction\":[{\"@type\":\"ReadAction\",\"target\":[\"https:\/\/cronicahd.ro\/?p=12555\"]}]},{\"@type\":\"ImageObject\",\"inLanguage\":\"ro-RO\",\"@id\":\"https:\/\/cronicahd.ro\/?p=12555#primaryimage\",\"url\":\"https:\/\/cronicahd.ro\/wp-content\/uploads\/2026\/03\/cevj.jpg\",\"contentUrl\":\"https:\/\/cronicahd.ro\/wp-content\/uploads\/2026\/03\/cevj.jpg\",\"width\":275,\"height\":183},{\"@type\":\"BreadcrumbList\",\"@id\":\"https:\/\/cronicahd.ro\/?p=12555#breadcrumb\",\"itemListElement\":[{\"@type\":\"ListItem\",\"position\":1,\"name\":\"Prima pagin\u0103\",\"item\":\"https:\/\/cronicahd.ro\/\"},{\"@type\":\"ListItem\",\"position\":2,\"name\":\"Vor fi disponibiliz\u0103ri la CEVJ?\"}]},{\"@type\":\"WebSite\",\"@id\":\"https:\/\/cronicahd.ro\/#website\",\"url\":\"https:\/\/cronicahd.ro\/\",\"name\":\"Cronica de Hunedoara\",\"description\":\"\",\"publisher\":{\"@id\":\"https:\/\/cronicahd.ro\/#organization\"},\"potentialAction\":[{\"@type\":\"SearchAction\",\"target\":{\"@type\":\"EntryPoint\",\"urlTemplate\":\"https:\/\/cronicahd.ro\/?s={search_term_string}\"},\"query-input\":{\"@type\":\"PropertyValueSpecification\",\"valueRequired\":true,\"valueName\":\"search_term_string\"}}],\"inLanguage\":\"ro-RO\"},{\"@type\":\"Organization\",\"@id\":\"https:\/\/cronicahd.ro\/#organization\",\"name\":\"Cronica de Hunedoara\",\"url\":\"https:\/\/cronicahd.ro\/\",\"logo\":{\"@type\":\"ImageObject\",\"inLanguage\":\"ro-RO\",\"@id\":\"https:\/\/cronicahd.ro\/#\/schema\/logo\/image\/\",\"url\":\"https:\/\/cronicahd.ro\/wp-content\/uploads\/2026\/03\/cropped-crh.jpg\",\"contentUrl\":\"https:\/\/cronicahd.ro\/wp-content\/uploads\/2026\/03\/cropped-crh.jpg\",\"width\":1437,\"height\":327,\"caption\":\"Cronica de Hunedoara\"},\"image\":{\"@id\":\"https:\/\/cronicahd.ro\/#\/schema\/logo\/image\/\"}},{\"@type\":\"Person\",\"@id\":\"https:\/\/cronicahd.ro\/#\/schema\/person\/d1a1277a8cd166610328e17aaf58bf46\",\"name\":\"admin\",\"image\":{\"@type\":\"ImageObject\",\"inLanguage\":\"ro-RO\",\"@id\":\"https:\/\/cronicahd.ro\/#\/schema\/person\/image\/\",\"url\":\"https:\/\/secure.gravatar.com\/avatar\/24700337280d10898c2e0d19d44a05316bff9fccc941ecc5570ffe41668203f7?s=96&d=mm&r=g\",\"contentUrl\":\"https:\/\/secure.gravatar.com\/avatar\/24700337280d10898c2e0d19d44a05316bff9fccc941ecc5570ffe41668203f7?s=96&d=mm&r=g\",\"caption\":\"admin\"},\"sameAs\":[\"https:\/\/cronicavj.ro\"],\"url\":\"https:\/\/cronicahd.ro\/?author=1\"}]}<\/script>\n<!-- \/ Yoast SEO plugin. -->","yoast_head_json":{"title":"Vor fi disponibiliz\u0103ri la CEVJ? - Cronica de Hunedoara","robots":{"index":"index","follow":"follow","max-snippet":"max-snippet:-1","max-image-preview":"max-image-preview:large","max-video-preview":"max-video-preview:-1"},"canonical":"https:\/\/cronicahd.ro\/?p=12555","og_locale":"ro_RO","og_type":"article","og_title":"Vor fi disponibiliz\u0103ri la CEVJ? - Cronica de Hunedoara","og_description":"&nbsp; S-a vorbit despre mine \u00eenchise, planuri de oprire a exploat\u0103rilor din subteran, dar \u0219i...","og_url":"https:\/\/cronicahd.ro\/?p=12555","og_site_name":"Cronica de Hunedoara","article_published_time":"2026-09-04T05:15:23+00:00","og_image":[{"width":275,"height":183,"url":"https:\/\/cronicahd.ro\/wp-content\/uploads\/2026\/03\/cevj.jpg","type":"image\/jpeg"}],"author":"admin","twitter_card":"summary_large_image","twitter_misc":{"Scris de":"admin","Timp estimat pentru citire":"2 minute"},"schema":{"@context":"https:\/\/schema.org","@graph":[{"@type":"Article","@id":"https:\/\/cronicahd.ro\/?p=12555#article","isPartOf":{"@id":"https:\/\/cronicahd.ro\/?p=12555"},"author":{"name":"admin","@id":"https:\/\/cronicahd.ro\/#\/schema\/person\/d1a1277a8cd166610328e17aaf58bf46"},"headline":"Vor fi disponibiliz\u0103ri la CEVJ?","datePublished":"2026-09-04T05:15:23+00:00","mainEntityOfPage":{"@id":"https:\/\/cronicahd.ro\/?p=12555"},"wordCount":417,"publisher":{"@id":"https:\/\/cronicahd.ro\/#organization"},"image":{"@id":"https:\/\/cronicahd.ro\/?p=12555#primaryimage"},"thumbnailUrl":"https:\/\/cronicahd.ro\/wp-content\/uploads\/2026\/03\/cevj.jpg","articleSection":["Actualitate","economic"],"inLanguage":"ro-RO"},{"@type":"WebPage","@id":"https:\/\/cronicahd.ro\/?p=12555","url":"https:\/\/cronicahd.ro\/?p=12555","name":"Vor fi disponibiliz\u0103ri la CEVJ? - Cronica de Hunedoara","isPartOf":{"@id":"https:\/\/cronicahd.ro\/#website"},"primaryImageOfPage":{"@id":"https:\/\/cronicahd.ro\/?p=12555#primaryimage"},"image":{"@id":"https:\/\/cronicahd.ro\/?p=12555#primaryimage"},"thumbnailUrl":"https:\/\/cronicahd.ro\/wp-content\/uploads\/2026\/03\/cevj.jpg","datePublished":"2026-09-04T05:15:23+00:00","breadcrumb":{"@id":"https:\/\/cronicahd.ro\/?p=12555#breadcrumb"},"inLanguage":"ro-RO","potentialAction":[{"@type":"ReadAction","target":["https:\/\/cronicahd.ro\/?p=12555"]}]},{"@type":"ImageObject","inLanguage":"ro-RO","@id":"https:\/\/cronicahd.ro\/?p=12555#primaryimage","url":"https:\/\/cronicahd.ro\/wp-content\/uploads\/2026\/03\/cevj.jpg","contentUrl":"https:\/\/cronicahd.ro\/wp-content\/uploads\/2026\/03\/cevj.jpg","width":275,"height":183},{"@type":"BreadcrumbList","@id":"https:\/\/cronicahd.ro\/?p=12555#breadcrumb","itemListElement":[{"@type":"ListItem","position":1,"name":"Prima pagin\u0103","item":"https:\/\/cronicahd.ro\/"},{"@type":"ListItem","position":2,"name":"Vor fi disponibiliz\u0103ri la CEVJ?"}]},{"@type":"WebSite","@id":"https:\/\/cronicahd.ro\/#website","url":"https:\/\/cronicahd.ro\/","name":"Cronica de Hunedoara","description":"","publisher":{"@id":"https:\/\/cronicahd.ro\/#organization"},"potentialAction":[{"@type":"SearchAction","target":{"@type":"EntryPoint","urlTemplate":"https:\/\/cronicahd.ro\/?s={search_term_string}"},"query-input":{"@type":"PropertyValueSpecification","valueRequired":true,"valueName":"search_term_string"}}],"inLanguage":"ro-RO"},{"@type":"Organization","@id":"https:\/\/cronicahd.ro\/#organization","name":"Cronica de Hunedoara","url":"https:\/\/cronicahd.ro\/","logo":{"@type":"ImageObject","inLanguage":"ro-RO","@id":"https:\/\/cronicahd.ro\/#\/schema\/logo\/image\/","url":"https:\/\/cronicahd.ro\/wp-content\/uploads\/2026\/03\/cropped-crh.jpg","contentUrl":"https:\/\/cronicahd.ro\/wp-content\/uploads\/2026\/03\/cropped-crh.jpg","width":1437,"height":327,"caption":"Cronica de Hunedoara"},"image":{"@id":"https:\/\/cronicahd.ro\/#\/schema\/logo\/image\/"}},{"@type":"Person","@id":"https:\/\/cronicahd.ro\/#\/schema\/person\/d1a1277a8cd166610328e17aaf58bf46","name":"admin","image":{"@type":"ImageObject","inLanguage":"ro-RO","@id":"https:\/\/cronicahd.ro\/#\/schema\/person\/image\/","url":"https:\/\/secure.gravatar.com\/avatar\/24700337280d10898c2e0d19d44a05316bff9fccc941ecc5570ffe41668203f7?s=96&d=mm&r=g","contentUrl":"https:\/\/secure.gravatar.com\/avatar\/24700337280d10898c2e0d19d44a05316bff9fccc941ecc5570ffe41668203f7?s=96&d=mm&r=g","caption":"admin"},"sameAs":["https:\/\/cronicavj.ro"],"url":"https:\/\/cronicahd.ro\/?author=1"}]}},"_links":{"self":[{"href":"https:\/\/cronicahd.ro\/index.php?rest_route=\/wp\/v2\/posts\/12555","targetHints":{"allow":["GET"]}}],"collection":[{"href":"https:\/\/cronicahd.ro\/index.php?rest_route=\/wp\/v2\/posts"}],"about":[{"href":"https:\/\/cronicahd.ro\/index.php?rest_route=\/wp\/v2\/types\/post"}],"author":[{"embeddable":true,"href":"https:\/\/cronicahd.ro\/index.php?rest_route=\/wp\/v2\/users\/1"}],"replies":[{"embeddable":true,"href":"https:\/\/cronicahd.ro\/index.php?rest_route=%2Fwp%2Fv2%2Fcomments&post=12555"}],"version-history":[{"count":1,"href":"https:\/\/cronicahd.ro\/index.php?rest_route=\/wp\/v2\/posts\/12555\/revisions"}],"predecessor-version":[{"id":12556,"href":"https:\/\/cronicahd.ro\/index.php?rest_route=\/wp\/v2\/posts\/12555\/revisions\/12556"}],"wp:featuredmedia":[{"embeddable":true,"href":"https:\/\/cronicahd.ro\/index.php?rest_route=\/wp\/v2\/media\/6870"}],"wp:attachment":[{"href":"https:\/\/cronicahd.ro\/index.php?rest_route=%2Fwp%2Fv2%2Fmedia&parent=12555"}],"wp:term":[{"taxonomy":"category","embeddable":true,"href":"https:\/\/cronicahd.ro\/index.php?rest_route=%2Fwp%2Fv2%2Fcategories&post=12555"},{"taxonomy":"post_tag","embeddable":true,"href":"https:\/\/cronicahd.ro\/index.php?rest_route=%2Fwp%2Fv2%2Ftags&post=12555"}],"curies":[{"name":"wp","href":"https:\/\/api.w.org\/{rel}","templated":true}]}}