{"id":12549,"date":"2026-09-03T12:26:56","date_gmt":"2026-09-03T12:26:56","guid":{"rendered":"https:\/\/cronicahd.ro\/?p=12549"},"modified":"2026-09-03T12:26:56","modified_gmt":"2026-09-03T12:26:56","slug":"traseul-t3-al-green-line-deviat-temporar-in-petrila","status":"publish","type":"post","link":"https:\/\/cronicahd.ro\/?p=12549","title":{"rendered":"Traseul T3 al Green Line, deviat temporar \u00een Petrila"},"content":{"rendered":"<p>&nbsp;<\/p>\n<p>C\u0103l\u0103torii care utilizeaz\u0103 traseul T3 al sistemului de transport public Green Line Valea Jiului trebuie s\u0103 \u021bin\u0103 cont de o modificare temporar\u0103 a rutei \u00een zona central\u0103 a ora\u0219ului Petrila.<\/p>\n<p>Asocia\u021bia de Dezvoltare Intercomunitar\u0103 pentru Transport Public Zonal Green Line \u2013 Valea Jiului anun\u021b\u0103 c\u0103, \u00eencep\u00e2nd de joi, 3 septembrie 2026, ora 15:00, \u0219i p\u00e2n\u0103 luni, 7 septembrie 2026, traseul T3 Pia\u021ba Victoriei \u2013 Cimpa va fi deviat.<\/p>\n<p>M\u0103sura este necesar\u0103 ca urmare a restric\u021biilor de circula\u021bie instituite \u00een Petrila cu ocazia desf\u0103\u0219ur\u0103rii evenimentului \u201eMom\u00e2rlanii, gazde bune!\u201d.<\/p>\n<p>\u00cen perioada \u00een care se aplic\u0103 restric\u021biile, autobuzele de pe traseul T3 vor circula pe urm\u0103toarea rut\u0103 alternativ\u0103:<\/p>\n<p>Strada Minei \u2192 Strada Alexandru Sahia \u2192 Strada Tudor Vladimirescu \u2192 revenire pe Strada Republicii.<\/p>\n<p>Reprezentan\u021bii ADI Green Line atrag aten\u021bia c\u0103 devierea poate duce la cre\u0219terea timpilor de parcurs \u0219i la mici \u00eent\u00e2rzieri fa\u021b\u0103 de programul obi\u0219nuit.<\/p>\n<p>C\u0103l\u0103torii sunt ruga\u021bi s\u0103 \u021bin\u0103 cont de aceast\u0103 modificare \u0219i s\u0103 \u00ee\u0219i planifice deplas\u0103rile \u00een consecin\u021b\u0103. ADI Green Line Valea Jiului precizeaz\u0103 c\u0103 va depune toate eforturile pentru men\u021binerea continuit\u0103\u021bii serviciului public de transport pe durata restric\u021biilor.<\/p>\n","protected":false},"excerpt":{"rendered":"<p>&nbsp; C\u0103l\u0103torii care utilizeaz\u0103 traseul T3 al sistemului de transport public Green Line Valea Jiului&#8230;<\/p>\n","protected":false},"author":1,"featured_media":12550,"comment_status":"closed","ping_status":"closed","sticky":false,"template":"","format":"standard","meta":{"footnotes":""},"categories":[1,6],"tags":[],"class_list":["post-12549","post","type-post","status-publish","format-standard","has-post-thumbnail","hentry","category-actual","category-administratie"],"yoast_head":"<!-- This site is optimized with the Yoast SEO plugin v25.3.1 - https:\/\/yoast.com\/wordpress\/plugins\/seo\/ -->\n<title>Traseul T3 al Green Line, deviat temporar \u00een Petrila - Cronica de Hunedoara<\/title>\n<meta name=\"robots\" content=\"index, follow, max-snippet:-1, max-image-preview:large, max-video-preview:-1\" \/>\n<link rel=\"canonical\" href=\"https:\/\/cronicahd.ro\/?p=12549\" \/>\n<meta property=\"og:locale\" content=\"ro_RO\" \/>\n<meta property=\"og:type\" content=\"article\" \/>\n<meta property=\"og:title\" content=\"Traseul T3 al Green Line, deviat temporar \u00een Petrila - Cronica de Hunedoara\" \/>\n<meta property=\"og:description\" content=\"&nbsp; C\u0103l\u0103torii care utilizeaz\u0103 traseul T3 al sistemului de transport public Green Line Valea Jiului...\" \/>\n<meta property=\"og:url\" content=\"https:\/\/cronicahd.ro\/?p=12549\" \/>\n<meta property=\"og:site_name\" content=\"Cronica de Hunedoara\" \/>\n<meta property=\"article:published_time\" content=\"2026-09-03T12:26:56+00:00\" \/>\n<meta property=\"og:image\" content=\"https:\/\/cronicahd.ro\/wp-content\/uploads\/2026\/09\/IMG_8460.jpeg\" \/>\n\t<meta property=\"og:image:width\" content=\"1014\" \/>\n\t<meta property=\"og:image:height\" content=\"1024\" \/>\n\t<meta property=\"og:image:type\" content=\"image\/jpeg\" \/>\n<meta name=\"author\" content=\"admin\" \/>\n<meta name=\"twitter:card\" content=\"summary_large_image\" \/>\n<meta name=\"twitter:label1\" content=\"Scris de\" \/>\n\t<meta name=\"twitter:data1\" content=\"admin\" \/>\n\t<meta name=\"twitter:label2\" content=\"Timp estimat pentru citire\" \/>\n\t<meta name=\"twitter:data2\" content=\"1 minut\" \/>\n<script type=\"application\/ld+json\" class=\"yoast-schema-graph\">{\"@context\":\"https:\/\/schema.org\",\"@graph\":[{\"@type\":\"Article\",\"@id\":\"https:\/\/cronicahd.ro\/?p=12549#article\",\"isPartOf\":{\"@id\":\"https:\/\/cronicahd.ro\/?p=12549\"},\"author\":{\"name\":\"admin\",\"@id\":\"https:\/\/cronicahd.ro\/#\/schema\/person\/d1a1277a8cd166610328e17aaf58bf46\"},\"headline\":\"Traseul T3 al Green Line, deviat temporar \u00een Petrila\",\"datePublished\":\"2026-09-03T12:26:56+00:00\",\"mainEntityOfPage\":{\"@id\":\"https:\/\/cronicahd.ro\/?p=12549\"},\"wordCount\":207,\"publisher\":{\"@id\":\"https:\/\/cronicahd.ro\/#organization\"},\"image\":{\"@id\":\"https:\/\/cronicahd.ro\/?p=12549#primaryimage\"},\"thumbnailUrl\":\"https:\/\/cronicahd.ro\/wp-content\/uploads\/2026\/09\/IMG_8460.jpeg\",\"articleSection\":[\"Actualitate\",\"Administratie\"],\"inLanguage\":\"ro-RO\"},{\"@type\":\"WebPage\",\"@id\":\"https:\/\/cronicahd.ro\/?p=12549\",\"url\":\"https:\/\/cronicahd.ro\/?p=12549\",\"name\":\"Traseul T3 al Green Line, deviat temporar \u00een Petrila - Cronica de Hunedoara\",\"isPartOf\":{\"@id\":\"https:\/\/cronicahd.ro\/#website\"},\"primaryImageOfPage\":{\"@id\":\"https:\/\/cronicahd.ro\/?p=12549#primaryimage\"},\"image\":{\"@id\":\"https:\/\/cronicahd.ro\/?p=12549#primaryimage\"},\"thumbnailUrl\":\"https:\/\/cronicahd.ro\/wp-content\/uploads\/2026\/09\/IMG_8460.jpeg\",\"datePublished\":\"2026-09-03T12:26:56+00:00\",\"breadcrumb\":{\"@id\":\"https:\/\/cronicahd.ro\/?p=12549#breadcrumb\"},\"inLanguage\":\"ro-RO\",\"potentialAction\":[{\"@type\":\"ReadAction\",\"target\":[\"https:\/\/cronicahd.ro\/?p=12549\"]}]},{\"@type\":\"ImageObject\",\"inLanguage\":\"ro-RO\",\"@id\":\"https:\/\/cronicahd.ro\/?p=12549#primaryimage\",\"url\":\"https:\/\/cronicahd.ro\/wp-content\/uploads\/2026\/09\/IMG_8460.jpeg\",\"contentUrl\":\"https:\/\/cronicahd.ro\/wp-content\/uploads\/2026\/09\/IMG_8460.jpeg\",\"width\":1014,\"height\":1024},{\"@type\":\"BreadcrumbList\",\"@id\":\"https:\/\/cronicahd.ro\/?p=12549#breadcrumb\",\"itemListElement\":[{\"@type\":\"ListItem\",\"position\":1,\"name\":\"Prima pagin\u0103\",\"item\":\"https:\/\/cronicahd.ro\/\"},{\"@type\":\"ListItem\",\"position\":2,\"name\":\"Traseul T3 al Green Line, deviat temporar \u00een Petrila\"}]},{\"@type\":\"WebSite\",\"@id\":\"https:\/\/cronicahd.ro\/#website\",\"url\":\"https:\/\/cronicahd.ro\/\",\"name\":\"Cronica de Hunedoara\",\"description\":\"\",\"publisher\":{\"@id\":\"https:\/\/cronicahd.ro\/#organization\"},\"potentialAction\":[{\"@type\":\"SearchAction\",\"target\":{\"@type\":\"EntryPoint\",\"urlTemplate\":\"https:\/\/cronicahd.ro\/?s={search_term_string}\"},\"query-input\":{\"@type\":\"PropertyValueSpecification\",\"valueRequired\":true,\"valueName\":\"search_term_string\"}}],\"inLanguage\":\"ro-RO\"},{\"@type\":\"Organization\",\"@id\":\"https:\/\/cronicahd.ro\/#organization\",\"name\":\"Cronica de Hunedoara\",\"url\":\"https:\/\/cronicahd.ro\/\",\"logo\":{\"@type\":\"ImageObject\",\"inLanguage\":\"ro-RO\",\"@id\":\"https:\/\/cronicahd.ro\/#\/schema\/logo\/image\/\",\"url\":\"https:\/\/cronicahd.ro\/wp-content\/uploads\/2026\/03\/cropped-crh.jpg\",\"contentUrl\":\"https:\/\/cronicahd.ro\/wp-content\/uploads\/2026\/03\/cropped-crh.jpg\",\"width\":1437,\"height\":327,\"caption\":\"Cronica de Hunedoara\"},\"image\":{\"@id\":\"https:\/\/cronicahd.ro\/#\/schema\/logo\/image\/\"}},{\"@type\":\"Person\",\"@id\":\"https:\/\/cronicahd.ro\/#\/schema\/person\/d1a1277a8cd166610328e17aaf58bf46\",\"name\":\"admin\",\"image\":{\"@type\":\"ImageObject\",\"inLanguage\":\"ro-RO\",\"@id\":\"https:\/\/cronicahd.ro\/#\/schema\/person\/image\/\",\"url\":\"https:\/\/secure.gravatar.com\/avatar\/24700337280d10898c2e0d19d44a05316bff9fccc941ecc5570ffe41668203f7?s=96&d=mm&r=g\",\"contentUrl\":\"https:\/\/secure.gravatar.com\/avatar\/24700337280d10898c2e0d19d44a05316bff9fccc941ecc5570ffe41668203f7?s=96&d=mm&r=g\",\"caption\":\"admin\"},\"sameAs\":[\"https:\/\/cronicavj.ro\"],\"url\":\"https:\/\/cronicahd.ro\/?author=1\"}]}<\/script>\n<!-- \/ Yoast SEO plugin. -->","yoast_head_json":{"title":"Traseul T3 al Green Line, deviat temporar \u00een Petrila - Cronica de Hunedoara","robots":{"index":"index","follow":"follow","max-snippet":"max-snippet:-1","max-image-preview":"max-image-preview:large","max-video-preview":"max-video-preview:-1"},"canonical":"https:\/\/cronicahd.ro\/?p=12549","og_locale":"ro_RO","og_type":"article","og_title":"Traseul T3 al Green Line, deviat temporar \u00een Petrila - Cronica de Hunedoara","og_description":"&nbsp; C\u0103l\u0103torii care utilizeaz\u0103 traseul T3 al sistemului de transport public Green Line Valea Jiului...","og_url":"https:\/\/cronicahd.ro\/?p=12549","og_site_name":"Cronica de Hunedoara","article_published_time":"2026-09-03T12:26:56+00:00","og_image":[{"width":1014,"height":1024,"url":"https:\/\/cronicahd.ro\/wp-content\/uploads\/2026\/09\/IMG_8460.jpeg","type":"image\/jpeg"}],"author":"admin","twitter_card":"summary_large_image","twitter_misc":{"Scris de":"admin","Timp estimat pentru citire":"1 minut"},"schema":{"@context":"https:\/\/schema.org","@graph":[{"@type":"Article","@id":"https:\/\/cronicahd.ro\/?p=12549#article","isPartOf":{"@id":"https:\/\/cronicahd.ro\/?p=12549"},"author":{"name":"admin","@id":"https:\/\/cronicahd.ro\/#\/schema\/person\/d1a1277a8cd166610328e17aaf58bf46"},"headline":"Traseul T3 al Green Line, deviat temporar \u00een Petrila","datePublished":"2026-09-03T12:26:56+00:00","mainEntityOfPage":{"@id":"https:\/\/cronicahd.ro\/?p=12549"},"wordCount":207,"publisher":{"@id":"https:\/\/cronicahd.ro\/#organization"},"image":{"@id":"https:\/\/cronicahd.ro\/?p=12549#primaryimage"},"thumbnailUrl":"https:\/\/cronicahd.ro\/wp-content\/uploads\/2026\/09\/IMG_8460.jpeg","articleSection":["Actualitate","Administratie"],"inLanguage":"ro-RO"},{"@type":"WebPage","@id":"https:\/\/cronicahd.ro\/?p=12549","url":"https:\/\/cronicahd.ro\/?p=12549","name":"Traseul T3 al Green Line, deviat temporar \u00een Petrila - Cronica de Hunedoara","isPartOf":{"@id":"https:\/\/cronicahd.ro\/#website"},"primaryImageOfPage":{"@id":"https:\/\/cronicahd.ro\/?p=12549#primaryimage"},"image":{"@id":"https:\/\/cronicahd.ro\/?p=12549#primaryimage"},"thumbnailUrl":"https:\/\/cronicahd.ro\/wp-content\/uploads\/2026\/09\/IMG_8460.jpeg","datePublished":"2026-09-03T12:26:56+00:00","breadcrumb":{"@id":"https:\/\/cronicahd.ro\/?p=12549#breadcrumb"},"inLanguage":"ro-RO","potentialAction":[{"@type":"ReadAction","target":["https:\/\/cronicahd.ro\/?p=12549"]}]},{"@type":"ImageObject","inLanguage":"ro-RO","@id":"https:\/\/cronicahd.ro\/?p=12549#primaryimage","url":"https:\/\/cronicahd.ro\/wp-content\/uploads\/2026\/09\/IMG_8460.jpeg","contentUrl":"https:\/\/cronicahd.ro\/wp-content\/uploads\/2026\/09\/IMG_8460.jpeg","width":1014,"height":1024},{"@type":"BreadcrumbList","@id":"https:\/\/cronicahd.ro\/?p=12549#breadcrumb","itemListElement":[{"@type":"ListItem","position":1,"name":"Prima pagin\u0103","item":"https:\/\/cronicahd.ro\/"},{"@type":"ListItem","position":2,"name":"Traseul T3 al Green Line, deviat temporar \u00een Petrila"}]},{"@type":"WebSite","@id":"https:\/\/cronicahd.ro\/#website","url":"https:\/\/cronicahd.ro\/","name":"Cronica de Hunedoara","description":"","publisher":{"@id":"https:\/\/cronicahd.ro\/#organization"},"potentialAction":[{"@type":"SearchAction","target":{"@type":"EntryPoint","urlTemplate":"https:\/\/cronicahd.ro\/?s={search_term_string}"},"query-input":{"@type":"PropertyValueSpecification","valueRequired":true,"valueName":"search_term_string"}}],"inLanguage":"ro-RO"},{"@type":"Organization","@id":"https:\/\/cronicahd.ro\/#organization","name":"Cronica de Hunedoara","url":"https:\/\/cronicahd.ro\/","logo":{"@type":"ImageObject","inLanguage":"ro-RO","@id":"https:\/\/cronicahd.ro\/#\/schema\/logo\/image\/","url":"https:\/\/cronicahd.ro\/wp-content\/uploads\/2026\/03\/cropped-crh.jpg","contentUrl":"https:\/\/cronicahd.ro\/wp-content\/uploads\/2026\/03\/cropped-crh.jpg","width":1437,"height":327,"caption":"Cronica de Hunedoara"},"image":{"@id":"https:\/\/cronicahd.ro\/#\/schema\/logo\/image\/"}},{"@type":"Person","@id":"https:\/\/cronicahd.ro\/#\/schema\/person\/d1a1277a8cd166610328e17aaf58bf46","name":"admin","image":{"@type":"ImageObject","inLanguage":"ro-RO","@id":"https:\/\/cronicahd.ro\/#\/schema\/person\/image\/","url":"https:\/\/secure.gravatar.com\/avatar\/24700337280d10898c2e0d19d44a05316bff9fccc941ecc5570ffe41668203f7?s=96&d=mm&r=g","contentUrl":"https:\/\/secure.gravatar.com\/avatar\/24700337280d10898c2e0d19d44a05316bff9fccc941ecc5570ffe41668203f7?s=96&d=mm&r=g","caption":"admin"},"sameAs":["https:\/\/cronicavj.ro"],"url":"https:\/\/cronicahd.ro\/?author=1"}]}},"_links":{"self":[{"href":"https:\/\/cronicahd.ro\/index.php?rest_route=\/wp\/v2\/posts\/12549","targetHints":{"allow":["GET"]}}],"collection":[{"href":"https:\/\/cronicahd.ro\/index.php?rest_route=\/wp\/v2\/posts"}],"about":[{"href":"https:\/\/cronicahd.ro\/index.php?rest_route=\/wp\/v2\/types\/post"}],"author":[{"embeddable":true,"href":"https:\/\/cronicahd.ro\/index.php?rest_route=\/wp\/v2\/users\/1"}],"replies":[{"embeddable":true,"href":"https:\/\/cronicahd.ro\/index.php?rest_route=%2Fwp%2Fv2%2Fcomments&post=12549"}],"version-history":[{"count":1,"href":"https:\/\/cronicahd.ro\/index.php?rest_route=\/wp\/v2\/posts\/12549\/revisions"}],"predecessor-version":[{"id":12551,"href":"https:\/\/cronicahd.ro\/index.php?rest_route=\/wp\/v2\/posts\/12549\/revisions\/12551"}],"wp:featuredmedia":[{"embeddable":true,"href":"https:\/\/cronicahd.ro\/index.php?rest_route=\/wp\/v2\/media\/12550"}],"wp:attachment":[{"href":"https:\/\/cronicahd.ro\/index.php?rest_route=%2Fwp%2Fv2%2Fmedia&parent=12549"}],"wp:term":[{"taxonomy":"category","embeddable":true,"href":"https:\/\/cronicahd.ro\/index.php?rest_route=%2Fwp%2Fv2%2Fcategories&post=12549"},{"taxonomy":"post_tag","embeddable":true,"href":"https:\/\/cronicahd.ro\/index.php?rest_route=%2Fwp%2Fv2%2Ftags&post=12549"}],"curies":[{"name":"wp","href":"https:\/\/api.w.org\/{rel}","templated":true}]}}