{"id":12540,"date":"2026-09-03T09:39:18","date_gmt":"2026-09-03T09:39:18","guid":{"rendered":"https:\/\/cronicahd.ro\/?p=12540"},"modified":"2026-09-03T10:43:03","modified_gmt":"2026-09-03T10:43:03","slug":"cateva-scoli-au-conduceri-noi","status":"publish","type":"post","link":"https:\/\/cronicahd.ro\/?p=12540","title":{"rendered":"C\u00e2teva \u0219coli au conduceri noi"},"content":{"rendered":"<p>\u00cencepe \u0219coala, iar unele \u0219coli au, din acest an, conduceri noi. La I\u0218J Hunedoara a avut loc concursul pentru aceste posturi, iar rezultatele au fost f\u0103cute publice \u00een \u0219edin\u021ba de miercuri. A\u0219a c\u0103, \u00een mai multe \u0219coli, directorii, ori directorii adjunc\u021bi sunt al\u021bii.<\/p>\n<p>\u201eAvem pu\u021bine situa\u021bii, \u00een general, au r\u0103mas directorii pe func\u021bie \u0219i \u00een anul \u0219colar 2026-2027. Au fost rezultate frumoase \u00een ceea ce prive\u0219te activitatea managerial\u0103, dar am \u0219i demarat deja concursul de directori care va organizat \u00een aceast\u0103 toamn\u0103. Prin urmare, am consi-derat c\u0103 este bine s\u0103 p\u0103str\u0103m aceia\u0219i colegi pe aceste func\u021bii\u201d, a spus prof. Maria \u0218tef\u0103nie, inspector general \u0219colar I\u0218J Hune-doara.<br \/>\nDar au fost \u0219i unit\u0103\u021bi de \u00eenv\u0103\u021b\u0103m\u00e2nt \u00een care profesorii care au ocupat func\u021bii de conducere fie nu au mai dorit postul, fie, s-au pensionat, fie nu l-au ob\u021binut. \u201eAvem la \u0218coala Gimnazial\u0103 din B\u0103cia, la Bo\u0219orod, la Liceul Teoretic \u201eTegla\u0219 Gabor\u201d din Deva, Colegiul Economic \u201eEmanoil Gojdu\u201d Hunedoara, Liceul Tehnologic \u201eConstantin Bursan\u201d Hunedoara, Liceul Tehnologic Lupeni, \u0218coala Gimnazial\u0103 nr 3 Lupeni, unde este un nou director adjunct, \u0218coala Gimnazial\u0103 \u201eI.G Duca\u201d Petro\u0219ani, tot director adjunct, Rapoltu Mare, S\u0103la\u0219u de Sus, S\u00e2nt\u0103m\u00e2rie Orlea, \u0218coala gimnazial\u0103 nr 4 Vulcan, tot o func\u021bie de director adjunct, dar \u0219i la Colegiul Tehnic \u201eConstantin Br\u00e2ncu\u0219i\u201d Petrila, tot o func\u021bie de director adjunct\u201d, a precizat inspectorul general Maria \u0218tef\u0103nie.<\/p>\n<p>Diana Mitrache<\/p>\n","protected":false},"excerpt":{"rendered":"<p>\u00cencepe \u0219coala, iar unele \u0219coli au, din acest an, conduceri noi. La I\u0218J Hunedoara a&#8230;<\/p>\n","protected":false},"author":1,"featured_media":12548,"comment_status":"closed","ping_status":"closed","sticky":false,"template":"","format":"standard","meta":{"footnotes":""},"categories":[1,12],"tags":[],"class_list":["post-12540","post","type-post","status-publish","format-standard","has-post-thumbnail","hentry","category-actual","category-invatamant"],"yoast_head":"<!-- This site is optimized with the Yoast SEO plugin v25.3.1 - https:\/\/yoast.com\/wordpress\/plugins\/seo\/ -->\n<title>C\u00e2teva \u0219coli au conduceri noi - Cronica de Hunedoara<\/title>\n<meta name=\"robots\" content=\"index, follow, max-snippet:-1, max-image-preview:large, max-video-preview:-1\" \/>\n<link rel=\"canonical\" href=\"https:\/\/cronicahd.ro\/?p=12540\" \/>\n<meta property=\"og:locale\" content=\"ro_RO\" \/>\n<meta property=\"og:type\" content=\"article\" \/>\n<meta property=\"og:title\" content=\"C\u00e2teva \u0219coli au conduceri noi - Cronica de Hunedoara\" \/>\n<meta property=\"og:description\" content=\"\u00cencepe \u0219coala, iar unele \u0219coli au, din acest an, conduceri noi. La I\u0218J Hunedoara a...\" \/>\n<meta property=\"og:url\" content=\"https:\/\/cronicahd.ro\/?p=12540\" \/>\n<meta property=\"og:site_name\" content=\"Cronica de Hunedoara\" \/>\n<meta property=\"article:published_time\" content=\"2026-09-03T09:39:18+00:00\" \/>\n<meta property=\"article:modified_time\" content=\"2026-09-03T10:43:03+00:00\" \/>\n<meta property=\"og:image\" content=\"https:\/\/cronicahd.ro\/wp-content\/uploads\/2026\/09\/att.-bMK_NmOQVHw1-o_m9V9tz9_4frWTZ4dNLb9g13ceFc.jpeg\" \/>\n\t<meta property=\"og:image:width\" content=\"1047\" \/>\n\t<meta property=\"og:image:height\" content=\"726\" \/>\n\t<meta property=\"og:image:type\" content=\"image\/jpeg\" \/>\n<meta name=\"author\" content=\"admin\" \/>\n<meta name=\"twitter:card\" content=\"summary_large_image\" \/>\n<meta name=\"twitter:label1\" content=\"Scris de\" \/>\n\t<meta name=\"twitter:data1\" content=\"admin\" \/>\n\t<meta name=\"twitter:label2\" content=\"Timp estimat pentru citire\" \/>\n\t<meta name=\"twitter:data2\" content=\"2 minute\" \/>\n<script type=\"application\/ld+json\" class=\"yoast-schema-graph\">{\"@context\":\"https:\/\/schema.org\",\"@graph\":[{\"@type\":\"Article\",\"@id\":\"https:\/\/cronicahd.ro\/?p=12540#article\",\"isPartOf\":{\"@id\":\"https:\/\/cronicahd.ro\/?p=12540\"},\"author\":{\"name\":\"admin\",\"@id\":\"https:\/\/cronicahd.ro\/#\/schema\/person\/d1a1277a8cd166610328e17aaf58bf46\"},\"headline\":\"C\u00e2teva \u0219coli au conduceri noi\",\"datePublished\":\"2026-09-03T09:39:18+00:00\",\"dateModified\":\"2026-09-03T10:43:03+00:00\",\"mainEntityOfPage\":{\"@id\":\"https:\/\/cronicahd.ro\/?p=12540\"},\"wordCount\":262,\"publisher\":{\"@id\":\"https:\/\/cronicahd.ro\/#organization\"},\"image\":{\"@id\":\"https:\/\/cronicahd.ro\/?p=12540#primaryimage\"},\"thumbnailUrl\":\"https:\/\/cronicahd.ro\/wp-content\/uploads\/2026\/09\/att.-bMK_NmOQVHw1-o_m9V9tz9_4frWTZ4dNLb9g13ceFc.jpeg\",\"articleSection\":[\"Actualitate\",\"invatamant\"],\"inLanguage\":\"ro-RO\"},{\"@type\":\"WebPage\",\"@id\":\"https:\/\/cronicahd.ro\/?p=12540\",\"url\":\"https:\/\/cronicahd.ro\/?p=12540\",\"name\":\"C\u00e2teva \u0219coli au conduceri noi - Cronica de Hunedoara\",\"isPartOf\":{\"@id\":\"https:\/\/cronicahd.ro\/#website\"},\"primaryImageOfPage\":{\"@id\":\"https:\/\/cronicahd.ro\/?p=12540#primaryimage\"},\"image\":{\"@id\":\"https:\/\/cronicahd.ro\/?p=12540#primaryimage\"},\"thumbnailUrl\":\"https:\/\/cronicahd.ro\/wp-content\/uploads\/2026\/09\/att.-bMK_NmOQVHw1-o_m9V9tz9_4frWTZ4dNLb9g13ceFc.jpeg\",\"datePublished\":\"2026-09-03T09:39:18+00:00\",\"dateModified\":\"2026-09-03T10:43:03+00:00\",\"breadcrumb\":{\"@id\":\"https:\/\/cronicahd.ro\/?p=12540#breadcrumb\"},\"inLanguage\":\"ro-RO\",\"potentialAction\":[{\"@type\":\"ReadAction\",\"target\":[\"https:\/\/cronicahd.ro\/?p=12540\"]}]},{\"@type\":\"ImageObject\",\"inLanguage\":\"ro-RO\",\"@id\":\"https:\/\/cronicahd.ro\/?p=12540#primaryimage\",\"url\":\"https:\/\/cronicahd.ro\/wp-content\/uploads\/2026\/09\/att.-bMK_NmOQVHw1-o_m9V9tz9_4frWTZ4dNLb9g13ceFc.jpeg\",\"contentUrl\":\"https:\/\/cronicahd.ro\/wp-content\/uploads\/2026\/09\/att.-bMK_NmOQVHw1-o_m9V9tz9_4frWTZ4dNLb9g13ceFc.jpeg\",\"width\":1047,\"height\":726},{\"@type\":\"BreadcrumbList\",\"@id\":\"https:\/\/cronicahd.ro\/?p=12540#breadcrumb\",\"itemListElement\":[{\"@type\":\"ListItem\",\"position\":1,\"name\":\"Prima pagin\u0103\",\"item\":\"https:\/\/cronicahd.ro\/\"},{\"@type\":\"ListItem\",\"position\":2,\"name\":\"C\u00e2teva \u0219coli au conduceri noi\"}]},{\"@type\":\"WebSite\",\"@id\":\"https:\/\/cronicahd.ro\/#website\",\"url\":\"https:\/\/cronicahd.ro\/\",\"name\":\"Cronica de Hunedoara\",\"description\":\"\",\"publisher\":{\"@id\":\"https:\/\/cronicahd.ro\/#organization\"},\"potentialAction\":[{\"@type\":\"SearchAction\",\"target\":{\"@type\":\"EntryPoint\",\"urlTemplate\":\"https:\/\/cronicahd.ro\/?s={search_term_string}\"},\"query-input\":{\"@type\":\"PropertyValueSpecification\",\"valueRequired\":true,\"valueName\":\"search_term_string\"}}],\"inLanguage\":\"ro-RO\"},{\"@type\":\"Organization\",\"@id\":\"https:\/\/cronicahd.ro\/#organization\",\"name\":\"Cronica de Hunedoara\",\"url\":\"https:\/\/cronicahd.ro\/\",\"logo\":{\"@type\":\"ImageObject\",\"inLanguage\":\"ro-RO\",\"@id\":\"https:\/\/cronicahd.ro\/#\/schema\/logo\/image\/\",\"url\":\"https:\/\/cronicahd.ro\/wp-content\/uploads\/2026\/03\/cropped-crh.jpg\",\"contentUrl\":\"https:\/\/cronicahd.ro\/wp-content\/uploads\/2026\/03\/cropped-crh.jpg\",\"width\":1437,\"height\":327,\"caption\":\"Cronica de Hunedoara\"},\"image\":{\"@id\":\"https:\/\/cronicahd.ro\/#\/schema\/logo\/image\/\"}},{\"@type\":\"Person\",\"@id\":\"https:\/\/cronicahd.ro\/#\/schema\/person\/d1a1277a8cd166610328e17aaf58bf46\",\"name\":\"admin\",\"image\":{\"@type\":\"ImageObject\",\"inLanguage\":\"ro-RO\",\"@id\":\"https:\/\/cronicahd.ro\/#\/schema\/person\/image\/\",\"url\":\"https:\/\/secure.gravatar.com\/avatar\/24700337280d10898c2e0d19d44a05316bff9fccc941ecc5570ffe41668203f7?s=96&d=mm&r=g\",\"contentUrl\":\"https:\/\/secure.gravatar.com\/avatar\/24700337280d10898c2e0d19d44a05316bff9fccc941ecc5570ffe41668203f7?s=96&d=mm&r=g\",\"caption\":\"admin\"},\"sameAs\":[\"https:\/\/cronicavj.ro\"],\"url\":\"https:\/\/cronicahd.ro\/?author=1\"}]}<\/script>\n<!-- \/ Yoast SEO plugin. -->","yoast_head_json":{"title":"C\u00e2teva \u0219coli au conduceri noi - Cronica de Hunedoara","robots":{"index":"index","follow":"follow","max-snippet":"max-snippet:-1","max-image-preview":"max-image-preview:large","max-video-preview":"max-video-preview:-1"},"canonical":"https:\/\/cronicahd.ro\/?p=12540","og_locale":"ro_RO","og_type":"article","og_title":"C\u00e2teva \u0219coli au conduceri noi - Cronica de Hunedoara","og_description":"\u00cencepe \u0219coala, iar unele \u0219coli au, din acest an, conduceri noi. La I\u0218J Hunedoara a...","og_url":"https:\/\/cronicahd.ro\/?p=12540","og_site_name":"Cronica de Hunedoara","article_published_time":"2026-09-03T09:39:18+00:00","article_modified_time":"2026-09-03T10:43:03+00:00","og_image":[{"width":1047,"height":726,"url":"https:\/\/cronicahd.ro\/wp-content\/uploads\/2026\/09\/att.-bMK_NmOQVHw1-o_m9V9tz9_4frWTZ4dNLb9g13ceFc.jpeg","type":"image\/jpeg"}],"author":"admin","twitter_card":"summary_large_image","twitter_misc":{"Scris de":"admin","Timp estimat pentru citire":"2 minute"},"schema":{"@context":"https:\/\/schema.org","@graph":[{"@type":"Article","@id":"https:\/\/cronicahd.ro\/?p=12540#article","isPartOf":{"@id":"https:\/\/cronicahd.ro\/?p=12540"},"author":{"name":"admin","@id":"https:\/\/cronicahd.ro\/#\/schema\/person\/d1a1277a8cd166610328e17aaf58bf46"},"headline":"C\u00e2teva \u0219coli au conduceri noi","datePublished":"2026-09-03T09:39:18+00:00","dateModified":"2026-09-03T10:43:03+00:00","mainEntityOfPage":{"@id":"https:\/\/cronicahd.ro\/?p=12540"},"wordCount":262,"publisher":{"@id":"https:\/\/cronicahd.ro\/#organization"},"image":{"@id":"https:\/\/cronicahd.ro\/?p=12540#primaryimage"},"thumbnailUrl":"https:\/\/cronicahd.ro\/wp-content\/uploads\/2026\/09\/att.-bMK_NmOQVHw1-o_m9V9tz9_4frWTZ4dNLb9g13ceFc.jpeg","articleSection":["Actualitate","invatamant"],"inLanguage":"ro-RO"},{"@type":"WebPage","@id":"https:\/\/cronicahd.ro\/?p=12540","url":"https:\/\/cronicahd.ro\/?p=12540","name":"C\u00e2teva \u0219coli au conduceri noi - Cronica de Hunedoara","isPartOf":{"@id":"https:\/\/cronicahd.ro\/#website"},"primaryImageOfPage":{"@id":"https:\/\/cronicahd.ro\/?p=12540#primaryimage"},"image":{"@id":"https:\/\/cronicahd.ro\/?p=12540#primaryimage"},"thumbnailUrl":"https:\/\/cronicahd.ro\/wp-content\/uploads\/2026\/09\/att.-bMK_NmOQVHw1-o_m9V9tz9_4frWTZ4dNLb9g13ceFc.jpeg","datePublished":"2026-09-03T09:39:18+00:00","dateModified":"2026-09-03T10:43:03+00:00","breadcrumb":{"@id":"https:\/\/cronicahd.ro\/?p=12540#breadcrumb"},"inLanguage":"ro-RO","potentialAction":[{"@type":"ReadAction","target":["https:\/\/cronicahd.ro\/?p=12540"]}]},{"@type":"ImageObject","inLanguage":"ro-RO","@id":"https:\/\/cronicahd.ro\/?p=12540#primaryimage","url":"https:\/\/cronicahd.ro\/wp-content\/uploads\/2026\/09\/att.-bMK_NmOQVHw1-o_m9V9tz9_4frWTZ4dNLb9g13ceFc.jpeg","contentUrl":"https:\/\/cronicahd.ro\/wp-content\/uploads\/2026\/09\/att.-bMK_NmOQVHw1-o_m9V9tz9_4frWTZ4dNLb9g13ceFc.jpeg","width":1047,"height":726},{"@type":"BreadcrumbList","@id":"https:\/\/cronicahd.ro\/?p=12540#breadcrumb","itemListElement":[{"@type":"ListItem","position":1,"name":"Prima pagin\u0103","item":"https:\/\/cronicahd.ro\/"},{"@type":"ListItem","position":2,"name":"C\u00e2teva \u0219coli au conduceri noi"}]},{"@type":"WebSite","@id":"https:\/\/cronicahd.ro\/#website","url":"https:\/\/cronicahd.ro\/","name":"Cronica de Hunedoara","description":"","publisher":{"@id":"https:\/\/cronicahd.ro\/#organization"},"potentialAction":[{"@type":"SearchAction","target":{"@type":"EntryPoint","urlTemplate":"https:\/\/cronicahd.ro\/?s={search_term_string}"},"query-input":{"@type":"PropertyValueSpecification","valueRequired":true,"valueName":"search_term_string"}}],"inLanguage":"ro-RO"},{"@type":"Organization","@id":"https:\/\/cronicahd.ro\/#organization","name":"Cronica de Hunedoara","url":"https:\/\/cronicahd.ro\/","logo":{"@type":"ImageObject","inLanguage":"ro-RO","@id":"https:\/\/cronicahd.ro\/#\/schema\/logo\/image\/","url":"https:\/\/cronicahd.ro\/wp-content\/uploads\/2026\/03\/cropped-crh.jpg","contentUrl":"https:\/\/cronicahd.ro\/wp-content\/uploads\/2026\/03\/cropped-crh.jpg","width":1437,"height":327,"caption":"Cronica de Hunedoara"},"image":{"@id":"https:\/\/cronicahd.ro\/#\/schema\/logo\/image\/"}},{"@type":"Person","@id":"https:\/\/cronicahd.ro\/#\/schema\/person\/d1a1277a8cd166610328e17aaf58bf46","name":"admin","image":{"@type":"ImageObject","inLanguage":"ro-RO","@id":"https:\/\/cronicahd.ro\/#\/schema\/person\/image\/","url":"https:\/\/secure.gravatar.com\/avatar\/24700337280d10898c2e0d19d44a05316bff9fccc941ecc5570ffe41668203f7?s=96&d=mm&r=g","contentUrl":"https:\/\/secure.gravatar.com\/avatar\/24700337280d10898c2e0d19d44a05316bff9fccc941ecc5570ffe41668203f7?s=96&d=mm&r=g","caption":"admin"},"sameAs":["https:\/\/cronicavj.ro"],"url":"https:\/\/cronicahd.ro\/?author=1"}]}},"_links":{"self":[{"href":"https:\/\/cronicahd.ro\/index.php?rest_route=\/wp\/v2\/posts\/12540","targetHints":{"allow":["GET"]}}],"collection":[{"href":"https:\/\/cronicahd.ro\/index.php?rest_route=\/wp\/v2\/posts"}],"about":[{"href":"https:\/\/cronicahd.ro\/index.php?rest_route=\/wp\/v2\/types\/post"}],"author":[{"embeddable":true,"href":"https:\/\/cronicahd.ro\/index.php?rest_route=\/wp\/v2\/users\/1"}],"replies":[{"embeddable":true,"href":"https:\/\/cronicahd.ro\/index.php?rest_route=%2Fwp%2Fv2%2Fcomments&post=12540"}],"version-history":[{"count":1,"href":"https:\/\/cronicahd.ro\/index.php?rest_route=\/wp\/v2\/posts\/12540\/revisions"}],"predecessor-version":[{"id":12542,"href":"https:\/\/cronicahd.ro\/index.php?rest_route=\/wp\/v2\/posts\/12540\/revisions\/12542"}],"wp:featuredmedia":[{"embeddable":true,"href":"https:\/\/cronicahd.ro\/index.php?rest_route=\/wp\/v2\/media\/12548"}],"wp:attachment":[{"href":"https:\/\/cronicahd.ro\/index.php?rest_route=%2Fwp%2Fv2%2Fmedia&parent=12540"}],"wp:term":[{"taxonomy":"category","embeddable":true,"href":"https:\/\/cronicahd.ro\/index.php?rest_route=%2Fwp%2Fv2%2Fcategories&post=12540"},{"taxonomy":"post_tag","embeddable":true,"href":"https:\/\/cronicahd.ro\/index.php?rest_route=%2Fwp%2Fv2%2Ftags&post=12540"}],"curies":[{"name":"wp","href":"https:\/\/api.w.org\/{rel}","templated":true}]}}