{"id":12536,"date":"2026-09-03T09:33:07","date_gmt":"2026-09-03T09:33:07","guid":{"rendered":"https:\/\/cronicahd.ro\/?p=12536"},"modified":"2026-09-03T09:33:07","modified_gmt":"2026-09-03T09:33:07","slug":"salvati-copiii-pregatiri-de-scoala-si-de-primele-luni-din-viata","status":"publish","type":"post","link":"https:\/\/cronicahd.ro\/?p=12536","title":{"rendered":"Salva\u021bi copiii, preg\u0103tiri de \u0219coal\u0103 \u0219i de primele luni din via\u021b\u0103"},"content":{"rendered":"<p>&nbsp;<\/p>\n<p>Fie c\u0103 vorbim de rechizite, pe care, \u00een aceste zile, copiii din mediile defavorizate le primesc acum, sau de cutia bebelu\u0219ului, care se transform\u0103 \u00een p\u0103tu\u021b, cadourile de la Salva\u021bi Copiii sunt o gur\u0103 de oxigen \u0219i un mod de a evita abandonul \u0219colar.<\/p>\n<p>O recunosc \u0219i cei din Petrila, care coordoneaz\u0103 activitatea organiza\u021biei hunedorene \u0219i care spun c\u0103, f\u0103r\u0103 rechizite, ace\u0219ti copii poate nu ar fi ajuns la \u0219coal\u0103. \u0218i urmeaz\u0103 s\u0103 primeasc\u0103 \u0219i haine groase. \u201eAm reu\u0219it s\u0103 oferim rechizite copiilor \u0219i, trebuie s\u0103 recunosc, mai pu\u021bin ca \u00een al\u021bi ani, pentru c\u0103 pre\u021burile sunt mari. Dar e mare nevoie de ele. Cei cu care lucr\u0103m noi ar abandona altfel \u0219coala. C\u00e2teva caiete, un stilou, un pix \u0219i realiz\u0103m \u0219i noi c\u00e2t cost\u0103 totul. Dac\u0103 ai doi, trei copii nu au cum s\u0103 \u00eei trimi\u021bi la \u0219coal\u0103. A\u0219a c\u0103, dup\u0103 ce \u00eencepem \u0219coala, pentru c\u0103 vine frigul, le vom cump\u0103ra \u0219i haine\u201d, a spus Florin Popescu, directorul Organiza\u021biei Salva\u021bi Copiii Hunedoara.<\/p>\n<p><img loading=\"lazy\" decoding=\"async\" class=\"alignnone size-full wp-image-12538\" src=\"https:\/\/cronicahd.ro\/wp-content\/uploads\/2026\/09\/3dc954ab-0267-4b28-8670-52b620b1f1fd.jpg\" alt=\"\" width=\"1200\" height=\"1600\" srcset=\"https:\/\/cronicahd.ro\/wp-content\/uploads\/2026\/09\/3dc954ab-0267-4b28-8670-52b620b1f1fd.jpg 1200w, https:\/\/cronicahd.ro\/wp-content\/uploads\/2026\/09\/3dc954ab-0267-4b28-8670-52b620b1f1fd-225x300.jpg 225w, https:\/\/cronicahd.ro\/wp-content\/uploads\/2026\/09\/3dc954ab-0267-4b28-8670-52b620b1f1fd-768x1024.jpg 768w, https:\/\/cronicahd.ro\/wp-content\/uploads\/2026\/09\/3dc954ab-0267-4b28-8670-52b620b1f1fd-1152x1536.jpg 1152w, https:\/\/cronicahd.ro\/wp-content\/uploads\/2026\/09\/3dc954ab-0267-4b28-8670-52b620b1f1fd-1024x1365.jpg 1024w\" sizes=\"auto, (max-width: 1200px) 100vw, 1200px\" \/><br \/>\nSunt peste 100 de copii care primesc sprijin de la Salva\u021bi Copiii \u0219i pentru care educa\u021bia, altfel, ar fi un vis irealizabil.<br \/>\n\u00cen plus, pentru cei care vin pe lume \u00een familii cu mul\u021bi copii, sau cu dificult\u0103\u021bi materiale, Cutia bebelu\u0219ului este exact ce \u00eei ajut\u0103 pe p\u0103rin\u021bi s\u0103 treac\u0103 peste greut\u0103\u021bile primelor luni. \u201eAm terminat cea de a treia edi\u021bie. \u00cen fiecare an s-au dat cam 350 de cutii. Iar acum \u00eencepem, \u00een toamn\u0103, cea de-a patra, cu alte 350 de cutii. O cutie are 65 de produse, iar dup\u0103 ce sco\u021bi produsele, \u00een interior g\u0103sim o saltea, iar cutia se transform\u0103 \u00een p\u0103tu\u021b. Asta \u00eei ajut\u0103 pe cei ce nu au posibilitatea de a lua un p\u0103tu\u021b nou. Sunt \u0219i haine, pampers, iar scopul nostru este de a ajunge \u00een mediul rural, acolo unde accesul la serviciile medicale, controalele la medic se adaug\u0103 s\u0103r\u0103ciei\u201d, spune Florin Popescu, director Salva\u021bi Copiii Hunedoara, care a primit o list\u0103 \u00eentreag\u0103 de la DGASPC Hunedoara \u0219i a adus mereu un motiv de bucurie, pentru mamele ce abia au n\u0103scut.<\/p>\n<p>Diana Mitrache<\/p>\n","protected":false},"excerpt":{"rendered":"<p>&nbsp; Fie c\u0103 vorbim de rechizite, pe care, \u00een aceste zile, copiii din mediile defavorizate&#8230;<\/p>\n","protected":false},"author":1,"featured_media":12537,"comment_status":"closed","ping_status":"closed","sticky":false,"template":"","format":"standard","meta":{"footnotes":""},"categories":[1,14],"tags":[],"class_list":["post-12536","post","type-post","status-publish","format-standard","has-post-thumbnail","hentry","category-actual","category-social"],"yoast_head":"<!-- This site is optimized with the Yoast SEO plugin v25.3.1 - https:\/\/yoast.com\/wordpress\/plugins\/seo\/ -->\n<title>Salva\u021bi copiii, preg\u0103tiri de \u0219coal\u0103 \u0219i de primele luni din via\u021b\u0103 - Cronica de Hunedoara<\/title>\n<meta name=\"robots\" content=\"index, follow, max-snippet:-1, max-image-preview:large, max-video-preview:-1\" \/>\n<link rel=\"canonical\" href=\"https:\/\/cronicahd.ro\/?p=12536\" \/>\n<meta property=\"og:locale\" content=\"ro_RO\" \/>\n<meta property=\"og:type\" content=\"article\" \/>\n<meta property=\"og:title\" content=\"Salva\u021bi copiii, preg\u0103tiri de \u0219coal\u0103 \u0219i de primele luni din via\u021b\u0103 - Cronica de Hunedoara\" \/>\n<meta property=\"og:description\" content=\"&nbsp; Fie c\u0103 vorbim de rechizite, pe care, \u00een aceste zile, copiii din mediile defavorizate...\" \/>\n<meta property=\"og:url\" content=\"https:\/\/cronicahd.ro\/?p=12536\" \/>\n<meta property=\"og:site_name\" content=\"Cronica de Hunedoara\" \/>\n<meta property=\"article:published_time\" content=\"2026-09-03T09:33:07+00:00\" \/>\n<meta property=\"og:image\" content=\"https:\/\/cronicahd.ro\/wp-content\/uploads\/2026\/09\/03c24054-1a2d-4d53-9973-eb1d886dd5be.jpg\" \/>\n\t<meta property=\"og:image:width\" content=\"2048\" \/>\n\t<meta property=\"og:image:height\" content=\"1536\" \/>\n\t<meta property=\"og:image:type\" content=\"image\/jpeg\" \/>\n<meta name=\"author\" content=\"admin\" \/>\n<meta name=\"twitter:card\" content=\"summary_large_image\" \/>\n<meta name=\"twitter:label1\" content=\"Scris de\" \/>\n\t<meta name=\"twitter:data1\" content=\"admin\" \/>\n\t<meta name=\"twitter:label2\" content=\"Timp estimat pentru citire\" \/>\n\t<meta name=\"twitter:data2\" content=\"3 minute\" \/>\n<script type=\"application\/ld+json\" class=\"yoast-schema-graph\">{\"@context\":\"https:\/\/schema.org\",\"@graph\":[{\"@type\":\"Article\",\"@id\":\"https:\/\/cronicahd.ro\/?p=12536#article\",\"isPartOf\":{\"@id\":\"https:\/\/cronicahd.ro\/?p=12536\"},\"author\":{\"name\":\"admin\",\"@id\":\"https:\/\/cronicahd.ro\/#\/schema\/person\/d1a1277a8cd166610328e17aaf58bf46\"},\"headline\":\"Salva\u021bi copiii, preg\u0103tiri de \u0219coal\u0103 \u0219i de primele luni din via\u021b\u0103\",\"datePublished\":\"2026-09-03T09:33:07+00:00\",\"mainEntityOfPage\":{\"@id\":\"https:\/\/cronicahd.ro\/?p=12536\"},\"wordCount\":388,\"publisher\":{\"@id\":\"https:\/\/cronicahd.ro\/#organization\"},\"image\":{\"@id\":\"https:\/\/cronicahd.ro\/?p=12536#primaryimage\"},\"thumbnailUrl\":\"https:\/\/cronicahd.ro\/wp-content\/uploads\/2026\/09\/03c24054-1a2d-4d53-9973-eb1d886dd5be.jpg\",\"articleSection\":[\"Actualitate\",\"social\"],\"inLanguage\":\"ro-RO\"},{\"@type\":\"WebPage\",\"@id\":\"https:\/\/cronicahd.ro\/?p=12536\",\"url\":\"https:\/\/cronicahd.ro\/?p=12536\",\"name\":\"Salva\u021bi copiii, preg\u0103tiri de \u0219coal\u0103 \u0219i de primele luni din via\u021b\u0103 - Cronica de Hunedoara\",\"isPartOf\":{\"@id\":\"https:\/\/cronicahd.ro\/#website\"},\"primaryImageOfPage\":{\"@id\":\"https:\/\/cronicahd.ro\/?p=12536#primaryimage\"},\"image\":{\"@id\":\"https:\/\/cronicahd.ro\/?p=12536#primaryimage\"},\"thumbnailUrl\":\"https:\/\/cronicahd.ro\/wp-content\/uploads\/2026\/09\/03c24054-1a2d-4d53-9973-eb1d886dd5be.jpg\",\"datePublished\":\"2026-09-03T09:33:07+00:00\",\"breadcrumb\":{\"@id\":\"https:\/\/cronicahd.ro\/?p=12536#breadcrumb\"},\"inLanguage\":\"ro-RO\",\"potentialAction\":[{\"@type\":\"ReadAction\",\"target\":[\"https:\/\/cronicahd.ro\/?p=12536\"]}]},{\"@type\":\"ImageObject\",\"inLanguage\":\"ro-RO\",\"@id\":\"https:\/\/cronicahd.ro\/?p=12536#primaryimage\",\"url\":\"https:\/\/cronicahd.ro\/wp-content\/uploads\/2026\/09\/03c24054-1a2d-4d53-9973-eb1d886dd5be.jpg\",\"contentUrl\":\"https:\/\/cronicahd.ro\/wp-content\/uploads\/2026\/09\/03c24054-1a2d-4d53-9973-eb1d886dd5be.jpg\",\"width\":2048,\"height\":1536},{\"@type\":\"BreadcrumbList\",\"@id\":\"https:\/\/cronicahd.ro\/?p=12536#breadcrumb\",\"itemListElement\":[{\"@type\":\"ListItem\",\"position\":1,\"name\":\"Prima pagin\u0103\",\"item\":\"https:\/\/cronicahd.ro\/\"},{\"@type\":\"ListItem\",\"position\":2,\"name\":\"Salva\u021bi copiii, preg\u0103tiri de \u0219coal\u0103 \u0219i de primele luni din via\u021b\u0103\"}]},{\"@type\":\"WebSite\",\"@id\":\"https:\/\/cronicahd.ro\/#website\",\"url\":\"https:\/\/cronicahd.ro\/\",\"name\":\"Cronica de Hunedoara\",\"description\":\"\",\"publisher\":{\"@id\":\"https:\/\/cronicahd.ro\/#organization\"},\"potentialAction\":[{\"@type\":\"SearchAction\",\"target\":{\"@type\":\"EntryPoint\",\"urlTemplate\":\"https:\/\/cronicahd.ro\/?s={search_term_string}\"},\"query-input\":{\"@type\":\"PropertyValueSpecification\",\"valueRequired\":true,\"valueName\":\"search_term_string\"}}],\"inLanguage\":\"ro-RO\"},{\"@type\":\"Organization\",\"@id\":\"https:\/\/cronicahd.ro\/#organization\",\"name\":\"Cronica de Hunedoara\",\"url\":\"https:\/\/cronicahd.ro\/\",\"logo\":{\"@type\":\"ImageObject\",\"inLanguage\":\"ro-RO\",\"@id\":\"https:\/\/cronicahd.ro\/#\/schema\/logo\/image\/\",\"url\":\"https:\/\/cronicahd.ro\/wp-content\/uploads\/2026\/03\/cropped-crh.jpg\",\"contentUrl\":\"https:\/\/cronicahd.ro\/wp-content\/uploads\/2026\/03\/cropped-crh.jpg\",\"width\":1437,\"height\":327,\"caption\":\"Cronica de Hunedoara\"},\"image\":{\"@id\":\"https:\/\/cronicahd.ro\/#\/schema\/logo\/image\/\"}},{\"@type\":\"Person\",\"@id\":\"https:\/\/cronicahd.ro\/#\/schema\/person\/d1a1277a8cd166610328e17aaf58bf46\",\"name\":\"admin\",\"image\":{\"@type\":\"ImageObject\",\"inLanguage\":\"ro-RO\",\"@id\":\"https:\/\/cronicahd.ro\/#\/schema\/person\/image\/\",\"url\":\"https:\/\/secure.gravatar.com\/avatar\/24700337280d10898c2e0d19d44a05316bff9fccc941ecc5570ffe41668203f7?s=96&d=mm&r=g\",\"contentUrl\":\"https:\/\/secure.gravatar.com\/avatar\/24700337280d10898c2e0d19d44a05316bff9fccc941ecc5570ffe41668203f7?s=96&d=mm&r=g\",\"caption\":\"admin\"},\"sameAs\":[\"https:\/\/cronicavj.ro\"],\"url\":\"https:\/\/cronicahd.ro\/?author=1\"}]}<\/script>\n<!-- \/ Yoast SEO plugin. -->","yoast_head_json":{"title":"Salva\u021bi copiii, preg\u0103tiri de \u0219coal\u0103 \u0219i de primele luni din via\u021b\u0103 - Cronica de Hunedoara","robots":{"index":"index","follow":"follow","max-snippet":"max-snippet:-1","max-image-preview":"max-image-preview:large","max-video-preview":"max-video-preview:-1"},"canonical":"https:\/\/cronicahd.ro\/?p=12536","og_locale":"ro_RO","og_type":"article","og_title":"Salva\u021bi copiii, preg\u0103tiri de \u0219coal\u0103 \u0219i de primele luni din via\u021b\u0103 - Cronica de Hunedoara","og_description":"&nbsp; Fie c\u0103 vorbim de rechizite, pe care, \u00een aceste zile, copiii din mediile defavorizate...","og_url":"https:\/\/cronicahd.ro\/?p=12536","og_site_name":"Cronica de Hunedoara","article_published_time":"2026-09-03T09:33:07+00:00","og_image":[{"width":2048,"height":1536,"url":"https:\/\/cronicahd.ro\/wp-content\/uploads\/2026\/09\/03c24054-1a2d-4d53-9973-eb1d886dd5be.jpg","type":"image\/jpeg"}],"author":"admin","twitter_card":"summary_large_image","twitter_misc":{"Scris de":"admin","Timp estimat pentru citire":"3 minute"},"schema":{"@context":"https:\/\/schema.org","@graph":[{"@type":"Article","@id":"https:\/\/cronicahd.ro\/?p=12536#article","isPartOf":{"@id":"https:\/\/cronicahd.ro\/?p=12536"},"author":{"name":"admin","@id":"https:\/\/cronicahd.ro\/#\/schema\/person\/d1a1277a8cd166610328e17aaf58bf46"},"headline":"Salva\u021bi copiii, preg\u0103tiri de \u0219coal\u0103 \u0219i de primele luni din via\u021b\u0103","datePublished":"2026-09-03T09:33:07+00:00","mainEntityOfPage":{"@id":"https:\/\/cronicahd.ro\/?p=12536"},"wordCount":388,"publisher":{"@id":"https:\/\/cronicahd.ro\/#organization"},"image":{"@id":"https:\/\/cronicahd.ro\/?p=12536#primaryimage"},"thumbnailUrl":"https:\/\/cronicahd.ro\/wp-content\/uploads\/2026\/09\/03c24054-1a2d-4d53-9973-eb1d886dd5be.jpg","articleSection":["Actualitate","social"],"inLanguage":"ro-RO"},{"@type":"WebPage","@id":"https:\/\/cronicahd.ro\/?p=12536","url":"https:\/\/cronicahd.ro\/?p=12536","name":"Salva\u021bi copiii, preg\u0103tiri de \u0219coal\u0103 \u0219i de primele luni din via\u021b\u0103 - Cronica de Hunedoara","isPartOf":{"@id":"https:\/\/cronicahd.ro\/#website"},"primaryImageOfPage":{"@id":"https:\/\/cronicahd.ro\/?p=12536#primaryimage"},"image":{"@id":"https:\/\/cronicahd.ro\/?p=12536#primaryimage"},"thumbnailUrl":"https:\/\/cronicahd.ro\/wp-content\/uploads\/2026\/09\/03c24054-1a2d-4d53-9973-eb1d886dd5be.jpg","datePublished":"2026-09-03T09:33:07+00:00","breadcrumb":{"@id":"https:\/\/cronicahd.ro\/?p=12536#breadcrumb"},"inLanguage":"ro-RO","potentialAction":[{"@type":"ReadAction","target":["https:\/\/cronicahd.ro\/?p=12536"]}]},{"@type":"ImageObject","inLanguage":"ro-RO","@id":"https:\/\/cronicahd.ro\/?p=12536#primaryimage","url":"https:\/\/cronicahd.ro\/wp-content\/uploads\/2026\/09\/03c24054-1a2d-4d53-9973-eb1d886dd5be.jpg","contentUrl":"https:\/\/cronicahd.ro\/wp-content\/uploads\/2026\/09\/03c24054-1a2d-4d53-9973-eb1d886dd5be.jpg","width":2048,"height":1536},{"@type":"BreadcrumbList","@id":"https:\/\/cronicahd.ro\/?p=12536#breadcrumb","itemListElement":[{"@type":"ListItem","position":1,"name":"Prima pagin\u0103","item":"https:\/\/cronicahd.ro\/"},{"@type":"ListItem","position":2,"name":"Salva\u021bi copiii, preg\u0103tiri de \u0219coal\u0103 \u0219i de primele luni din via\u021b\u0103"}]},{"@type":"WebSite","@id":"https:\/\/cronicahd.ro\/#website","url":"https:\/\/cronicahd.ro\/","name":"Cronica de Hunedoara","description":"","publisher":{"@id":"https:\/\/cronicahd.ro\/#organization"},"potentialAction":[{"@type":"SearchAction","target":{"@type":"EntryPoint","urlTemplate":"https:\/\/cronicahd.ro\/?s={search_term_string}"},"query-input":{"@type":"PropertyValueSpecification","valueRequired":true,"valueName":"search_term_string"}}],"inLanguage":"ro-RO"},{"@type":"Organization","@id":"https:\/\/cronicahd.ro\/#organization","name":"Cronica de Hunedoara","url":"https:\/\/cronicahd.ro\/","logo":{"@type":"ImageObject","inLanguage":"ro-RO","@id":"https:\/\/cronicahd.ro\/#\/schema\/logo\/image\/","url":"https:\/\/cronicahd.ro\/wp-content\/uploads\/2026\/03\/cropped-crh.jpg","contentUrl":"https:\/\/cronicahd.ro\/wp-content\/uploads\/2026\/03\/cropped-crh.jpg","width":1437,"height":327,"caption":"Cronica de Hunedoara"},"image":{"@id":"https:\/\/cronicahd.ro\/#\/schema\/logo\/image\/"}},{"@type":"Person","@id":"https:\/\/cronicahd.ro\/#\/schema\/person\/d1a1277a8cd166610328e17aaf58bf46","name":"admin","image":{"@type":"ImageObject","inLanguage":"ro-RO","@id":"https:\/\/cronicahd.ro\/#\/schema\/person\/image\/","url":"https:\/\/secure.gravatar.com\/avatar\/24700337280d10898c2e0d19d44a05316bff9fccc941ecc5570ffe41668203f7?s=96&d=mm&r=g","contentUrl":"https:\/\/secure.gravatar.com\/avatar\/24700337280d10898c2e0d19d44a05316bff9fccc941ecc5570ffe41668203f7?s=96&d=mm&r=g","caption":"admin"},"sameAs":["https:\/\/cronicavj.ro"],"url":"https:\/\/cronicahd.ro\/?author=1"}]}},"_links":{"self":[{"href":"https:\/\/cronicahd.ro\/index.php?rest_route=\/wp\/v2\/posts\/12536","targetHints":{"allow":["GET"]}}],"collection":[{"href":"https:\/\/cronicahd.ro\/index.php?rest_route=\/wp\/v2\/posts"}],"about":[{"href":"https:\/\/cronicahd.ro\/index.php?rest_route=\/wp\/v2\/types\/post"}],"author":[{"embeddable":true,"href":"https:\/\/cronicahd.ro\/index.php?rest_route=\/wp\/v2\/users\/1"}],"replies":[{"embeddable":true,"href":"https:\/\/cronicahd.ro\/index.php?rest_route=%2Fwp%2Fv2%2Fcomments&post=12536"}],"version-history":[{"count":1,"href":"https:\/\/cronicahd.ro\/index.php?rest_route=\/wp\/v2\/posts\/12536\/revisions"}],"predecessor-version":[{"id":12539,"href":"https:\/\/cronicahd.ro\/index.php?rest_route=\/wp\/v2\/posts\/12536\/revisions\/12539"}],"wp:featuredmedia":[{"embeddable":true,"href":"https:\/\/cronicahd.ro\/index.php?rest_route=\/wp\/v2\/media\/12537"}],"wp:attachment":[{"href":"https:\/\/cronicahd.ro\/index.php?rest_route=%2Fwp%2Fv2%2Fmedia&parent=12536"}],"wp:term":[{"taxonomy":"category","embeddable":true,"href":"https:\/\/cronicahd.ro\/index.php?rest_route=%2Fwp%2Fv2%2Fcategories&post=12536"},{"taxonomy":"post_tag","embeddable":true,"href":"https:\/\/cronicahd.ro\/index.php?rest_route=%2Fwp%2Fv2%2Ftags&post=12536"}],"curies":[{"name":"wp","href":"https:\/\/api.w.org\/{rel}","templated":true}]}}