{"id":12534,"date":"2026-09-03T09:02:23","date_gmt":"2026-09-03T09:02:23","guid":{"rendered":"https:\/\/cronicahd.ro\/?p=12534"},"modified":"2026-09-03T09:02:23","modified_gmt":"2026-09-03T09:02:23","slug":"in-cateva-ore-aflam-cine-va-conduce-cevj","status":"publish","type":"post","link":"https:\/\/cronicahd.ro\/?p=12534","title":{"rendered":"\u00cen c\u00e2teva ore afl\u0103m cine va conduce CEVJ"},"content":{"rendered":"<p>&nbsp;<\/p>\n<p>\u00cen c\u00e2teva ore va fi desemnat directorul general al Complexului Energetic Valea Jiului. Decizia va fi f\u0103cut\u0103 public\u0103 la finele acestei s\u0103pt\u0103m\u00e2ni \u0219i actualul pre\u0219edinte al Consiliului de Administra\u021bie spune c\u0103 selec\u021bia s-a f\u0103cut \u00een baza unei ordonan\u021be corporative, dup\u0103 ce, de la finele anului trecut, compania din Valea Jiului este condus\u0103 interimar de Samuel Dioane.<\/p>\n<p>\u201eSelec\u021bia are loc \u00een cadrul Ordonan\u021bei corporative \u0219i se va anun\u021ba un director general, cel mai t\u00e2rziu, \u00een cursul zilei de vineri. Nu pot spune cine sunt candida\u021bii, pentru c\u0103 plicurile au fost depuse \u00eenchise, urm\u00e2nd ca lista s\u0103 fie f\u0103cut\u0103 public\u0103 doar de comisie\u201d, a precizat Marius Po\u0219a, pre\u0219edintele CA al CEVJ.<\/p>\n<p>Marius Po\u0219a nu a negat, dar nici nu a afirmat c\u0103 are dosarul depus, dar a \u021binut s\u0103 spun\u0103 c\u0103, de c\u00e2nd se ocup\u0103 de CEVJ, a \u021binut mereu cu oamenii. \u201eAtunci c\u00e2nd\u00a0 am venit \u00een Valea Jiului, indiferent de pozi\u021biile politice, pe care le accept \u0219i le \u00een\u021beleg, pentru c\u0103 este pozi\u021bia oamenilor care ap\u0103r\u0103 oamenii de acolo, am promis c\u0103 voi r\u0103m\u00e2ne c\u00e2t mai mult \u00een aceast\u0103 zon\u0103, tocmai pentru a ajuta \u0219i a sprijini c\u00e2t mai mult prelungirea vie\u021bii\u00a0 acestor exploat\u0103ri miniere. Anul acesta a venit ca o m\u0103nu\u0219\u0103, de\u0219i sun\u0103 foarte ur\u00e2t, criza energetic\u0103, care ne-a demonstrat c\u0103, dac\u0103 vom face un pas gre\u0219it, acesta este ireversibil \u0219i iremediabil\u201d, a mai spus Marius Po\u0219a.<\/p>\n<p>Surse din cadrul CEVJ \u00eel dau \u0219i pe Po\u0219a drept candidat, a\u0219a cum \u0219i actualul interimar Samuel Dioane ar fi pe lista celor ce \u0219i-au depus dosarul.<\/p>\n<p>Consiliul de Administra\u021bie al Complexului Energetic Valea Jiului l-a desemnat \u00een 16 decembrie 2025, pe Samuel Dioane \u00een aceast\u0103 func\u021bie, el fiind cel care a \u00eentrunit voturile membrilor CA. Tot ace\u0219tia au decis atunci s\u0103 \u00eel destituie pe Eduard Mija, directorul care fusese angajat pe Legea 109, pe Ordonan\u021b\u0103 Corporativ\u0103.<\/p>\n<p>Potrivit unui comunicat remis de CEVJ, Samuel Dioane a asigurat conducerea executiv\u0103 a societ\u0103\u021bii, p\u00e2n\u0103 la organizarea procedurii de selec\u021bie pentru ocuparea acestei func\u021bii, \u00een conformitate cu prevederile Legii 109\/2011, privind guvernan\u021ba corporativ\u0103 a \u00eentreprinderilor publice.<\/p>\n<p>&nbsp;<\/p>\n<p>Diana Mitrache<\/p>\n<p>&nbsp;<\/p>\n","protected":false},"excerpt":{"rendered":"<p>&nbsp; \u00cen c\u00e2teva ore va fi desemnat directorul general al Complexului Energetic Valea Jiului. Decizia&#8230;<\/p>\n","protected":false},"author":1,"featured_media":6870,"comment_status":"closed","ping_status":"closed","sticky":false,"template":"","format":"standard","meta":{"footnotes":""},"categories":[1,18],"tags":[],"class_list":["post-12534","post","type-post","status-publish","format-standard","has-post-thumbnail","hentry","category-actual","category-economic"],"yoast_head":"<!-- This site is optimized with the Yoast SEO plugin v25.3.1 - https:\/\/yoast.com\/wordpress\/plugins\/seo\/ -->\n<title>\u00cen c\u00e2teva ore afl\u0103m cine va conduce CEVJ - Cronica de Hunedoara<\/title>\n<meta name=\"robots\" content=\"index, follow, max-snippet:-1, max-image-preview:large, max-video-preview:-1\" \/>\n<link rel=\"canonical\" href=\"https:\/\/cronicahd.ro\/?p=12534\" \/>\n<meta property=\"og:locale\" content=\"ro_RO\" \/>\n<meta property=\"og:type\" content=\"article\" \/>\n<meta property=\"og:title\" content=\"\u00cen c\u00e2teva ore afl\u0103m cine va conduce CEVJ - Cronica de Hunedoara\" \/>\n<meta property=\"og:description\" content=\"&nbsp; \u00cen c\u00e2teva ore va fi desemnat directorul general al Complexului Energetic Valea Jiului. Decizia...\" \/>\n<meta property=\"og:url\" content=\"https:\/\/cronicahd.ro\/?p=12534\" \/>\n<meta property=\"og:site_name\" content=\"Cronica de Hunedoara\" \/>\n<meta property=\"article:published_time\" content=\"2026-09-03T09:02:23+00:00\" \/>\n<meta property=\"og:image\" content=\"https:\/\/cronicahd.ro\/wp-content\/uploads\/2026\/03\/cevj.jpg\" \/>\n\t<meta property=\"og:image:width\" content=\"275\" \/>\n\t<meta property=\"og:image:height\" content=\"183\" \/>\n\t<meta property=\"og:image:type\" content=\"image\/jpeg\" \/>\n<meta name=\"author\" content=\"admin\" \/>\n<meta name=\"twitter:card\" content=\"summary_large_image\" \/>\n<meta name=\"twitter:label1\" content=\"Scris de\" \/>\n\t<meta name=\"twitter:data1\" content=\"admin\" \/>\n\t<meta name=\"twitter:label2\" content=\"Timp estimat pentru citire\" \/>\n\t<meta name=\"twitter:data2\" content=\"2 minute\" \/>\n<script type=\"application\/ld+json\" class=\"yoast-schema-graph\">{\"@context\":\"https:\/\/schema.org\",\"@graph\":[{\"@type\":\"Article\",\"@id\":\"https:\/\/cronicahd.ro\/?p=12534#article\",\"isPartOf\":{\"@id\":\"https:\/\/cronicahd.ro\/?p=12534\"},\"author\":{\"name\":\"admin\",\"@id\":\"https:\/\/cronicahd.ro\/#\/schema\/person\/d1a1277a8cd166610328e17aaf58bf46\"},\"headline\":\"\u00cen c\u00e2teva ore afl\u0103m cine va conduce CEVJ\",\"datePublished\":\"2026-09-03T09:02:23+00:00\",\"mainEntityOfPage\":{\"@id\":\"https:\/\/cronicahd.ro\/?p=12534\"},\"wordCount\":398,\"publisher\":{\"@id\":\"https:\/\/cronicahd.ro\/#organization\"},\"image\":{\"@id\":\"https:\/\/cronicahd.ro\/?p=12534#primaryimage\"},\"thumbnailUrl\":\"https:\/\/cronicahd.ro\/wp-content\/uploads\/2026\/03\/cevj.jpg\",\"articleSection\":[\"Actualitate\",\"economic\"],\"inLanguage\":\"ro-RO\"},{\"@type\":\"WebPage\",\"@id\":\"https:\/\/cronicahd.ro\/?p=12534\",\"url\":\"https:\/\/cronicahd.ro\/?p=12534\",\"name\":\"\u00cen c\u00e2teva ore afl\u0103m cine va conduce CEVJ - Cronica de Hunedoara\",\"isPartOf\":{\"@id\":\"https:\/\/cronicahd.ro\/#website\"},\"primaryImageOfPage\":{\"@id\":\"https:\/\/cronicahd.ro\/?p=12534#primaryimage\"},\"image\":{\"@id\":\"https:\/\/cronicahd.ro\/?p=12534#primaryimage\"},\"thumbnailUrl\":\"https:\/\/cronicahd.ro\/wp-content\/uploads\/2026\/03\/cevj.jpg\",\"datePublished\":\"2026-09-03T09:02:23+00:00\",\"breadcrumb\":{\"@id\":\"https:\/\/cronicahd.ro\/?p=12534#breadcrumb\"},\"inLanguage\":\"ro-RO\",\"potentialAction\":[{\"@type\":\"ReadAction\",\"target\":[\"https:\/\/cronicahd.ro\/?p=12534\"]}]},{\"@type\":\"ImageObject\",\"inLanguage\":\"ro-RO\",\"@id\":\"https:\/\/cronicahd.ro\/?p=12534#primaryimage\",\"url\":\"https:\/\/cronicahd.ro\/wp-content\/uploads\/2026\/03\/cevj.jpg\",\"contentUrl\":\"https:\/\/cronicahd.ro\/wp-content\/uploads\/2026\/03\/cevj.jpg\",\"width\":275,\"height\":183},{\"@type\":\"BreadcrumbList\",\"@id\":\"https:\/\/cronicahd.ro\/?p=12534#breadcrumb\",\"itemListElement\":[{\"@type\":\"ListItem\",\"position\":1,\"name\":\"Prima pagin\u0103\",\"item\":\"https:\/\/cronicahd.ro\/\"},{\"@type\":\"ListItem\",\"position\":2,\"name\":\"\u00cen c\u00e2teva ore afl\u0103m cine va conduce CEVJ\"}]},{\"@type\":\"WebSite\",\"@id\":\"https:\/\/cronicahd.ro\/#website\",\"url\":\"https:\/\/cronicahd.ro\/\",\"name\":\"Cronica de Hunedoara\",\"description\":\"\",\"publisher\":{\"@id\":\"https:\/\/cronicahd.ro\/#organization\"},\"potentialAction\":[{\"@type\":\"SearchAction\",\"target\":{\"@type\":\"EntryPoint\",\"urlTemplate\":\"https:\/\/cronicahd.ro\/?s={search_term_string}\"},\"query-input\":{\"@type\":\"PropertyValueSpecification\",\"valueRequired\":true,\"valueName\":\"search_term_string\"}}],\"inLanguage\":\"ro-RO\"},{\"@type\":\"Organization\",\"@id\":\"https:\/\/cronicahd.ro\/#organization\",\"name\":\"Cronica de Hunedoara\",\"url\":\"https:\/\/cronicahd.ro\/\",\"logo\":{\"@type\":\"ImageObject\",\"inLanguage\":\"ro-RO\",\"@id\":\"https:\/\/cronicahd.ro\/#\/schema\/logo\/image\/\",\"url\":\"https:\/\/cronicahd.ro\/wp-content\/uploads\/2026\/03\/cropped-crh.jpg\",\"contentUrl\":\"https:\/\/cronicahd.ro\/wp-content\/uploads\/2026\/03\/cropped-crh.jpg\",\"width\":1437,\"height\":327,\"caption\":\"Cronica de Hunedoara\"},\"image\":{\"@id\":\"https:\/\/cronicahd.ro\/#\/schema\/logo\/image\/\"}},{\"@type\":\"Person\",\"@id\":\"https:\/\/cronicahd.ro\/#\/schema\/person\/d1a1277a8cd166610328e17aaf58bf46\",\"name\":\"admin\",\"image\":{\"@type\":\"ImageObject\",\"inLanguage\":\"ro-RO\",\"@id\":\"https:\/\/cronicahd.ro\/#\/schema\/person\/image\/\",\"url\":\"https:\/\/secure.gravatar.com\/avatar\/24700337280d10898c2e0d19d44a05316bff9fccc941ecc5570ffe41668203f7?s=96&d=mm&r=g\",\"contentUrl\":\"https:\/\/secure.gravatar.com\/avatar\/24700337280d10898c2e0d19d44a05316bff9fccc941ecc5570ffe41668203f7?s=96&d=mm&r=g\",\"caption\":\"admin\"},\"sameAs\":[\"https:\/\/cronicavj.ro\"],\"url\":\"https:\/\/cronicahd.ro\/?author=1\"}]}<\/script>\n<!-- \/ Yoast SEO plugin. -->","yoast_head_json":{"title":"\u00cen c\u00e2teva ore afl\u0103m cine va conduce CEVJ - Cronica de Hunedoara","robots":{"index":"index","follow":"follow","max-snippet":"max-snippet:-1","max-image-preview":"max-image-preview:large","max-video-preview":"max-video-preview:-1"},"canonical":"https:\/\/cronicahd.ro\/?p=12534","og_locale":"ro_RO","og_type":"article","og_title":"\u00cen c\u00e2teva ore afl\u0103m cine va conduce CEVJ - Cronica de Hunedoara","og_description":"&nbsp; \u00cen c\u00e2teva ore va fi desemnat directorul general al Complexului Energetic Valea Jiului. Decizia...","og_url":"https:\/\/cronicahd.ro\/?p=12534","og_site_name":"Cronica de Hunedoara","article_published_time":"2026-09-03T09:02:23+00:00","og_image":[{"width":275,"height":183,"url":"https:\/\/cronicahd.ro\/wp-content\/uploads\/2026\/03\/cevj.jpg","type":"image\/jpeg"}],"author":"admin","twitter_card":"summary_large_image","twitter_misc":{"Scris de":"admin","Timp estimat pentru citire":"2 minute"},"schema":{"@context":"https:\/\/schema.org","@graph":[{"@type":"Article","@id":"https:\/\/cronicahd.ro\/?p=12534#article","isPartOf":{"@id":"https:\/\/cronicahd.ro\/?p=12534"},"author":{"name":"admin","@id":"https:\/\/cronicahd.ro\/#\/schema\/person\/d1a1277a8cd166610328e17aaf58bf46"},"headline":"\u00cen c\u00e2teva ore afl\u0103m cine va conduce CEVJ","datePublished":"2026-09-03T09:02:23+00:00","mainEntityOfPage":{"@id":"https:\/\/cronicahd.ro\/?p=12534"},"wordCount":398,"publisher":{"@id":"https:\/\/cronicahd.ro\/#organization"},"image":{"@id":"https:\/\/cronicahd.ro\/?p=12534#primaryimage"},"thumbnailUrl":"https:\/\/cronicahd.ro\/wp-content\/uploads\/2026\/03\/cevj.jpg","articleSection":["Actualitate","economic"],"inLanguage":"ro-RO"},{"@type":"WebPage","@id":"https:\/\/cronicahd.ro\/?p=12534","url":"https:\/\/cronicahd.ro\/?p=12534","name":"\u00cen c\u00e2teva ore afl\u0103m cine va conduce CEVJ - Cronica de Hunedoara","isPartOf":{"@id":"https:\/\/cronicahd.ro\/#website"},"primaryImageOfPage":{"@id":"https:\/\/cronicahd.ro\/?p=12534#primaryimage"},"image":{"@id":"https:\/\/cronicahd.ro\/?p=12534#primaryimage"},"thumbnailUrl":"https:\/\/cronicahd.ro\/wp-content\/uploads\/2026\/03\/cevj.jpg","datePublished":"2026-09-03T09:02:23+00:00","breadcrumb":{"@id":"https:\/\/cronicahd.ro\/?p=12534#breadcrumb"},"inLanguage":"ro-RO","potentialAction":[{"@type":"ReadAction","target":["https:\/\/cronicahd.ro\/?p=12534"]}]},{"@type":"ImageObject","inLanguage":"ro-RO","@id":"https:\/\/cronicahd.ro\/?p=12534#primaryimage","url":"https:\/\/cronicahd.ro\/wp-content\/uploads\/2026\/03\/cevj.jpg","contentUrl":"https:\/\/cronicahd.ro\/wp-content\/uploads\/2026\/03\/cevj.jpg","width":275,"height":183},{"@type":"BreadcrumbList","@id":"https:\/\/cronicahd.ro\/?p=12534#breadcrumb","itemListElement":[{"@type":"ListItem","position":1,"name":"Prima pagin\u0103","item":"https:\/\/cronicahd.ro\/"},{"@type":"ListItem","position":2,"name":"\u00cen c\u00e2teva ore afl\u0103m cine va conduce CEVJ"}]},{"@type":"WebSite","@id":"https:\/\/cronicahd.ro\/#website","url":"https:\/\/cronicahd.ro\/","name":"Cronica de Hunedoara","description":"","publisher":{"@id":"https:\/\/cronicahd.ro\/#organization"},"potentialAction":[{"@type":"SearchAction","target":{"@type":"EntryPoint","urlTemplate":"https:\/\/cronicahd.ro\/?s={search_term_string}"},"query-input":{"@type":"PropertyValueSpecification","valueRequired":true,"valueName":"search_term_string"}}],"inLanguage":"ro-RO"},{"@type":"Organization","@id":"https:\/\/cronicahd.ro\/#organization","name":"Cronica de Hunedoara","url":"https:\/\/cronicahd.ro\/","logo":{"@type":"ImageObject","inLanguage":"ro-RO","@id":"https:\/\/cronicahd.ro\/#\/schema\/logo\/image\/","url":"https:\/\/cronicahd.ro\/wp-content\/uploads\/2026\/03\/cropped-crh.jpg","contentUrl":"https:\/\/cronicahd.ro\/wp-content\/uploads\/2026\/03\/cropped-crh.jpg","width":1437,"height":327,"caption":"Cronica de Hunedoara"},"image":{"@id":"https:\/\/cronicahd.ro\/#\/schema\/logo\/image\/"}},{"@type":"Person","@id":"https:\/\/cronicahd.ro\/#\/schema\/person\/d1a1277a8cd166610328e17aaf58bf46","name":"admin","image":{"@type":"ImageObject","inLanguage":"ro-RO","@id":"https:\/\/cronicahd.ro\/#\/schema\/person\/image\/","url":"https:\/\/secure.gravatar.com\/avatar\/24700337280d10898c2e0d19d44a05316bff9fccc941ecc5570ffe41668203f7?s=96&d=mm&r=g","contentUrl":"https:\/\/secure.gravatar.com\/avatar\/24700337280d10898c2e0d19d44a05316bff9fccc941ecc5570ffe41668203f7?s=96&d=mm&r=g","caption":"admin"},"sameAs":["https:\/\/cronicavj.ro"],"url":"https:\/\/cronicahd.ro\/?author=1"}]}},"_links":{"self":[{"href":"https:\/\/cronicahd.ro\/index.php?rest_route=\/wp\/v2\/posts\/12534","targetHints":{"allow":["GET"]}}],"collection":[{"href":"https:\/\/cronicahd.ro\/index.php?rest_route=\/wp\/v2\/posts"}],"about":[{"href":"https:\/\/cronicahd.ro\/index.php?rest_route=\/wp\/v2\/types\/post"}],"author":[{"embeddable":true,"href":"https:\/\/cronicahd.ro\/index.php?rest_route=\/wp\/v2\/users\/1"}],"replies":[{"embeddable":true,"href":"https:\/\/cronicahd.ro\/index.php?rest_route=%2Fwp%2Fv2%2Fcomments&post=12534"}],"version-history":[{"count":1,"href":"https:\/\/cronicahd.ro\/index.php?rest_route=\/wp\/v2\/posts\/12534\/revisions"}],"predecessor-version":[{"id":12535,"href":"https:\/\/cronicahd.ro\/index.php?rest_route=\/wp\/v2\/posts\/12534\/revisions\/12535"}],"wp:featuredmedia":[{"embeddable":true,"href":"https:\/\/cronicahd.ro\/index.php?rest_route=\/wp\/v2\/media\/6870"}],"wp:attachment":[{"href":"https:\/\/cronicahd.ro\/index.php?rest_route=%2Fwp%2Fv2%2Fmedia&parent=12534"}],"wp:term":[{"taxonomy":"category","embeddable":true,"href":"https:\/\/cronicahd.ro\/index.php?rest_route=%2Fwp%2Fv2%2Fcategories&post=12534"},{"taxonomy":"post_tag","embeddable":true,"href":"https:\/\/cronicahd.ro\/index.php?rest_route=%2Fwp%2Fv2%2Ftags&post=12534"}],"curies":[{"name":"wp","href":"https:\/\/api.w.org\/{rel}","templated":true}]}}