{"id":12531,"date":"2026-09-03T08:32:59","date_gmt":"2026-09-03T08:32:59","guid":{"rendered":"https:\/\/cronicahd.ro\/?p=12531"},"modified":"2026-09-03T08:32:59","modified_gmt":"2026-09-03T08:32:59","slug":"gal-fest-editia-a-iii-a-la-castelul-nopcsa","status":"publish","type":"post","link":"https:\/\/cronicahd.ro\/?p=12531","title":{"rendered":"GAL FEST, edi\u021bia a III-a, la Castelul Nopcsa"},"content":{"rendered":"<p class=\"s7\">\n<p class=\"s7\"><span class=\"s5\"><span class=\"bumpedFont15\">Consiliul<\/span><\/span> <span class=\"s5\"><span class=\"bumpedFont15\">Jude\u021bean<\/span><\/span><span class=\"s5\"><span class=\"bumpedFont15\"> Hunedoara <\/span><\/span><span class=\"s5\"><span class=\"bumpedFont15\">\u0219i<\/span><\/span> <span class=\"s5\"><span class=\"bumpedFont15\">Muzeul<\/span><\/span> <span class=\"s5\"><span class=\"bumpedFont15\">Civiliza\u021biei<\/span><\/span><span class=\"s5\"><span class=\"bumpedFont15\">Dacice<\/span><\/span> <span class=\"s5\"><span class=\"bumpedFont15\">\u0219i<\/span><\/span><span class=\"s5\"><span class=\"bumpedFont15\"> Romane<\/span><\/span><span class=\"s8\"><span class=\"bumpedFont15\">, <\/span><\/span><span class=\"s8\"><span class=\"bumpedFont15\">al\u0103turi<\/span><\/span><span class=\"s8\"><span class=\"bumpedFont15\"> de <\/span><\/span><span class=\"s5\"><span class=\"bumpedFont15\">Asocia\u021bia<\/span><\/span> <span class=\"s5\"><span class=\"bumpedFont15\">Microregiunea<\/span><\/span> <span class=\"s5\"><span class=\"bumpedFont15\">\u021aara<\/span><\/span><span class=\"s5\"><span class=\"bumpedFont15\">Ha\u021begului<\/span><\/span><span class=\"s5\"><span class=\"bumpedFont15\"> \u2013 <\/span><\/span><span class=\"s5\"><span class=\"bumpedFont15\">\u021ainutul<\/span><\/span> <span class=\"s5\"><span class=\"bumpedFont15\">P\u0103durenilor<\/span><\/span><span class=\"s5\"><span class=\"bumpedFont15\"> GAL<\/span><\/span><span class=\"s8\"><span class=\"bumpedFont15\">, <\/span><\/span><span class=\"s8\"><span class=\"bumpedFont15\">aduc<\/span><\/span> <span class=\"s8\"><span class=\"bumpedFont15\">\u00een<\/span><\/span> <span class=\"s8\"><span class=\"bumpedFont15\">acest<\/span><\/span> <span class=\"s8\"><span class=\"bumpedFont15\">sf\u00e2r\u0219it<\/span><\/span><span class=\"s8\"><span class=\"bumpedFont15\">de <\/span><\/span><span class=\"s8\"><span class=\"bumpedFont15\">s\u0103pt\u0103m\u00e2n\u0103<\/span><\/span><span class=\"s8\"><span class=\"bumpedFont15\">, <\/span><\/span><span class=\"s5\"><span class=\"bumpedFont15\">5\u20136 <\/span><\/span><span class=\"s5\"><span class=\"bumpedFont15\">septembrie<\/span><\/span><span class=\"s5\"><span class=\"bumpedFont15\"> 2026<\/span><\/span><span class=\"s8\"><span class=\"bumpedFont15\">, la <\/span><\/span><span class=\"s5\"><span class=\"bumpedFont15\">Castelul<\/span><\/span> <span class=\"s5\"><span class=\"bumpedFont15\">Nopcsa<\/span><\/span> <span class=\"s5\"><span class=\"bumpedFont15\">din<\/span><\/span><span class=\"s5\"><span class=\"bumpedFont15\">S\u0103cel<\/span><\/span><span class=\"s8\"><span class=\"bumpedFont15\">, <\/span><\/span><span class=\"s8\"><span class=\"bumpedFont15\">cea<\/span><\/span><span class=\"s8\"><span class=\"bumpedFont15\"> de-a III-a <\/span><\/span><span class=\"s8\"><span class=\"bumpedFont15\">edi\u021bie<\/span><\/span><span class=\"s8\"><span class=\"bumpedFont15\"> a <\/span><\/span><span class=\"s5\"><span class=\"bumpedFont15\">GAL FEST<\/span><\/span><span class=\"s8\"><span class=\"bumpedFont15\">, un <\/span><\/span><span class=\"s8\"><span class=\"bumpedFont15\">eveniment<\/span><\/span><span class=\"s8\"><span class=\"bumpedFont15\">dedicat<\/span><\/span> <span class=\"s8\"><span class=\"bumpedFont15\">comunit\u0103\u021bilor<\/span><\/span><span class=\"s8\"><span class=\"bumpedFont15\">, <\/span><\/span><span class=\"s8\"><span class=\"bumpedFont15\">tradi\u021biilor<\/span><\/span> <span class=\"s8\"><span class=\"bumpedFont15\">\u0219i<\/span><\/span> <span class=\"s8\"><span class=\"bumpedFont15\">valorilor<\/span><\/span> <span class=\"s8\"><span class=\"bumpedFont15\">locale<\/span><\/span> <span class=\"s8\"><span class=\"bumpedFont15\">din<\/span><\/span> <span class=\"s8\"><span class=\"bumpedFont15\">\u021aara<\/span><\/span><span class=\"s8\"><span class=\"bumpedFont15\">Ha\u021begului<\/span><\/span> <span class=\"s8\"><span class=\"bumpedFont15\">\u0219i<\/span><\/span> <span class=\"s8\"><span class=\"bumpedFont15\">\u021ainutul<\/span><\/span> <span class=\"s8\"><span class=\"bumpedFont15\">P\u0103durenilor<\/span><\/span><span class=\"s8\"><span class=\"bumpedFont15\">.<\/span><\/span><\/p>\n<p class=\"s7\"><span class=\"s8\"><span class=\"bumpedFont15\">Pentru<\/span><\/span><span class=\"s8\"><span class=\"bumpedFont15\"> prima <\/span><\/span><span class=\"s8\"><span class=\"bumpedFont15\">dat\u0103<\/span><\/span> <span class=\"s8\"><span class=\"bumpedFont15\">g\u0103zduit<\/span><\/span><span class=\"s8\"><span class=\"bumpedFont15\"> de <\/span><\/span><span class=\"s8\"><span class=\"bumpedFont15\">Castelul<\/span><\/span> <span class=\"s8\"><span class=\"bumpedFont15\">Nopcsa<\/span><\/span><span class=\"s8\"><span class=\"bumpedFont15\">, GAL FEST <\/span><\/span><span class=\"s8\"><span class=\"bumpedFont15\">propune<\/span><\/span><span class=\"s8\"><span class=\"bumpedFont15\">, pe <\/span><\/span><span class=\"s8\"><span class=\"bumpedFont15\">parcursul<\/span><\/span> <span class=\"s8\"><span class=\"bumpedFont15\">celor<\/span><\/span> <span class=\"s8\"><span class=\"bumpedFont15\">dou\u0103<\/span><\/span> <span class=\"s8\"><span class=\"bumpedFont15\">zile<\/span><\/span><span class=\"s8\"><span class=\"bumpedFont15\">, un <\/span><\/span><span class=\"s8\"><span class=\"bumpedFont15\">program<\/span><\/span> <span class=\"s8\"><span class=\"bumpedFont15\">care<\/span><\/span><span class=\"s8\"><span class=\"bumpedFont15\"> aduce <\/span><\/span><span class=\"s8\"><span class=\"bumpedFont15\">\u00eempreun\u0103<\/span><\/span> <span class=\"s5\"><span class=\"bumpedFont15\">produc\u0103tori<\/span><\/span> <span class=\"s5\"><span class=\"bumpedFont15\">locali<\/span><\/span><span class=\"s5\"><span class=\"bumpedFont15\">, <\/span><\/span><span class=\"s5\"><span class=\"bumpedFont15\">artizani<\/span><\/span> <span class=\"s5\"><span class=\"bumpedFont15\">\u0219i<\/span><\/span> <span class=\"s5\"><span class=\"bumpedFont15\">me\u0219teri<\/span><\/span> <span class=\"s5\"><span class=\"bumpedFont15\">populari<\/span><\/span><span class=\"s8\"><span class=\"bumpedFont15\">, <\/span><\/span><span class=\"s8\"><span class=\"bumpedFont15\">expozi\u021bii<\/span><\/span><span class=\"s8\"><span class=\"bumpedFont15\"> de <\/span><\/span><span class=\"s8\"><span class=\"bumpedFont15\">costume<\/span><\/span> <span class=\"s8\"><span class=\"bumpedFont15\">populare<\/span><\/span><span class=\"s8\"><span class=\"bumpedFont15\">, <\/span><\/span><span class=\"s8\"><span class=\"bumpedFont15\">muzic\u0103<\/span><\/span> <span class=\"s8\"><span class=\"bumpedFont15\">\u0219i<\/span><\/span> <span class=\"s8\"><span class=\"bumpedFont15\">dans<\/span><\/span><span class=\"s8\"><span class=\"bumpedFont15\">, <\/span><\/span><span class=\"s8\"><span class=\"bumpedFont15\">activit\u0103\u021bi<\/span><\/span><span class=\"s8\"><span class=\"bumpedFont15\">educa\u021bionale<\/span><\/span><span class=\"s8\"><span class=\"bumpedFont15\">, <\/span><\/span><span class=\"s8\"><span class=\"bumpedFont15\">ateliere<\/span><\/span> <span class=\"s8\"><span class=\"bumpedFont15\">\u0219i<\/span><\/span> <span class=\"s8\"><span class=\"bumpedFont15\">momente<\/span><\/span> <span class=\"s8\"><span class=\"bumpedFont15\">artistice<\/span><\/span><span class=\"s8\"><span class=\"bumpedFont15\">. <\/span><\/span><span class=\"s8\"><span class=\"bumpedFont15\">Publicul<\/span><\/span><span class=\"s8\"><span class=\"bumpedFont15\"> va <\/span><\/span><span class=\"s8\"><span class=\"bumpedFont15\">avea<\/span><\/span><span class=\"s8\"><span class=\"bumpedFont15\">, <\/span><\/span><span class=\"s8\"><span class=\"bumpedFont15\">totodat\u0103<\/span><\/span><span class=\"s8\"><span class=\"bumpedFont15\">, <\/span><\/span><span class=\"s8\"><span class=\"bumpedFont15\">posibilitatea<\/span><\/span><span class=\"s8\"><span class=\"bumpedFont15\"> de a <\/span><\/span><span class=\"s8\"><span class=\"bumpedFont15\">descoperi<\/span><\/span> <span class=\"s8\"><span class=\"bumpedFont15\">istoria<\/span><\/span> <span class=\"s8\"><span class=\"bumpedFont15\">Castelului<\/span><\/span> <span class=\"s8\"><span class=\"bumpedFont15\">Nopcsa<\/span><\/span><span class=\"s8\"><span class=\"bumpedFont15\">prin<\/span><\/span> <span class=\"s5\"><span class=\"bumpedFont15\">ghidaje<\/span><\/span> <span class=\"s5\"><span class=\"bumpedFont15\">gratuite<\/span><\/span><span class=\"s8\"><span class=\"bumpedFont15\">, <\/span><\/span><span class=\"s8\"><span class=\"bumpedFont15\">organizate<\/span><\/span> <span class=\"s8\"><span class=\"bumpedFont15\">\u00een<\/span><\/span> <span class=\"s8\"><span class=\"bumpedFont15\">ambele<\/span><\/span> <span class=\"s8\"><span class=\"bumpedFont15\">zile<\/span><\/span><span class=\"s8\"><span class=\"bumpedFont15\"> ale <\/span><\/span><span class=\"s8\"><span class=\"bumpedFont15\">evenimentului<\/span><\/span><span class=\"s8\"><span class=\"bumpedFont15\">.<\/span><\/span><\/p>\n<p class=\"s7\"><span class=\"s8\"><span class=\"bumpedFont15\">O <\/span><\/span><span class=\"s8\"><span class=\"bumpedFont15\">dimensiune<\/span><\/span><span class=\"s8\"><span class=\"bumpedFont15\"> aparte a <\/span><\/span><span class=\"s8\"><span class=\"bumpedFont15\">programului<\/span><\/span><span class=\"s8\"><span class=\"bumpedFont15\"> o <\/span><\/span><span class=\"s8\"><span class=\"bumpedFont15\">reprezint\u0103<\/span><\/span> <span class=\"s5\"><span class=\"bumpedFont15\">Expozi\u021bia<\/span><\/span><span class=\"s5\"><span class=\"bumpedFont15\">Stagiului<\/span><\/span><span class=\"s5\"><span class=\"bumpedFont15\"> de <\/span><\/span><span class=\"s5\"><span class=\"bumpedFont15\">Reziden\u021b\u0103<\/span><\/span> <span class=\"s5\"><span class=\"bumpedFont15\">Artistic\u0103<\/span><\/span><span class=\"s5\"><span class=\"bumpedFont15\"> \u2013 <\/span><\/span><span class=\"s5\"><span class=\"bumpedFont15\">Simpozion<\/span><\/span> <span class=\"s5\"><span class=\"bumpedFont15\">Interna\u021bional<\/span><\/span><span class=\"s5\"><span class=\"bumpedFont15\">de <\/span><\/span><span class=\"s5\"><span class=\"bumpedFont15\">Pictur\u0103<\/span><\/span><span class=\"s5\"><span class=\"bumpedFont15\"> \u201eDeva\u2013Hunedoara 2026\u201d<\/span><\/span><span class=\"s8\"><span class=\"bumpedFont15\">, <\/span><\/span><span class=\"s8\"><span class=\"bumpedFont15\">proiect<\/span><\/span><span class=\"s8\"><span class=\"bumpedFont15\"> al <\/span><\/span><span class=\"s5\"><span class=\"bumpedFont15\">GreenBike<\/span><\/span><span class=\"s5\"><span class=\"bumpedFont15\">Art <\/span><\/span><span class=\"s5\"><span class=\"bumpedFont15\">Association<\/span><\/span><span class=\"s8\"><span class=\"bumpedFont15\">, <\/span><\/span><span class=\"s8\"><span class=\"bumpedFont15\">realizat<\/span><\/span> <span class=\"s8\"><span class=\"bumpedFont15\">\u00een<\/span><\/span> <span class=\"s8\"><span class=\"bumpedFont15\">parteneriat<\/span><\/span> <span class=\"s8\"><span class=\"bumpedFont15\">cu<\/span><\/span> <span class=\"s8\"><span class=\"bumpedFont15\">Muzeul<\/span><\/span> <span class=\"s8\"><span class=\"bumpedFont15\">Civiliza\u021biei<\/span><\/span><span class=\"s8\"><span class=\"bumpedFont15\">Dacice<\/span><\/span> <span class=\"s8\"><span class=\"bumpedFont15\">\u0219i<\/span><\/span><span class=\"s8\"><span class=\"bumpedFont15\"> Romane Deva, <\/span><\/span><span class=\"s8\"><span class=\"bumpedFont15\">care<\/span><\/span> <span class=\"s8\"><span class=\"bumpedFont15\">reune\u0219te<\/span><\/span> <span class=\"s8\"><span class=\"bumpedFont15\">zece<\/span><\/span> <span class=\"s8\"><span class=\"bumpedFont15\">arti\u0219ti<\/span><\/span> <span class=\"s8\"><span class=\"bumpedFont15\">din<\/span><\/span><span class=\"s8\"><span class=\"bumpedFont15\">Rom\u00e2nia<\/span><\/span> <span class=\"s8\"><span class=\"bumpedFont15\">\u0219i<\/span><\/span><span class=\"s8\"><span class=\"bumpedFont15\"> Republica <\/span><\/span><span class=\"s8\"><span class=\"bumpedFont15\">Moldova<\/span><\/span><span class=\"s8\"><span class=\"bumpedFont15\">. <\/span><\/span><span class=\"s8\"><span class=\"bumpedFont15\">G\u0103zduit\u0103<\/span><\/span><span class=\"s8\"><span class=\"bumpedFont15\"> de <\/span><\/span><span class=\"s8\"><span class=\"bumpedFont15\">Castelul<\/span><\/span> <span class=\"s8\"><span class=\"bumpedFont15\">Nopcsa<\/span><\/span><span class=\"s8\"><span class=\"bumpedFont15\">, <\/span><\/span><span class=\"s8\"><span class=\"bumpedFont15\">expozi\u021bia<\/span><\/span><span class=\"s8\"><span class=\"bumpedFont15\"> aduce <\/span><\/span><span class=\"s8\"><span class=\"bumpedFont15\">crea\u021bia<\/span><\/span> <span class=\"s8\"><span class=\"bumpedFont15\">contemporan\u0103<\/span><\/span> <span class=\"s8\"><span class=\"bumpedFont15\">\u00een<\/span><\/span> <span class=\"s8\"><span class=\"bumpedFont15\">dialog<\/span><\/span> <span class=\"s8\"><span class=\"bumpedFont15\">cu<\/span><\/span> <span class=\"s8\"><span class=\"bumpedFont15\">istoria<\/span><\/span> <span class=\"s8\"><span class=\"bumpedFont15\">\u0219i<\/span><\/span><span class=\"s8\"><span class=\"bumpedFont15\">atmosfera <\/span><\/span><span class=\"s8\"><span class=\"bumpedFont15\">monumentului<\/span><\/span><span class=\"s8\"><span class=\"bumpedFont15\">, <\/span><\/span><span class=\"s8\"><span class=\"bumpedFont15\">continu\u00e2nd<\/span><\/span> <span class=\"s8\"><span class=\"bumpedFont15\">firesc<\/span><\/span> <span class=\"s8\"><span class=\"bumpedFont15\">demersul<\/span><\/span><span class=\"s8\"><span class=\"bumpedFont15\"> de <\/span><\/span><span class=\"s8\"><span class=\"bumpedFont15\">deschidere<\/span><\/span><span class=\"s8\"><span class=\"bumpedFont15\"> a <\/span><\/span><span class=\"s8\"><span class=\"bumpedFont15\">acestui<\/span><\/span> <span class=\"s8\"><span class=\"bumpedFont15\">spa\u021biu<\/span><\/span><span class=\"s8\"><span class=\"bumpedFont15\"> patrimonial <\/span><\/span><span class=\"s8\"><span class=\"bumpedFont15\">c\u0103tre<\/span><\/span> <span class=\"s8\"><span class=\"bumpedFont15\">art\u0103<\/span><\/span><span class=\"s8\"><span class=\"bumpedFont15\">, <\/span><\/span><span class=\"s8\"><span class=\"bumpedFont15\">cultur\u0103<\/span><\/span> <span class=\"s8\"><span class=\"bumpedFont15\">\u0219i<\/span><\/span><span class=\"s8\"><span class=\"bumpedFont15\">public<\/span><\/span><span class=\"s8\"><span class=\"bumpedFont15\">.<\/span><\/span> <span class=\"s8\"><span class=\"bumpedFont15\">Expozi\u021bia<\/span><\/span> <span class=\"s8\"><span class=\"bumpedFont15\">prezentat\u0103<\/span><\/span><span class=\"s8\"><span class=\"bumpedFont15\"> la <\/span><\/span><span class=\"s8\"><span class=\"bumpedFont15\">Castelul<\/span><\/span> <span class=\"s8\"><span class=\"bumpedFont15\">Nopcsa<\/span><\/span><span class=\"s8\"><span class=\"bumpedFont15\"> va putea fi <\/span><\/span><span class=\"s8\"><span class=\"bumpedFont15\">vizitat\u0103<\/span><\/span><span class=\"s8\"><span class=\"bumpedFont15\"> ulterior, <\/span><\/span><span class=\"s8\"><span class=\"bumpedFont15\">\u00een<\/span><\/span> <span class=\"s8\"><span class=\"bumpedFont15\">perioada<\/span><\/span> <span class=\"s5\"><span class=\"bumpedFont15\">7\u201313 <\/span><\/span><span class=\"s5\"><span class=\"bumpedFont15\">septembrie<\/span><\/span><span class=\"s5\"><span class=\"bumpedFont15\"> 2026<\/span><\/span><span class=\"s8\"><span class=\"bumpedFont15\">, la <\/span><\/span><span class=\"s8\"><span class=\"bumpedFont15\">sediul<\/span><\/span><span class=\"s8\"><span class=\"bumpedFont15\">Muzeului<\/span><\/span> <span class=\"s8\"><span class=\"bumpedFont15\">Civiliza\u021biei<\/span><\/span> <span class=\"s8\"><span class=\"bumpedFont15\">Dacice<\/span><\/span> <span class=\"s8\"><span class=\"bumpedFont15\">\u0219i<\/span><\/span><span class=\"s8\"><span class=\"bumpedFont15\"> Romane <\/span><\/span><span class=\"s8\"><span class=\"bumpedFont15\">din<\/span><\/span><span class=\"s8\"><span class=\"bumpedFont15\"> Deva.<\/span><\/span><\/p>\n<p class=\"s7\"><span class=\"s8\"><span class=\"bumpedFont15\">Prin<\/span><\/span> <span class=\"s8\"><span class=\"bumpedFont15\">g\u0103zduirea<\/span><\/span><span class=\"s8\"><span class=\"bumpedFont15\"> GAL FEST, <\/span><\/span><span class=\"s5\"><span class=\"bumpedFont15\">Castelul<\/span><\/span> <span class=\"s5\"><span class=\"bumpedFont15\">Nopcsa<\/span><\/span><span class=\"s5\"><span class=\"bumpedFont15\"> devine, pentru dou\u0103<\/span><\/span>\u00a0<span class=\"s5\"><span class=\"bumpedFont15\">zile<\/span><\/span><span class=\"s5\"><span class=\"bumpedFont15\">, <\/span><\/span><span class=\"s5\"><span class=\"bumpedFont15\">punctul<\/span><\/span><span class=\"s5\"><span class=\"bumpedFont15\"> de <\/span><\/span><span class=\"s5\"><span class=\"bumpedFont15\">\u00eent\u00e2lnire<\/span><\/span><span class=\"s5\"><span class=\"bumpedFont15\"> al <\/span><\/span><span class=\"s5\"><span class=\"bumpedFont15\">comunit\u0103\u021bii<\/span><\/span><span class=\"s5\"><span class=\"bumpedFont15\">, tradi\u021biilor locale<\/span><\/span><span class=\"s5\"><span class=\"bumpedFont15\">, <\/span><\/span><span class=\"s5\"><span class=\"bumpedFont15\">patrimoniului<\/span><\/span> <span class=\"s5\"><span class=\"bumpedFont15\">\u0219i<\/span><\/span> <span class=\"s5\"><span class=\"bumpedFont15\">crea\u021biei<\/span><\/span> <span class=\"s5\"><span class=\"bumpedFont15\">contemporane<\/span><\/span><span class=\"s8\"><span class=\"bumpedFont15\">, <\/span><\/span><span class=\"s8\"><span class=\"bumpedFont15\">\u00eentr<\/span><\/span><span class=\"s8\"><span class=\"bumpedFont15\">-un <\/span><\/span><span class=\"s8\"><span class=\"bumpedFont15\">program<\/span><\/span> <span class=\"s8\"><span class=\"bumpedFont15\">care<\/span><\/span><span class=\"s8\"><span class=\"bumpedFont15\"> pune <\/span><\/span><span class=\"s8\"><span class=\"bumpedFont15\">\u00een<\/span><\/span> <span class=\"s8\"><span class=\"bumpedFont15\">valoare<\/span><\/span> <span class=\"s8\"><span class=\"bumpedFont15\">at\u00e2t<\/span><\/span> <span class=\"s8\"><span class=\"bumpedFont15\">specificul<\/span><\/span> <span class=\"s8\"><span class=\"bumpedFont15\">\u021a\u0103rii<\/span><\/span> <span class=\"s8\"><span class=\"bumpedFont15\">Ha\u021begului<\/span><\/span> <span class=\"s8\"><span class=\"bumpedFont15\">\u0219i <\/span><\/span><span class=\"s8\"><span class=\"bumpedFont15\">al <\/span><\/span><span class=\"s8\"><span class=\"bumpedFont15\">\u021ainutului<\/span><\/span> <span class=\"s8\"><span class=\"bumpedFont15\">P\u0103durenilor<\/span><\/span><span class=\"s8\"><span class=\"bumpedFont15\">, <\/span><\/span><span class=\"s8\"><span class=\"bumpedFont15\">c\u00e2t<\/span><\/span> <span class=\"s8\"><span class=\"bumpedFont15\">\u0219i<\/span><\/span> <span class=\"s8\"><span class=\"bumpedFont15\">unul<\/span><\/span> <span class=\"s8\"><span class=\"bumpedFont15\">dintre<\/span><\/span><span class=\"s8\"><span class=\"bumpedFont15\"> cele <\/span><\/span><span class=\"s8\"><span class=\"bumpedFont15\">mai<\/span><\/span><span class=\"s8\"><span class=\"bumpedFont15\"> importante <\/span><\/span><span class=\"s8\"><span class=\"bumpedFont15\">monumente<\/span><\/span> <span class=\"s8\"><span class=\"bumpedFont15\">istorice<\/span><\/span><span class=\"s8\"><span class=\"bumpedFont15\"> aflate <\/span><\/span><span class=\"s8\"><span class=\"bumpedFont15\">\u00een<\/span><\/span> <span class=\"s8\"><span class=\"bumpedFont15\">administrarea<\/span><\/span> <span class=\"s8\"><span class=\"bumpedFont15\">Muzeului <\/span><\/span><span class=\"s8\"><span class=\"bumpedFont15\">Civiliza\u021biei<\/span><\/span> <span class=\"s8\"><span class=\"bumpedFont15\">Dacice<\/span><\/span> <span class=\"s8\"><span class=\"bumpedFont15\">\u0219i<\/span><\/span><span class=\"s8\"><span class=\"bumpedFont15\"> Romane.<\/span><\/span><\/p>\n<p>sursa MCDR Deva<\/p>\n","protected":false},"excerpt":{"rendered":"<p>Consiliul Jude\u021bean Hunedoara \u0219i Muzeul Civiliza\u021bieiDacice \u0219i Romane, al\u0103turi de Asocia\u021bia Microregiunea \u021aaraHa\u021begului \u2013 \u021ainutul&#8230;<\/p>\n","protected":false},"author":1,"featured_media":12532,"comment_status":"closed","ping_status":"closed","sticky":false,"template":"","format":"standard","meta":{"footnotes":""},"categories":[1,17],"tags":[],"class_list":["post-12531","post","type-post","status-publish","format-standard","has-post-thumbnail","hentry","category-actual","category-cultura"],"yoast_head":"<!-- This site is optimized with the Yoast SEO plugin v25.3.1 - https:\/\/yoast.com\/wordpress\/plugins\/seo\/ -->\n<title>GAL FEST, edi\u021bia a III-a, la Castelul Nopcsa - Cronica de Hunedoara<\/title>\n<meta name=\"robots\" content=\"index, follow, max-snippet:-1, max-image-preview:large, max-video-preview:-1\" \/>\n<link rel=\"canonical\" href=\"https:\/\/cronicahd.ro\/?p=12531\" \/>\n<meta property=\"og:locale\" content=\"ro_RO\" \/>\n<meta property=\"og:type\" content=\"article\" \/>\n<meta property=\"og:title\" content=\"GAL FEST, edi\u021bia a III-a, la Castelul Nopcsa - Cronica de Hunedoara\" \/>\n<meta property=\"og:description\" content=\"Consiliul Jude\u021bean Hunedoara \u0219i Muzeul Civiliza\u021bieiDacice \u0219i Romane, al\u0103turi de Asocia\u021bia Microregiunea \u021aaraHa\u021begului \u2013 \u021ainutul...\" \/>\n<meta property=\"og:url\" content=\"https:\/\/cronicahd.ro\/?p=12531\" \/>\n<meta property=\"og:site_name\" content=\"Cronica de Hunedoara\" \/>\n<meta property=\"article:published_time\" content=\"2026-09-03T08:32:59+00:00\" \/>\n<meta property=\"og:image\" content=\"https:\/\/cronicahd.ro\/wp-content\/uploads\/2026\/09\/IMG_8858.jpeg\" \/>\n\t<meta property=\"og:image:width\" content=\"509\" \/>\n\t<meta property=\"og:image:height\" content=\"720\" \/>\n\t<meta property=\"og:image:type\" content=\"image\/jpeg\" \/>\n<meta name=\"author\" content=\"admin\" \/>\n<meta name=\"twitter:card\" content=\"summary_large_image\" \/>\n<meta name=\"twitter:label1\" content=\"Scris de\" \/>\n\t<meta name=\"twitter:data1\" content=\"admin\" \/>\n\t<meta name=\"twitter:label2\" content=\"Timp estimat pentru citire\" \/>\n\t<meta name=\"twitter:data2\" content=\"2 minute\" \/>\n<script type=\"application\/ld+json\" class=\"yoast-schema-graph\">{\"@context\":\"https:\/\/schema.org\",\"@graph\":[{\"@type\":\"Article\",\"@id\":\"https:\/\/cronicahd.ro\/?p=12531#article\",\"isPartOf\":{\"@id\":\"https:\/\/cronicahd.ro\/?p=12531\"},\"author\":{\"name\":\"admin\",\"@id\":\"https:\/\/cronicahd.ro\/#\/schema\/person\/d1a1277a8cd166610328e17aaf58bf46\"},\"headline\":\"GAL FEST, edi\u021bia a III-a, la Castelul Nopcsa\",\"datePublished\":\"2026-09-03T08:32:59+00:00\",\"mainEntityOfPage\":{\"@id\":\"https:\/\/cronicahd.ro\/?p=12531\"},\"wordCount\":315,\"publisher\":{\"@id\":\"https:\/\/cronicahd.ro\/#organization\"},\"image\":{\"@id\":\"https:\/\/cronicahd.ro\/?p=12531#primaryimage\"},\"thumbnailUrl\":\"https:\/\/cronicahd.ro\/wp-content\/uploads\/2026\/09\/IMG_8858.jpeg\",\"articleSection\":[\"Actualitate\",\"cultura\"],\"inLanguage\":\"ro-RO\"},{\"@type\":\"WebPage\",\"@id\":\"https:\/\/cronicahd.ro\/?p=12531\",\"url\":\"https:\/\/cronicahd.ro\/?p=12531\",\"name\":\"GAL FEST, edi\u021bia a III-a, la Castelul Nopcsa - Cronica de Hunedoara\",\"isPartOf\":{\"@id\":\"https:\/\/cronicahd.ro\/#website\"},\"primaryImageOfPage\":{\"@id\":\"https:\/\/cronicahd.ro\/?p=12531#primaryimage\"},\"image\":{\"@id\":\"https:\/\/cronicahd.ro\/?p=12531#primaryimage\"},\"thumbnailUrl\":\"https:\/\/cronicahd.ro\/wp-content\/uploads\/2026\/09\/IMG_8858.jpeg\",\"datePublished\":\"2026-09-03T08:32:59+00:00\",\"breadcrumb\":{\"@id\":\"https:\/\/cronicahd.ro\/?p=12531#breadcrumb\"},\"inLanguage\":\"ro-RO\",\"potentialAction\":[{\"@type\":\"ReadAction\",\"target\":[\"https:\/\/cronicahd.ro\/?p=12531\"]}]},{\"@type\":\"ImageObject\",\"inLanguage\":\"ro-RO\",\"@id\":\"https:\/\/cronicahd.ro\/?p=12531#primaryimage\",\"url\":\"https:\/\/cronicahd.ro\/wp-content\/uploads\/2026\/09\/IMG_8858.jpeg\",\"contentUrl\":\"https:\/\/cronicahd.ro\/wp-content\/uploads\/2026\/09\/IMG_8858.jpeg\",\"width\":509,\"height\":720},{\"@type\":\"BreadcrumbList\",\"@id\":\"https:\/\/cronicahd.ro\/?p=12531#breadcrumb\",\"itemListElement\":[{\"@type\":\"ListItem\",\"position\":1,\"name\":\"Prima pagin\u0103\",\"item\":\"https:\/\/cronicahd.ro\/\"},{\"@type\":\"ListItem\",\"position\":2,\"name\":\"GAL FEST, edi\u021bia a III-a, la Castelul Nopcsa\"}]},{\"@type\":\"WebSite\",\"@id\":\"https:\/\/cronicahd.ro\/#website\",\"url\":\"https:\/\/cronicahd.ro\/\",\"name\":\"Cronica de Hunedoara\",\"description\":\"\",\"publisher\":{\"@id\":\"https:\/\/cronicahd.ro\/#organization\"},\"potentialAction\":[{\"@type\":\"SearchAction\",\"target\":{\"@type\":\"EntryPoint\",\"urlTemplate\":\"https:\/\/cronicahd.ro\/?s={search_term_string}\"},\"query-input\":{\"@type\":\"PropertyValueSpecification\",\"valueRequired\":true,\"valueName\":\"search_term_string\"}}],\"inLanguage\":\"ro-RO\"},{\"@type\":\"Organization\",\"@id\":\"https:\/\/cronicahd.ro\/#organization\",\"name\":\"Cronica de Hunedoara\",\"url\":\"https:\/\/cronicahd.ro\/\",\"logo\":{\"@type\":\"ImageObject\",\"inLanguage\":\"ro-RO\",\"@id\":\"https:\/\/cronicahd.ro\/#\/schema\/logo\/image\/\",\"url\":\"https:\/\/cronicahd.ro\/wp-content\/uploads\/2026\/03\/cropped-crh.jpg\",\"contentUrl\":\"https:\/\/cronicahd.ro\/wp-content\/uploads\/2026\/03\/cropped-crh.jpg\",\"width\":1437,\"height\":327,\"caption\":\"Cronica de Hunedoara\"},\"image\":{\"@id\":\"https:\/\/cronicahd.ro\/#\/schema\/logo\/image\/\"}},{\"@type\":\"Person\",\"@id\":\"https:\/\/cronicahd.ro\/#\/schema\/person\/d1a1277a8cd166610328e17aaf58bf46\",\"name\":\"admin\",\"image\":{\"@type\":\"ImageObject\",\"inLanguage\":\"ro-RO\",\"@id\":\"https:\/\/cronicahd.ro\/#\/schema\/person\/image\/\",\"url\":\"https:\/\/secure.gravatar.com\/avatar\/24700337280d10898c2e0d19d44a05316bff9fccc941ecc5570ffe41668203f7?s=96&d=mm&r=g\",\"contentUrl\":\"https:\/\/secure.gravatar.com\/avatar\/24700337280d10898c2e0d19d44a05316bff9fccc941ecc5570ffe41668203f7?s=96&d=mm&r=g\",\"caption\":\"admin\"},\"sameAs\":[\"https:\/\/cronicavj.ro\"],\"url\":\"https:\/\/cronicahd.ro\/?author=1\"}]}<\/script>\n<!-- \/ Yoast SEO plugin. -->","yoast_head_json":{"title":"GAL FEST, edi\u021bia a III-a, la Castelul Nopcsa - Cronica de Hunedoara","robots":{"index":"index","follow":"follow","max-snippet":"max-snippet:-1","max-image-preview":"max-image-preview:large","max-video-preview":"max-video-preview:-1"},"canonical":"https:\/\/cronicahd.ro\/?p=12531","og_locale":"ro_RO","og_type":"article","og_title":"GAL FEST, edi\u021bia a III-a, la Castelul Nopcsa - Cronica de Hunedoara","og_description":"Consiliul Jude\u021bean Hunedoara \u0219i Muzeul Civiliza\u021bieiDacice \u0219i Romane, al\u0103turi de Asocia\u021bia Microregiunea \u021aaraHa\u021begului \u2013 \u021ainutul...","og_url":"https:\/\/cronicahd.ro\/?p=12531","og_site_name":"Cronica de Hunedoara","article_published_time":"2026-09-03T08:32:59+00:00","og_image":[{"width":509,"height":720,"url":"https:\/\/cronicahd.ro\/wp-content\/uploads\/2026\/09\/IMG_8858.jpeg","type":"image\/jpeg"}],"author":"admin","twitter_card":"summary_large_image","twitter_misc":{"Scris de":"admin","Timp estimat pentru citire":"2 minute"},"schema":{"@context":"https:\/\/schema.org","@graph":[{"@type":"Article","@id":"https:\/\/cronicahd.ro\/?p=12531#article","isPartOf":{"@id":"https:\/\/cronicahd.ro\/?p=12531"},"author":{"name":"admin","@id":"https:\/\/cronicahd.ro\/#\/schema\/person\/d1a1277a8cd166610328e17aaf58bf46"},"headline":"GAL FEST, edi\u021bia a III-a, la Castelul Nopcsa","datePublished":"2026-09-03T08:32:59+00:00","mainEntityOfPage":{"@id":"https:\/\/cronicahd.ro\/?p=12531"},"wordCount":315,"publisher":{"@id":"https:\/\/cronicahd.ro\/#organization"},"image":{"@id":"https:\/\/cronicahd.ro\/?p=12531#primaryimage"},"thumbnailUrl":"https:\/\/cronicahd.ro\/wp-content\/uploads\/2026\/09\/IMG_8858.jpeg","articleSection":["Actualitate","cultura"],"inLanguage":"ro-RO"},{"@type":"WebPage","@id":"https:\/\/cronicahd.ro\/?p=12531","url":"https:\/\/cronicahd.ro\/?p=12531","name":"GAL FEST, edi\u021bia a III-a, la Castelul Nopcsa - Cronica de Hunedoara","isPartOf":{"@id":"https:\/\/cronicahd.ro\/#website"},"primaryImageOfPage":{"@id":"https:\/\/cronicahd.ro\/?p=12531#primaryimage"},"image":{"@id":"https:\/\/cronicahd.ro\/?p=12531#primaryimage"},"thumbnailUrl":"https:\/\/cronicahd.ro\/wp-content\/uploads\/2026\/09\/IMG_8858.jpeg","datePublished":"2026-09-03T08:32:59+00:00","breadcrumb":{"@id":"https:\/\/cronicahd.ro\/?p=12531#breadcrumb"},"inLanguage":"ro-RO","potentialAction":[{"@type":"ReadAction","target":["https:\/\/cronicahd.ro\/?p=12531"]}]},{"@type":"ImageObject","inLanguage":"ro-RO","@id":"https:\/\/cronicahd.ro\/?p=12531#primaryimage","url":"https:\/\/cronicahd.ro\/wp-content\/uploads\/2026\/09\/IMG_8858.jpeg","contentUrl":"https:\/\/cronicahd.ro\/wp-content\/uploads\/2026\/09\/IMG_8858.jpeg","width":509,"height":720},{"@type":"BreadcrumbList","@id":"https:\/\/cronicahd.ro\/?p=12531#breadcrumb","itemListElement":[{"@type":"ListItem","position":1,"name":"Prima pagin\u0103","item":"https:\/\/cronicahd.ro\/"},{"@type":"ListItem","position":2,"name":"GAL FEST, edi\u021bia a III-a, la Castelul Nopcsa"}]},{"@type":"WebSite","@id":"https:\/\/cronicahd.ro\/#website","url":"https:\/\/cronicahd.ro\/","name":"Cronica de Hunedoara","description":"","publisher":{"@id":"https:\/\/cronicahd.ro\/#organization"},"potentialAction":[{"@type":"SearchAction","target":{"@type":"EntryPoint","urlTemplate":"https:\/\/cronicahd.ro\/?s={search_term_string}"},"query-input":{"@type":"PropertyValueSpecification","valueRequired":true,"valueName":"search_term_string"}}],"inLanguage":"ro-RO"},{"@type":"Organization","@id":"https:\/\/cronicahd.ro\/#organization","name":"Cronica de Hunedoara","url":"https:\/\/cronicahd.ro\/","logo":{"@type":"ImageObject","inLanguage":"ro-RO","@id":"https:\/\/cronicahd.ro\/#\/schema\/logo\/image\/","url":"https:\/\/cronicahd.ro\/wp-content\/uploads\/2026\/03\/cropped-crh.jpg","contentUrl":"https:\/\/cronicahd.ro\/wp-content\/uploads\/2026\/03\/cropped-crh.jpg","width":1437,"height":327,"caption":"Cronica de Hunedoara"},"image":{"@id":"https:\/\/cronicahd.ro\/#\/schema\/logo\/image\/"}},{"@type":"Person","@id":"https:\/\/cronicahd.ro\/#\/schema\/person\/d1a1277a8cd166610328e17aaf58bf46","name":"admin","image":{"@type":"ImageObject","inLanguage":"ro-RO","@id":"https:\/\/cronicahd.ro\/#\/schema\/person\/image\/","url":"https:\/\/secure.gravatar.com\/avatar\/24700337280d10898c2e0d19d44a05316bff9fccc941ecc5570ffe41668203f7?s=96&d=mm&r=g","contentUrl":"https:\/\/secure.gravatar.com\/avatar\/24700337280d10898c2e0d19d44a05316bff9fccc941ecc5570ffe41668203f7?s=96&d=mm&r=g","caption":"admin"},"sameAs":["https:\/\/cronicavj.ro"],"url":"https:\/\/cronicahd.ro\/?author=1"}]}},"_links":{"self":[{"href":"https:\/\/cronicahd.ro\/index.php?rest_route=\/wp\/v2\/posts\/12531","targetHints":{"allow":["GET"]}}],"collection":[{"href":"https:\/\/cronicahd.ro\/index.php?rest_route=\/wp\/v2\/posts"}],"about":[{"href":"https:\/\/cronicahd.ro\/index.php?rest_route=\/wp\/v2\/types\/post"}],"author":[{"embeddable":true,"href":"https:\/\/cronicahd.ro\/index.php?rest_route=\/wp\/v2\/users\/1"}],"replies":[{"embeddable":true,"href":"https:\/\/cronicahd.ro\/index.php?rest_route=%2Fwp%2Fv2%2Fcomments&post=12531"}],"version-history":[{"count":1,"href":"https:\/\/cronicahd.ro\/index.php?rest_route=\/wp\/v2\/posts\/12531\/revisions"}],"predecessor-version":[{"id":12533,"href":"https:\/\/cronicahd.ro\/index.php?rest_route=\/wp\/v2\/posts\/12531\/revisions\/12533"}],"wp:featuredmedia":[{"embeddable":true,"href":"https:\/\/cronicahd.ro\/index.php?rest_route=\/wp\/v2\/media\/12532"}],"wp:attachment":[{"href":"https:\/\/cronicahd.ro\/index.php?rest_route=%2Fwp%2Fv2%2Fmedia&parent=12531"}],"wp:term":[{"taxonomy":"category","embeddable":true,"href":"https:\/\/cronicahd.ro\/index.php?rest_route=%2Fwp%2Fv2%2Fcategories&post=12531"},{"taxonomy":"post_tag","embeddable":true,"href":"https:\/\/cronicahd.ro\/index.php?rest_route=%2Fwp%2Fv2%2Ftags&post=12531"}],"curies":[{"name":"wp","href":"https:\/\/api.w.org\/{rel}","templated":true}]}}