{"id":12526,"date":"2026-09-03T06:49:29","date_gmt":"2026-09-03T06:49:29","guid":{"rendered":"https:\/\/cronicahd.ro\/?p=12526"},"modified":"2026-09-03T06:56:08","modified_gmt":"2026-09-03T06:56:08","slug":"anul-scolar-incepe-fara-festivitatea-comuna-din-parcul-central-carol-schreter-unitatile-de-invatamant-din-petrosani-isi-organizeaza-propriile-ceremonii","status":"publish","type":"post","link":"https:\/\/cronicahd.ro\/?p=12526","title":{"rendered":"Anul \u0219colar \u00eencepe f\u0103r\u0103 festivitatea comun\u0103 din Parcul Central \u201eCarol Schreter\u201d. Unit\u0103\u021bile de \u00eenv\u0103\u021b\u0103m\u00e2nt din Petro\u0219ani \u00ee\u0219i organizeaz\u0103 propriile ceremonii"},"content":{"rendered":"<p>Noul an \u0219colar va \u00eencepe, la Petro\u0219ani, \u00eentr-un format diferit fa\u021b\u0103 de anii anteriori. Festivitatea comun\u0103 de deschidere din Parcul Central \u201eCarol Schreter\u201d nu va mai fi organizat\u0103, iar fiecare unitate de \u00eenv\u0103\u021b\u0103m\u00e2nt \u00ee\u0219i va desf\u0103\u0219ura propria ceremonie de \u00eenceput de an.<\/p>\n<p>Primarul municipiului Petro\u0219ani, Tiberiu Iacob-Ridzi, a anun\u021bat c\u0103 va fi prezent la festivit\u0103\u021bile organizate de \u0219colile \u0219i liceele din municipiu, dorind s\u0103 fie al\u0103turi de elevi, p\u0103rin\u021bi \u0219i cadrele didactice \u00een prima zi de \u0219coal\u0103.<\/p>\n<p>Edilul spune c\u0103 primul popas \u00eel va face la \u0218coala Gimnazial\u0103 Nr. 7, unde clopo\u021belul va suna la ora 8:30.<\/p>\n<p>\u201eVoi fi prezent la toate unit\u0103\u021bile de \u00eenv\u0103\u021b\u0103m\u00e2nt, pentru a le ura elevilor, profesorilor \u0219i p\u0103rin\u021bilor un an \u0219colar bun. Vom \u00eencepe diminea\u021ba la \u0218coala Nr. 7, unde clopo\u021belul va suna la ora 8.30\u201d, a precizat primarul Tiberiu Iacob-Ridzi.<\/p>\n<p>Decizia ca festivit\u0103\u021bile s\u0103 fie organizate separat ofer\u0103 fiec\u0103rei \u0219coli posibilitatea de a marca \u00eenceputul anului \u0219colar \u00een propriul spa\u021biu \u0219i \u00eentr-un program adaptat comunit\u0103\u021bii \u0219colare.<\/p>\n<p>Astfel, 7 septembrie va fi o zi \u00een care cur\u021bile \u0219colilor \u0219i liceelor din Petro\u0219ani vor redeveni punctele principale de \u00eent\u00e2lnire pentru elevi \u0219i profesori, odat\u0103 cu debutul noului an \u0219colar.<\/p>\n<p>Marius Mitrache<\/p>\n","protected":false},"excerpt":{"rendered":"<p>Noul an \u0219colar va \u00eencepe, la Petro\u0219ani, \u00eentr-un format diferit fa\u021b\u0103 de anii anteriori. Festivitatea&#8230;<\/p>\n","protected":false},"author":1,"featured_media":3492,"comment_status":"closed","ping_status":"closed","sticky":false,"template":"","format":"standard","meta":{"footnotes":""},"categories":[1,12],"tags":[],"class_list":["post-12526","post","type-post","status-publish","format-standard","has-post-thumbnail","hentry","category-actual","category-invatamant"],"yoast_head":"<!-- This site is optimized with the Yoast SEO plugin v25.3.1 - https:\/\/yoast.com\/wordpress\/plugins\/seo\/ -->\n<title>Anul \u0219colar \u00eencepe f\u0103r\u0103 festivitatea comun\u0103 din Parcul Central \u201eCarol Schreter\u201d. Unit\u0103\u021bile de \u00eenv\u0103\u021b\u0103m\u00e2nt din Petro\u0219ani \u00ee\u0219i organizeaz\u0103 propriile ceremonii - Cronica de Hunedoara<\/title>\n<meta name=\"robots\" content=\"index, follow, max-snippet:-1, max-image-preview:large, max-video-preview:-1\" \/>\n<link rel=\"canonical\" href=\"https:\/\/cronicahd.ro\/?p=12526\" \/>\n<meta property=\"og:locale\" content=\"ro_RO\" \/>\n<meta property=\"og:type\" content=\"article\" \/>\n<meta property=\"og:title\" content=\"Anul \u0219colar \u00eencepe f\u0103r\u0103 festivitatea comun\u0103 din Parcul Central \u201eCarol Schreter\u201d. Unit\u0103\u021bile de \u00eenv\u0103\u021b\u0103m\u00e2nt din Petro\u0219ani \u00ee\u0219i organizeaz\u0103 propriile ceremonii - Cronica de Hunedoara\" \/>\n<meta property=\"og:description\" content=\"Noul an \u0219colar va \u00eencepe, la Petro\u0219ani, \u00eentr-un format diferit fa\u021b\u0103 de anii anteriori. Festivitatea...\" \/>\n<meta property=\"og:url\" content=\"https:\/\/cronicahd.ro\/?p=12526\" \/>\n<meta property=\"og:site_name\" content=\"Cronica de Hunedoara\" \/>\n<meta property=\"article:published_time\" content=\"2026-09-03T06:49:29+00:00\" \/>\n<meta property=\"article:modified_time\" content=\"2026-09-03T06:56:08+00:00\" \/>\n<meta property=\"og:image\" content=\"https:\/\/cronicahd.ro\/wp-content\/uploads\/2025\/10\/tibirid.jpg\" \/>\n\t<meta property=\"og:image:width\" content=\"301\" \/>\n\t<meta property=\"og:image:height\" content=\"167\" \/>\n\t<meta property=\"og:image:type\" content=\"image\/jpeg\" \/>\n<meta name=\"author\" content=\"admin\" \/>\n<meta name=\"twitter:card\" content=\"summary_large_image\" \/>\n<meta name=\"twitter:label1\" content=\"Scris de\" \/>\n\t<meta name=\"twitter:data1\" content=\"admin\" \/>\n\t<meta name=\"twitter:label2\" content=\"Timp estimat pentru citire\" \/>\n\t<meta name=\"twitter:data2\" content=\"2 minute\" \/>\n<script type=\"application\/ld+json\" class=\"yoast-schema-graph\">{\"@context\":\"https:\/\/schema.org\",\"@graph\":[{\"@type\":\"Article\",\"@id\":\"https:\/\/cronicahd.ro\/?p=12526#article\",\"isPartOf\":{\"@id\":\"https:\/\/cronicahd.ro\/?p=12526\"},\"author\":{\"name\":\"admin\",\"@id\":\"https:\/\/cronicahd.ro\/#\/schema\/person\/d1a1277a8cd166610328e17aaf58bf46\"},\"headline\":\"Anul \u0219colar \u00eencepe f\u0103r\u0103 festivitatea comun\u0103 din Parcul Central \u201eCarol Schreter\u201d. Unit\u0103\u021bile de \u00eenv\u0103\u021b\u0103m\u00e2nt din Petro\u0219ani \u00ee\u0219i organizeaz\u0103 propriile ceremonii\",\"datePublished\":\"2026-09-03T06:49:29+00:00\",\"dateModified\":\"2026-09-03T06:56:08+00:00\",\"mainEntityOfPage\":{\"@id\":\"https:\/\/cronicahd.ro\/?p=12526\"},\"wordCount\":240,\"publisher\":{\"@id\":\"https:\/\/cronicahd.ro\/#organization\"},\"image\":{\"@id\":\"https:\/\/cronicahd.ro\/?p=12526#primaryimage\"},\"thumbnailUrl\":\"https:\/\/cronicahd.ro\/wp-content\/uploads\/2025\/10\/tibirid.jpg\",\"articleSection\":[\"Actualitate\",\"invatamant\"],\"inLanguage\":\"ro-RO\"},{\"@type\":\"WebPage\",\"@id\":\"https:\/\/cronicahd.ro\/?p=12526\",\"url\":\"https:\/\/cronicahd.ro\/?p=12526\",\"name\":\"Anul \u0219colar \u00eencepe f\u0103r\u0103 festivitatea comun\u0103 din Parcul Central \u201eCarol Schreter\u201d. Unit\u0103\u021bile de \u00eenv\u0103\u021b\u0103m\u00e2nt din Petro\u0219ani \u00ee\u0219i organizeaz\u0103 propriile ceremonii - Cronica de Hunedoara\",\"isPartOf\":{\"@id\":\"https:\/\/cronicahd.ro\/#website\"},\"primaryImageOfPage\":{\"@id\":\"https:\/\/cronicahd.ro\/?p=12526#primaryimage\"},\"image\":{\"@id\":\"https:\/\/cronicahd.ro\/?p=12526#primaryimage\"},\"thumbnailUrl\":\"https:\/\/cronicahd.ro\/wp-content\/uploads\/2025\/10\/tibirid.jpg\",\"datePublished\":\"2026-09-03T06:49:29+00:00\",\"dateModified\":\"2026-09-03T06:56:08+00:00\",\"breadcrumb\":{\"@id\":\"https:\/\/cronicahd.ro\/?p=12526#breadcrumb\"},\"inLanguage\":\"ro-RO\",\"potentialAction\":[{\"@type\":\"ReadAction\",\"target\":[\"https:\/\/cronicahd.ro\/?p=12526\"]}]},{\"@type\":\"ImageObject\",\"inLanguage\":\"ro-RO\",\"@id\":\"https:\/\/cronicahd.ro\/?p=12526#primaryimage\",\"url\":\"https:\/\/cronicahd.ro\/wp-content\/uploads\/2025\/10\/tibirid.jpg\",\"contentUrl\":\"https:\/\/cronicahd.ro\/wp-content\/uploads\/2025\/10\/tibirid.jpg\",\"width\":301,\"height\":167},{\"@type\":\"BreadcrumbList\",\"@id\":\"https:\/\/cronicahd.ro\/?p=12526#breadcrumb\",\"itemListElement\":[{\"@type\":\"ListItem\",\"position\":1,\"name\":\"Prima pagin\u0103\",\"item\":\"https:\/\/cronicahd.ro\/\"},{\"@type\":\"ListItem\",\"position\":2,\"name\":\"Anul \u0219colar \u00eencepe f\u0103r\u0103 festivitatea comun\u0103 din Parcul Central \u201eCarol Schreter\u201d. Unit\u0103\u021bile de \u00eenv\u0103\u021b\u0103m\u00e2nt din Petro\u0219ani \u00ee\u0219i organizeaz\u0103 propriile ceremonii\"}]},{\"@type\":\"WebSite\",\"@id\":\"https:\/\/cronicahd.ro\/#website\",\"url\":\"https:\/\/cronicahd.ro\/\",\"name\":\"Cronica de Hunedoara\",\"description\":\"\",\"publisher\":{\"@id\":\"https:\/\/cronicahd.ro\/#organization\"},\"potentialAction\":[{\"@type\":\"SearchAction\",\"target\":{\"@type\":\"EntryPoint\",\"urlTemplate\":\"https:\/\/cronicahd.ro\/?s={search_term_string}\"},\"query-input\":{\"@type\":\"PropertyValueSpecification\",\"valueRequired\":true,\"valueName\":\"search_term_string\"}}],\"inLanguage\":\"ro-RO\"},{\"@type\":\"Organization\",\"@id\":\"https:\/\/cronicahd.ro\/#organization\",\"name\":\"Cronica de Hunedoara\",\"url\":\"https:\/\/cronicahd.ro\/\",\"logo\":{\"@type\":\"ImageObject\",\"inLanguage\":\"ro-RO\",\"@id\":\"https:\/\/cronicahd.ro\/#\/schema\/logo\/image\/\",\"url\":\"https:\/\/cronicahd.ro\/wp-content\/uploads\/2026\/03\/cropped-crh.jpg\",\"contentUrl\":\"https:\/\/cronicahd.ro\/wp-content\/uploads\/2026\/03\/cropped-crh.jpg\",\"width\":1437,\"height\":327,\"caption\":\"Cronica de Hunedoara\"},\"image\":{\"@id\":\"https:\/\/cronicahd.ro\/#\/schema\/logo\/image\/\"}},{\"@type\":\"Person\",\"@id\":\"https:\/\/cronicahd.ro\/#\/schema\/person\/d1a1277a8cd166610328e17aaf58bf46\",\"name\":\"admin\",\"image\":{\"@type\":\"ImageObject\",\"inLanguage\":\"ro-RO\",\"@id\":\"https:\/\/cronicahd.ro\/#\/schema\/person\/image\/\",\"url\":\"https:\/\/secure.gravatar.com\/avatar\/24700337280d10898c2e0d19d44a05316bff9fccc941ecc5570ffe41668203f7?s=96&d=mm&r=g\",\"contentUrl\":\"https:\/\/secure.gravatar.com\/avatar\/24700337280d10898c2e0d19d44a05316bff9fccc941ecc5570ffe41668203f7?s=96&d=mm&r=g\",\"caption\":\"admin\"},\"sameAs\":[\"https:\/\/cronicavj.ro\"],\"url\":\"https:\/\/cronicahd.ro\/?author=1\"}]}<\/script>\n<!-- \/ Yoast SEO plugin. -->","yoast_head_json":{"title":"Anul \u0219colar \u00eencepe f\u0103r\u0103 festivitatea comun\u0103 din Parcul Central \u201eCarol Schreter\u201d. Unit\u0103\u021bile de \u00eenv\u0103\u021b\u0103m\u00e2nt din Petro\u0219ani \u00ee\u0219i organizeaz\u0103 propriile ceremonii - Cronica de Hunedoara","robots":{"index":"index","follow":"follow","max-snippet":"max-snippet:-1","max-image-preview":"max-image-preview:large","max-video-preview":"max-video-preview:-1"},"canonical":"https:\/\/cronicahd.ro\/?p=12526","og_locale":"ro_RO","og_type":"article","og_title":"Anul \u0219colar \u00eencepe f\u0103r\u0103 festivitatea comun\u0103 din Parcul Central \u201eCarol Schreter\u201d. Unit\u0103\u021bile de \u00eenv\u0103\u021b\u0103m\u00e2nt din Petro\u0219ani \u00ee\u0219i organizeaz\u0103 propriile ceremonii - Cronica de Hunedoara","og_description":"Noul an \u0219colar va \u00eencepe, la Petro\u0219ani, \u00eentr-un format diferit fa\u021b\u0103 de anii anteriori. Festivitatea...","og_url":"https:\/\/cronicahd.ro\/?p=12526","og_site_name":"Cronica de Hunedoara","article_published_time":"2026-09-03T06:49:29+00:00","article_modified_time":"2026-09-03T06:56:08+00:00","og_image":[{"width":301,"height":167,"url":"https:\/\/cronicahd.ro\/wp-content\/uploads\/2025\/10\/tibirid.jpg","type":"image\/jpeg"}],"author":"admin","twitter_card":"summary_large_image","twitter_misc":{"Scris de":"admin","Timp estimat pentru citire":"2 minute"},"schema":{"@context":"https:\/\/schema.org","@graph":[{"@type":"Article","@id":"https:\/\/cronicahd.ro\/?p=12526#article","isPartOf":{"@id":"https:\/\/cronicahd.ro\/?p=12526"},"author":{"name":"admin","@id":"https:\/\/cronicahd.ro\/#\/schema\/person\/d1a1277a8cd166610328e17aaf58bf46"},"headline":"Anul \u0219colar \u00eencepe f\u0103r\u0103 festivitatea comun\u0103 din Parcul Central \u201eCarol Schreter\u201d. Unit\u0103\u021bile de \u00eenv\u0103\u021b\u0103m\u00e2nt din Petro\u0219ani \u00ee\u0219i organizeaz\u0103 propriile ceremonii","datePublished":"2026-09-03T06:49:29+00:00","dateModified":"2026-09-03T06:56:08+00:00","mainEntityOfPage":{"@id":"https:\/\/cronicahd.ro\/?p=12526"},"wordCount":240,"publisher":{"@id":"https:\/\/cronicahd.ro\/#organization"},"image":{"@id":"https:\/\/cronicahd.ro\/?p=12526#primaryimage"},"thumbnailUrl":"https:\/\/cronicahd.ro\/wp-content\/uploads\/2025\/10\/tibirid.jpg","articleSection":["Actualitate","invatamant"],"inLanguage":"ro-RO"},{"@type":"WebPage","@id":"https:\/\/cronicahd.ro\/?p=12526","url":"https:\/\/cronicahd.ro\/?p=12526","name":"Anul \u0219colar \u00eencepe f\u0103r\u0103 festivitatea comun\u0103 din Parcul Central \u201eCarol Schreter\u201d. Unit\u0103\u021bile de \u00eenv\u0103\u021b\u0103m\u00e2nt din Petro\u0219ani \u00ee\u0219i organizeaz\u0103 propriile ceremonii - Cronica de Hunedoara","isPartOf":{"@id":"https:\/\/cronicahd.ro\/#website"},"primaryImageOfPage":{"@id":"https:\/\/cronicahd.ro\/?p=12526#primaryimage"},"image":{"@id":"https:\/\/cronicahd.ro\/?p=12526#primaryimage"},"thumbnailUrl":"https:\/\/cronicahd.ro\/wp-content\/uploads\/2025\/10\/tibirid.jpg","datePublished":"2026-09-03T06:49:29+00:00","dateModified":"2026-09-03T06:56:08+00:00","breadcrumb":{"@id":"https:\/\/cronicahd.ro\/?p=12526#breadcrumb"},"inLanguage":"ro-RO","potentialAction":[{"@type":"ReadAction","target":["https:\/\/cronicahd.ro\/?p=12526"]}]},{"@type":"ImageObject","inLanguage":"ro-RO","@id":"https:\/\/cronicahd.ro\/?p=12526#primaryimage","url":"https:\/\/cronicahd.ro\/wp-content\/uploads\/2025\/10\/tibirid.jpg","contentUrl":"https:\/\/cronicahd.ro\/wp-content\/uploads\/2025\/10\/tibirid.jpg","width":301,"height":167},{"@type":"BreadcrumbList","@id":"https:\/\/cronicahd.ro\/?p=12526#breadcrumb","itemListElement":[{"@type":"ListItem","position":1,"name":"Prima pagin\u0103","item":"https:\/\/cronicahd.ro\/"},{"@type":"ListItem","position":2,"name":"Anul \u0219colar \u00eencepe f\u0103r\u0103 festivitatea comun\u0103 din Parcul Central \u201eCarol Schreter\u201d. Unit\u0103\u021bile de \u00eenv\u0103\u021b\u0103m\u00e2nt din Petro\u0219ani \u00ee\u0219i organizeaz\u0103 propriile ceremonii"}]},{"@type":"WebSite","@id":"https:\/\/cronicahd.ro\/#website","url":"https:\/\/cronicahd.ro\/","name":"Cronica de Hunedoara","description":"","publisher":{"@id":"https:\/\/cronicahd.ro\/#organization"},"potentialAction":[{"@type":"SearchAction","target":{"@type":"EntryPoint","urlTemplate":"https:\/\/cronicahd.ro\/?s={search_term_string}"},"query-input":{"@type":"PropertyValueSpecification","valueRequired":true,"valueName":"search_term_string"}}],"inLanguage":"ro-RO"},{"@type":"Organization","@id":"https:\/\/cronicahd.ro\/#organization","name":"Cronica de Hunedoara","url":"https:\/\/cronicahd.ro\/","logo":{"@type":"ImageObject","inLanguage":"ro-RO","@id":"https:\/\/cronicahd.ro\/#\/schema\/logo\/image\/","url":"https:\/\/cronicahd.ro\/wp-content\/uploads\/2026\/03\/cropped-crh.jpg","contentUrl":"https:\/\/cronicahd.ro\/wp-content\/uploads\/2026\/03\/cropped-crh.jpg","width":1437,"height":327,"caption":"Cronica de Hunedoara"},"image":{"@id":"https:\/\/cronicahd.ro\/#\/schema\/logo\/image\/"}},{"@type":"Person","@id":"https:\/\/cronicahd.ro\/#\/schema\/person\/d1a1277a8cd166610328e17aaf58bf46","name":"admin","image":{"@type":"ImageObject","inLanguage":"ro-RO","@id":"https:\/\/cronicahd.ro\/#\/schema\/person\/image\/","url":"https:\/\/secure.gravatar.com\/avatar\/24700337280d10898c2e0d19d44a05316bff9fccc941ecc5570ffe41668203f7?s=96&d=mm&r=g","contentUrl":"https:\/\/secure.gravatar.com\/avatar\/24700337280d10898c2e0d19d44a05316bff9fccc941ecc5570ffe41668203f7?s=96&d=mm&r=g","caption":"admin"},"sameAs":["https:\/\/cronicavj.ro"],"url":"https:\/\/cronicahd.ro\/?author=1"}]}},"_links":{"self":[{"href":"https:\/\/cronicahd.ro\/index.php?rest_route=\/wp\/v2\/posts\/12526","targetHints":{"allow":["GET"]}}],"collection":[{"href":"https:\/\/cronicahd.ro\/index.php?rest_route=\/wp\/v2\/posts"}],"about":[{"href":"https:\/\/cronicahd.ro\/index.php?rest_route=\/wp\/v2\/types\/post"}],"author":[{"embeddable":true,"href":"https:\/\/cronicahd.ro\/index.php?rest_route=\/wp\/v2\/users\/1"}],"replies":[{"embeddable":true,"href":"https:\/\/cronicahd.ro\/index.php?rest_route=%2Fwp%2Fv2%2Fcomments&post=12526"}],"version-history":[{"count":3,"href":"https:\/\/cronicahd.ro\/index.php?rest_route=\/wp\/v2\/posts\/12526\/revisions"}],"predecessor-version":[{"id":12530,"href":"https:\/\/cronicahd.ro\/index.php?rest_route=\/wp\/v2\/posts\/12526\/revisions\/12530"}],"wp:featuredmedia":[{"embeddable":true,"href":"https:\/\/cronicahd.ro\/index.php?rest_route=\/wp\/v2\/media\/3492"}],"wp:attachment":[{"href":"https:\/\/cronicahd.ro\/index.php?rest_route=%2Fwp%2Fv2%2Fmedia&parent=12526"}],"wp:term":[{"taxonomy":"category","embeddable":true,"href":"https:\/\/cronicahd.ro\/index.php?rest_route=%2Fwp%2Fv2%2Fcategories&post=12526"},{"taxonomy":"post_tag","embeddable":true,"href":"https:\/\/cronicahd.ro\/index.php?rest_route=%2Fwp%2Fv2%2Ftags&post=12526"}],"curies":[{"name":"wp","href":"https:\/\/api.w.org\/{rel}","templated":true}]}}