{"id":12523,"date":"2026-09-03T05:57:51","date_gmt":"2026-09-03T05:57:51","guid":{"rendered":"https:\/\/cronicahd.ro\/?p=12523"},"modified":"2026-09-03T05:57:51","modified_gmt":"2026-09-03T05:57:51","slug":"das-deva-important-pentru-familiile-cu-copii-de-varsta-scolara-care-beneficiaza-de-venit-minim-de-incluziune","status":"publish","type":"post","link":"https:\/\/cronicahd.ro\/?p=12523","title":{"rendered":"DAS Deva: IMPORTANT pentru familiile cu copii de v\u00e2rst\u0103 \u0219colar\u0103, care beneficiaz\u0103 de venit minim de incluziune!"},"content":{"rendered":"<p class=\"s3\"><span class=\"s4\"><span class=\"bumpedFont15\">Direc\u021bia de Asisten\u021b\u0103 Social\u0103 Deva <\/span><\/span><span class=\"s4\"><span class=\"bumpedFont15\">aduce la cuno\u0219tin\u021ba familiilor cu copii de v\u00e2rst\u0103 \u0219colar\u0103, care beneficiaz\u0103 de venit minim de incluziune \u2013 c<\/span><\/span><span class=\"s4\"><span class=\"bumpedFont15\">omponenta \u201eajutor pentru familia cu copii\u201d, obliga\u021bia legal\u0103 de a face dovada \u00ee<\/span><\/span><span class=\"s4\"><span class=\"bumpedFont15\">n<\/span><\/span><span class=\"s4\"><span class=\"bumpedFont15\">scrierii la \u0219coal\u0103 a copiilor, \u00een anul \u0219colar 2026 \u2013 2027.<\/span><\/span><\/p>\n<p class=\"s3\"><span class=\"s4\">\u00a0<\/span>Dovada se face printr-o adeverin\u021b\u0103 de elev, eliberat\u0103 de unitatea de \u00eenv\u0103\u021b\u0103m\u00e2nt la care este \u00eenscris copilul.<\/p>\n<p class=\"s3\"><span class=\"s4\">\u00a0<\/span><span class=\"s4\"><span class=\"bumpedFont15\">Docum<\/span><\/span><span class=\"s4\"><span class=\"bumpedFont15\">entul se depune la Direc\u021bia de Asisten\u021b\u0103 Social\u0103 Deva (Strada I.L. Caragiale, nr. 4), etaj 1<\/span><\/span><span class=\"s4\"><span class=\"bumpedFont15\">, <\/span><\/span><span class=\"s4\"><span class=\"bumpedFont15\">Compartiment VMI<\/span><\/span><span class=\"s4\"><span class=\"bumpedFont15\"> &#8211;<\/span><\/span><span class=\"s4\"><span class=\"bumpedFont15\"> p\u00e2n\u0103 la sf\u00e2r\u0219itul lunii septembrie 2026.<\/span><\/span><\/p>\n<p class=\"s3\"><span class=\"s4\">\u00a0<\/span>Nerespectarea acestei obliga\u021bii atrage pierderea dreptului la ajutorul pentru familia cu copii \u0219i, ca atare, \u00eencetarea pl\u0103\u021bii sprijinului financiar.<\/p>\n<p class=\"s3\"><span class=\"s4\">\u00a0<\/span><span class=\"s2\"><span class=\"bumpedFont15\">INFORMA\u021aII SUPLIMENTARE<\/span><\/span><span class=\"s4\"><span class=\"bumpedFont15\"> se pot ob\u021bine la numerele de telefon <\/span><\/span><span class=\"s2\"><span class=\"bumpedFont15\">0723.230.106<\/span><\/span><span class=\"s4\"><span class=\"bumpedFont15\"> \u0219i <\/span><\/span><span class=\"s2\"><span class=\"bumpedFont15\">0254.218.030<\/span><\/span><span class=\"s4\"><span class=\"bumpedFont15\">, de luni p\u00e2n\u0103 vineri, \u00eentre orele 8:00 \u2013 16:30 sau vineri, \u00eentre orele 8:00 \u2013 14:00.<\/span><\/span><\/p>\n<p class=\"s3\"><span class=\"s4\">\u00a0<\/span><span class=\"s4\"><span class=\"bumpedFont15\">Conform datelor centralizate de Compartimentul VMI al Direc\u021biei de Asisten\u021b\u0103 Social\u0103 Deva, <\/span><\/span><span class=\"s4\"><span class=\"bumpedFont15\">45 de familii<\/span><\/span><span class=\"s4\"><span class=\"bumpedFont15\">,<\/span><\/span><span class=\"s4\"><span class=\"bumpedFont15\"> din municipiul Deva, care <\/span><\/span><span class=\"s4\"><span class=\"bumpedFont15\">beneficiaz\u0103 de ajutor pentru familia cu copii<\/span><\/span><span class=\"s4\"><span class=\"bumpedFont15\"> au \u00een \u00eentre\u021binere copii de v\u00e2rst\u0103 \u0219colar\u0103 (\u00eentre 6 \u0219i 18 ani).<\/span><\/span><\/p>\n<p class=\"s3\"><span class=\"s4\">\u00a0<\/span><span class=\"s4\"><span class=\"bumpedFont15\">DE RE\u021aINUT! <\/span><\/span><span class=\"s4\"><span class=\"bumpedFont15\">Potrivit legii privind venitul minim de incluziune, ajutorul pentru familia cu copii se acord\u0103, la cerere, familiilor cu venit net lunar ajustat <\/span><\/span><span class=\"s4\"><span class=\"bumpedFont15\">de p\u00e2n\u0103 la<\/span><\/span><span class=\"s4\"><span class=\"bumpedFont15\"> 998 de lei<\/span><\/span><span class=\"s4\"><span class=\"bumpedFont15\">\/membru de familie<\/span><\/span><span class=\"s4\"><span class=\"bumpedFont15\">, cu condi\u021bia ca fiecare copil de v\u00e2rst\u0103 \u0219colar\u0103 s\u0103 fie \u00eenscris \u0219i s\u0103 frecventeze<\/span><\/span><span class=\"s4\"><span class=\"bumpedFont15\">,<\/span><\/span><span class=\"s4\"><span class=\"bumpedFont15\"> f\u0103r\u0103 \u00eentrerupere<\/span><\/span><span class=\"s4\"><span class=\"bumpedFont15\">,<\/span><\/span><span class=\"s4\"><span class=\"bumpedFont15\"> o form\u0103 de organizare a \u00eenv\u0103\u021b\u0103m\u00e2ntului preuniversitar cu frecven\u021b\u0103.<\/span><\/span><\/p>\n<p class=\"s3\"><span class=\"s4\">\u00a0<\/span>Singura excep\u021bie de la aceast\u0103 regul\u0103 este prev\u0103zut\u0103 \u00een cazul copiilor care \u00eentrerup cursurile din motive medicale.<\/p>\n<p class=\"s3\"><span class=\"s4\">\u00a0<\/span><\/p>\n<p class=\"s3\"><span class=\"s2\"><span class=\"bumpedFont15\">Direc\u021bia de Asisten\u021b\u0103 Social\u0103 Deva<\/span><\/span><\/p>\n","protected":false},"excerpt":{"rendered":"<p>Direc\u021bia de Asisten\u021b\u0103 Social\u0103 Deva aduce la cuno\u0219tin\u021ba familiilor cu copii de v\u00e2rst\u0103 \u0219colar\u0103, care&#8230;<\/p>\n","protected":false},"author":1,"featured_media":12524,"comment_status":"closed","ping_status":"closed","sticky":false,"template":"","format":"standard","meta":{"footnotes":""},"categories":[1,14],"tags":[],"class_list":["post-12523","post","type-post","status-publish","format-standard","has-post-thumbnail","hentry","category-actual","category-social"],"yoast_head":"<!-- This site is optimized with the Yoast SEO plugin v25.3.1 - https:\/\/yoast.com\/wordpress\/plugins\/seo\/ -->\n<title>DAS Deva: IMPORTANT pentru familiile cu copii de v\u00e2rst\u0103 \u0219colar\u0103, care beneficiaz\u0103 de venit minim de incluziune! - Cronica de Hunedoara<\/title>\n<meta name=\"robots\" content=\"index, follow, max-snippet:-1, max-image-preview:large, max-video-preview:-1\" \/>\n<link rel=\"canonical\" href=\"https:\/\/cronicahd.ro\/?p=12523\" \/>\n<meta property=\"og:locale\" content=\"ro_RO\" \/>\n<meta property=\"og:type\" content=\"article\" \/>\n<meta property=\"og:title\" content=\"DAS Deva: IMPORTANT pentru familiile cu copii de v\u00e2rst\u0103 \u0219colar\u0103, care beneficiaz\u0103 de venit minim de incluziune! - Cronica de Hunedoara\" \/>\n<meta property=\"og:description\" content=\"Direc\u021bia de Asisten\u021b\u0103 Social\u0103 Deva aduce la cuno\u0219tin\u021ba familiilor cu copii de v\u00e2rst\u0103 \u0219colar\u0103, care...\" \/>\n<meta property=\"og:url\" content=\"https:\/\/cronicahd.ro\/?p=12523\" \/>\n<meta property=\"og:site_name\" content=\"Cronica de Hunedoara\" \/>\n<meta property=\"article:published_time\" content=\"2026-09-03T05:57:51+00:00\" \/>\n<meta property=\"og:image\" content=\"https:\/\/cronicahd.ro\/wp-content\/uploads\/2026\/09\/Foto-copii-scoala.jpeg\" \/>\n\t<meta property=\"og:image:width\" content=\"2044\" \/>\n\t<meta property=\"og:image:height\" content=\"1287\" \/>\n\t<meta property=\"og:image:type\" content=\"image\/jpeg\" \/>\n<meta name=\"author\" content=\"admin\" \/>\n<meta name=\"twitter:card\" content=\"summary_large_image\" \/>\n<meta name=\"twitter:label1\" content=\"Scris de\" \/>\n\t<meta name=\"twitter:data1\" content=\"admin\" \/>\n\t<meta name=\"twitter:label2\" content=\"Timp estimat pentru citire\" \/>\n\t<meta name=\"twitter:data2\" content=\"2 minute\" \/>\n<script type=\"application\/ld+json\" class=\"yoast-schema-graph\">{\"@context\":\"https:\/\/schema.org\",\"@graph\":[{\"@type\":\"Article\",\"@id\":\"https:\/\/cronicahd.ro\/?p=12523#article\",\"isPartOf\":{\"@id\":\"https:\/\/cronicahd.ro\/?p=12523\"},\"author\":{\"name\":\"admin\",\"@id\":\"https:\/\/cronicahd.ro\/#\/schema\/person\/d1a1277a8cd166610328e17aaf58bf46\"},\"headline\":\"DAS Deva: IMPORTANT pentru familiile cu copii de v\u00e2rst\u0103 \u0219colar\u0103, care beneficiaz\u0103 de venit minim de incluziune!\",\"datePublished\":\"2026-09-03T05:57:51+00:00\",\"mainEntityOfPage\":{\"@id\":\"https:\/\/cronicahd.ro\/?p=12523\"},\"wordCount\":284,\"publisher\":{\"@id\":\"https:\/\/cronicahd.ro\/#organization\"},\"image\":{\"@id\":\"https:\/\/cronicahd.ro\/?p=12523#primaryimage\"},\"thumbnailUrl\":\"https:\/\/cronicahd.ro\/wp-content\/uploads\/2026\/09\/Foto-copii-scoala.jpeg\",\"articleSection\":[\"Actualitate\",\"social\"],\"inLanguage\":\"ro-RO\"},{\"@type\":\"WebPage\",\"@id\":\"https:\/\/cronicahd.ro\/?p=12523\",\"url\":\"https:\/\/cronicahd.ro\/?p=12523\",\"name\":\"DAS Deva: IMPORTANT pentru familiile cu copii de v\u00e2rst\u0103 \u0219colar\u0103, care beneficiaz\u0103 de venit minim de incluziune! - Cronica de Hunedoara\",\"isPartOf\":{\"@id\":\"https:\/\/cronicahd.ro\/#website\"},\"primaryImageOfPage\":{\"@id\":\"https:\/\/cronicahd.ro\/?p=12523#primaryimage\"},\"image\":{\"@id\":\"https:\/\/cronicahd.ro\/?p=12523#primaryimage\"},\"thumbnailUrl\":\"https:\/\/cronicahd.ro\/wp-content\/uploads\/2026\/09\/Foto-copii-scoala.jpeg\",\"datePublished\":\"2026-09-03T05:57:51+00:00\",\"breadcrumb\":{\"@id\":\"https:\/\/cronicahd.ro\/?p=12523#breadcrumb\"},\"inLanguage\":\"ro-RO\",\"potentialAction\":[{\"@type\":\"ReadAction\",\"target\":[\"https:\/\/cronicahd.ro\/?p=12523\"]}]},{\"@type\":\"ImageObject\",\"inLanguage\":\"ro-RO\",\"@id\":\"https:\/\/cronicahd.ro\/?p=12523#primaryimage\",\"url\":\"https:\/\/cronicahd.ro\/wp-content\/uploads\/2026\/09\/Foto-copii-scoala.jpeg\",\"contentUrl\":\"https:\/\/cronicahd.ro\/wp-content\/uploads\/2026\/09\/Foto-copii-scoala.jpeg\",\"width\":2044,\"height\":1287},{\"@type\":\"BreadcrumbList\",\"@id\":\"https:\/\/cronicahd.ro\/?p=12523#breadcrumb\",\"itemListElement\":[{\"@type\":\"ListItem\",\"position\":1,\"name\":\"Prima pagin\u0103\",\"item\":\"https:\/\/cronicahd.ro\/\"},{\"@type\":\"ListItem\",\"position\":2,\"name\":\"DAS Deva: IMPORTANT pentru familiile cu copii de v\u00e2rst\u0103 \u0219colar\u0103, care beneficiaz\u0103 de venit minim de incluziune!\"}]},{\"@type\":\"WebSite\",\"@id\":\"https:\/\/cronicahd.ro\/#website\",\"url\":\"https:\/\/cronicahd.ro\/\",\"name\":\"Cronica de Hunedoara\",\"description\":\"\",\"publisher\":{\"@id\":\"https:\/\/cronicahd.ro\/#organization\"},\"potentialAction\":[{\"@type\":\"SearchAction\",\"target\":{\"@type\":\"EntryPoint\",\"urlTemplate\":\"https:\/\/cronicahd.ro\/?s={search_term_string}\"},\"query-input\":{\"@type\":\"PropertyValueSpecification\",\"valueRequired\":true,\"valueName\":\"search_term_string\"}}],\"inLanguage\":\"ro-RO\"},{\"@type\":\"Organization\",\"@id\":\"https:\/\/cronicahd.ro\/#organization\",\"name\":\"Cronica de Hunedoara\",\"url\":\"https:\/\/cronicahd.ro\/\",\"logo\":{\"@type\":\"ImageObject\",\"inLanguage\":\"ro-RO\",\"@id\":\"https:\/\/cronicahd.ro\/#\/schema\/logo\/image\/\",\"url\":\"https:\/\/cronicahd.ro\/wp-content\/uploads\/2026\/03\/cropped-crh.jpg\",\"contentUrl\":\"https:\/\/cronicahd.ro\/wp-content\/uploads\/2026\/03\/cropped-crh.jpg\",\"width\":1437,\"height\":327,\"caption\":\"Cronica de Hunedoara\"},\"image\":{\"@id\":\"https:\/\/cronicahd.ro\/#\/schema\/logo\/image\/\"}},{\"@type\":\"Person\",\"@id\":\"https:\/\/cronicahd.ro\/#\/schema\/person\/d1a1277a8cd166610328e17aaf58bf46\",\"name\":\"admin\",\"image\":{\"@type\":\"ImageObject\",\"inLanguage\":\"ro-RO\",\"@id\":\"https:\/\/cronicahd.ro\/#\/schema\/person\/image\/\",\"url\":\"https:\/\/secure.gravatar.com\/avatar\/24700337280d10898c2e0d19d44a05316bff9fccc941ecc5570ffe41668203f7?s=96&d=mm&r=g\",\"contentUrl\":\"https:\/\/secure.gravatar.com\/avatar\/24700337280d10898c2e0d19d44a05316bff9fccc941ecc5570ffe41668203f7?s=96&d=mm&r=g\",\"caption\":\"admin\"},\"sameAs\":[\"https:\/\/cronicavj.ro\"],\"url\":\"https:\/\/cronicahd.ro\/?author=1\"}]}<\/script>\n<!-- \/ Yoast SEO plugin. -->","yoast_head_json":{"title":"DAS Deva: IMPORTANT pentru familiile cu copii de v\u00e2rst\u0103 \u0219colar\u0103, care beneficiaz\u0103 de venit minim de incluziune! - Cronica de Hunedoara","robots":{"index":"index","follow":"follow","max-snippet":"max-snippet:-1","max-image-preview":"max-image-preview:large","max-video-preview":"max-video-preview:-1"},"canonical":"https:\/\/cronicahd.ro\/?p=12523","og_locale":"ro_RO","og_type":"article","og_title":"DAS Deva: IMPORTANT pentru familiile cu copii de v\u00e2rst\u0103 \u0219colar\u0103, care beneficiaz\u0103 de venit minim de incluziune! - Cronica de Hunedoara","og_description":"Direc\u021bia de Asisten\u021b\u0103 Social\u0103 Deva aduce la cuno\u0219tin\u021ba familiilor cu copii de v\u00e2rst\u0103 \u0219colar\u0103, care...","og_url":"https:\/\/cronicahd.ro\/?p=12523","og_site_name":"Cronica de Hunedoara","article_published_time":"2026-09-03T05:57:51+00:00","og_image":[{"width":2044,"height":1287,"url":"https:\/\/cronicahd.ro\/wp-content\/uploads\/2026\/09\/Foto-copii-scoala.jpeg","type":"image\/jpeg"}],"author":"admin","twitter_card":"summary_large_image","twitter_misc":{"Scris de":"admin","Timp estimat pentru citire":"2 minute"},"schema":{"@context":"https:\/\/schema.org","@graph":[{"@type":"Article","@id":"https:\/\/cronicahd.ro\/?p=12523#article","isPartOf":{"@id":"https:\/\/cronicahd.ro\/?p=12523"},"author":{"name":"admin","@id":"https:\/\/cronicahd.ro\/#\/schema\/person\/d1a1277a8cd166610328e17aaf58bf46"},"headline":"DAS Deva: IMPORTANT pentru familiile cu copii de v\u00e2rst\u0103 \u0219colar\u0103, care beneficiaz\u0103 de venit minim de incluziune!","datePublished":"2026-09-03T05:57:51+00:00","mainEntityOfPage":{"@id":"https:\/\/cronicahd.ro\/?p=12523"},"wordCount":284,"publisher":{"@id":"https:\/\/cronicahd.ro\/#organization"},"image":{"@id":"https:\/\/cronicahd.ro\/?p=12523#primaryimage"},"thumbnailUrl":"https:\/\/cronicahd.ro\/wp-content\/uploads\/2026\/09\/Foto-copii-scoala.jpeg","articleSection":["Actualitate","social"],"inLanguage":"ro-RO"},{"@type":"WebPage","@id":"https:\/\/cronicahd.ro\/?p=12523","url":"https:\/\/cronicahd.ro\/?p=12523","name":"DAS Deva: IMPORTANT pentru familiile cu copii de v\u00e2rst\u0103 \u0219colar\u0103, care beneficiaz\u0103 de venit minim de incluziune! - Cronica de Hunedoara","isPartOf":{"@id":"https:\/\/cronicahd.ro\/#website"},"primaryImageOfPage":{"@id":"https:\/\/cronicahd.ro\/?p=12523#primaryimage"},"image":{"@id":"https:\/\/cronicahd.ro\/?p=12523#primaryimage"},"thumbnailUrl":"https:\/\/cronicahd.ro\/wp-content\/uploads\/2026\/09\/Foto-copii-scoala.jpeg","datePublished":"2026-09-03T05:57:51+00:00","breadcrumb":{"@id":"https:\/\/cronicahd.ro\/?p=12523#breadcrumb"},"inLanguage":"ro-RO","potentialAction":[{"@type":"ReadAction","target":["https:\/\/cronicahd.ro\/?p=12523"]}]},{"@type":"ImageObject","inLanguage":"ro-RO","@id":"https:\/\/cronicahd.ro\/?p=12523#primaryimage","url":"https:\/\/cronicahd.ro\/wp-content\/uploads\/2026\/09\/Foto-copii-scoala.jpeg","contentUrl":"https:\/\/cronicahd.ro\/wp-content\/uploads\/2026\/09\/Foto-copii-scoala.jpeg","width":2044,"height":1287},{"@type":"BreadcrumbList","@id":"https:\/\/cronicahd.ro\/?p=12523#breadcrumb","itemListElement":[{"@type":"ListItem","position":1,"name":"Prima pagin\u0103","item":"https:\/\/cronicahd.ro\/"},{"@type":"ListItem","position":2,"name":"DAS Deva: IMPORTANT pentru familiile cu copii de v\u00e2rst\u0103 \u0219colar\u0103, care beneficiaz\u0103 de venit minim de incluziune!"}]},{"@type":"WebSite","@id":"https:\/\/cronicahd.ro\/#website","url":"https:\/\/cronicahd.ro\/","name":"Cronica de Hunedoara","description":"","publisher":{"@id":"https:\/\/cronicahd.ro\/#organization"},"potentialAction":[{"@type":"SearchAction","target":{"@type":"EntryPoint","urlTemplate":"https:\/\/cronicahd.ro\/?s={search_term_string}"},"query-input":{"@type":"PropertyValueSpecification","valueRequired":true,"valueName":"search_term_string"}}],"inLanguage":"ro-RO"},{"@type":"Organization","@id":"https:\/\/cronicahd.ro\/#organization","name":"Cronica de Hunedoara","url":"https:\/\/cronicahd.ro\/","logo":{"@type":"ImageObject","inLanguage":"ro-RO","@id":"https:\/\/cronicahd.ro\/#\/schema\/logo\/image\/","url":"https:\/\/cronicahd.ro\/wp-content\/uploads\/2026\/03\/cropped-crh.jpg","contentUrl":"https:\/\/cronicahd.ro\/wp-content\/uploads\/2026\/03\/cropped-crh.jpg","width":1437,"height":327,"caption":"Cronica de Hunedoara"},"image":{"@id":"https:\/\/cronicahd.ro\/#\/schema\/logo\/image\/"}},{"@type":"Person","@id":"https:\/\/cronicahd.ro\/#\/schema\/person\/d1a1277a8cd166610328e17aaf58bf46","name":"admin","image":{"@type":"ImageObject","inLanguage":"ro-RO","@id":"https:\/\/cronicahd.ro\/#\/schema\/person\/image\/","url":"https:\/\/secure.gravatar.com\/avatar\/24700337280d10898c2e0d19d44a05316bff9fccc941ecc5570ffe41668203f7?s=96&d=mm&r=g","contentUrl":"https:\/\/secure.gravatar.com\/avatar\/24700337280d10898c2e0d19d44a05316bff9fccc941ecc5570ffe41668203f7?s=96&d=mm&r=g","caption":"admin"},"sameAs":["https:\/\/cronicavj.ro"],"url":"https:\/\/cronicahd.ro\/?author=1"}]}},"_links":{"self":[{"href":"https:\/\/cronicahd.ro\/index.php?rest_route=\/wp\/v2\/posts\/12523","targetHints":{"allow":["GET"]}}],"collection":[{"href":"https:\/\/cronicahd.ro\/index.php?rest_route=\/wp\/v2\/posts"}],"about":[{"href":"https:\/\/cronicahd.ro\/index.php?rest_route=\/wp\/v2\/types\/post"}],"author":[{"embeddable":true,"href":"https:\/\/cronicahd.ro\/index.php?rest_route=\/wp\/v2\/users\/1"}],"replies":[{"embeddable":true,"href":"https:\/\/cronicahd.ro\/index.php?rest_route=%2Fwp%2Fv2%2Fcomments&post=12523"}],"version-history":[{"count":1,"href":"https:\/\/cronicahd.ro\/index.php?rest_route=\/wp\/v2\/posts\/12523\/revisions"}],"predecessor-version":[{"id":12525,"href":"https:\/\/cronicahd.ro\/index.php?rest_route=\/wp\/v2\/posts\/12523\/revisions\/12525"}],"wp:featuredmedia":[{"embeddable":true,"href":"https:\/\/cronicahd.ro\/index.php?rest_route=\/wp\/v2\/media\/12524"}],"wp:attachment":[{"href":"https:\/\/cronicahd.ro\/index.php?rest_route=%2Fwp%2Fv2%2Fmedia&parent=12523"}],"wp:term":[{"taxonomy":"category","embeddable":true,"href":"https:\/\/cronicahd.ro\/index.php?rest_route=%2Fwp%2Fv2%2Fcategories&post=12523"},{"taxonomy":"post_tag","embeddable":true,"href":"https:\/\/cronicahd.ro\/index.php?rest_route=%2Fwp%2Fv2%2Ftags&post=12523"}],"curies":[{"name":"wp","href":"https:\/\/api.w.org\/{rel}","templated":true}]}}