{"id":12518,"date":"2026-09-03T05:37:04","date_gmt":"2026-09-03T05:37:04","guid":{"rendered":"https:\/\/cronicahd.ro\/?p=12518"},"modified":"2026-09-03T05:37:44","modified_gmt":"2026-09-03T05:37:44","slug":"noi-lucrari-pentru-siguranta-turistilor-in-zona-zanoaga-traseul-spre-culmea-slaveiu-reamenajat-si-semnalizat","status":"publish","type":"post","link":"https:\/\/cronicahd.ro\/?p=12518","title":{"rendered":"Noi lucr\u0103ri pentru siguran\u021ba turi\u0219tilor \u00een zona Z\u0103noaga: traseul spre Culmea Sl\u0103veiu, reamenajat \u0219i semnalizat"},"content":{"rendered":"<p>&nbsp;<\/p>\n<p>\u00cen paralel cu lucr\u0103rile de renovare a Refugiului Z\u0103noaga, \u00een zona montan\u0103 au fost realizate mai multe interven\u021bii menite s\u0103 \u00eembun\u0103t\u0103\u021beasc\u0103 infrastructura turistic\u0103 \u0219i siguran\u021ba celor care aleg s\u0103 parcurg\u0103 traseele din acest areal.<\/p>\n<p>Una dintre principalele interven\u021bii a vizat traseul marcat cu \u201ecruce albastr\u0103\u201d, spre Culmea Sl\u0103veiu. Marcajul a fost revopsit, iar pe traseu au fost amplasa\u021bi st\u00e2lpi de marcaj, care vor fi deosebit de utili \u00een perioadele cu vizibilitate redus\u0103 sau \u00een condi\u021bii de iarn\u0103, c\u00e2nd identificarea traseului poate fi mai dificil\u0103.<\/p>\n<p><img loading=\"lazy\" decoding=\"async\" class=\"alignnone size-full wp-image-12519\" src=\"https:\/\/cronicahd.ro\/wp-content\/uploads\/2026\/09\/IMG_8856.jpeg\" alt=\"\" width=\"1350\" height=\"1800\" srcset=\"https:\/\/cronicahd.ro\/wp-content\/uploads\/2026\/09\/IMG_8856.jpeg 1350w, https:\/\/cronicahd.ro\/wp-content\/uploads\/2026\/09\/IMG_8856-225x300.jpeg 225w, https:\/\/cronicahd.ro\/wp-content\/uploads\/2026\/09\/IMG_8856-768x1024.jpeg 768w, https:\/\/cronicahd.ro\/wp-content\/uploads\/2026\/09\/IMG_8856-1152x1536.jpeg 1152w, https:\/\/cronicahd.ro\/wp-content\/uploads\/2026\/09\/IMG_8856-1024x1365.jpeg 1024w\" sizes=\"auto, (max-width: 1350px) 100vw, 1350px\" \/><\/p>\n<p>De asemenea, pentru o mai bun\u0103 orientare \u0219i identificare a obiectivelor montane, au fost semnalizate \u00een teren dou\u0103 v\u00e2rfuri care p\u00e2n\u0103 acum nu dispuneau de astfel de indicatoare. Este vorba despre V\u00e2rful S\u00e2nt\u0103m\u0103ria, cu o altitudine de 2.392 de metri, \u0219i V\u00e2rful Sl\u0103veiu, la 2.342 de metri. Ambele au primit st\u00e2lpi \u0219i pl\u0103cu\u021be de identificare.<\/p>\n<p>Interven\u021biile contribuie at\u00e2t la cre\u0219terea gradului de siguran\u021b\u0103 pentru turi\u0219ti, c\u00e2t \u0219i la o mai bun\u0103 valorificare turistic\u0103 a zonei montane.<\/p>\n<p>Lucr\u0103rile au fost realizate \u00een colaborare cu Salvamont Hunedoara, ZMBR Team \u0219i Serviciul de Voluntariat Montan, implicarea echipelor fiind important\u0103 pentru \u00eembun\u0103t\u0103\u021birea \u0219i \u00eentre\u021binerea infrastructurii de traseu.<\/p>\n<p>Astfel de interven\u021bii sunt esen\u021biale pentru dezvoltarea turismului montan \u0219i pentru ca iubitorii muntelui s\u0103 poat\u0103 beneficia de trasee mai bine marcate \u0219i de o orientare mai sigur\u0103, indiferent de sezon.<\/p>\n","protected":false},"excerpt":{"rendered":"<p>&nbsp; \u00cen paralel cu lucr\u0103rile de renovare a Refugiului Z\u0103noaga, \u00een zona montan\u0103 au fost&#8230;<\/p>\n","protected":false},"author":1,"featured_media":12520,"comment_status":"closed","ping_status":"closed","sticky":false,"template":"","format":"standard","meta":{"footnotes":""},"categories":[1,10],"tags":[],"class_list":["post-12518","post","type-post","status-publish","format-standard","has-post-thumbnail","hentry","category-actual","category-turism"],"yoast_head":"<!-- This site is optimized with the Yoast SEO plugin v25.3.1 - https:\/\/yoast.com\/wordpress\/plugins\/seo\/ -->\n<title>Noi lucr\u0103ri pentru siguran\u021ba turi\u0219tilor \u00een zona Z\u0103noaga: traseul spre Culmea Sl\u0103veiu, reamenajat \u0219i semnalizat - Cronica de Hunedoara<\/title>\n<meta name=\"robots\" content=\"index, follow, max-snippet:-1, max-image-preview:large, max-video-preview:-1\" \/>\n<link rel=\"canonical\" href=\"https:\/\/cronicahd.ro\/?p=12518\" \/>\n<meta property=\"og:locale\" content=\"ro_RO\" \/>\n<meta property=\"og:type\" content=\"article\" \/>\n<meta property=\"og:title\" content=\"Noi lucr\u0103ri pentru siguran\u021ba turi\u0219tilor \u00een zona Z\u0103noaga: traseul spre Culmea Sl\u0103veiu, reamenajat \u0219i semnalizat - Cronica de Hunedoara\" \/>\n<meta property=\"og:description\" content=\"&nbsp; \u00cen paralel cu lucr\u0103rile de renovare a Refugiului Z\u0103noaga, \u00een zona montan\u0103 au fost...\" \/>\n<meta property=\"og:url\" content=\"https:\/\/cronicahd.ro\/?p=12518\" \/>\n<meta property=\"og:site_name\" content=\"Cronica de Hunedoara\" \/>\n<meta property=\"article:published_time\" content=\"2026-09-03T05:37:04+00:00\" \/>\n<meta property=\"article:modified_time\" content=\"2026-09-03T05:37:44+00:00\" \/>\n<meta property=\"og:image\" content=\"https:\/\/cronicahd.ro\/wp-content\/uploads\/2026\/09\/IMG_8855.jpeg\" \/>\n\t<meta property=\"og:image:width\" content=\"1350\" \/>\n\t<meta property=\"og:image:height\" content=\"1800\" \/>\n\t<meta property=\"og:image:type\" content=\"image\/jpeg\" \/>\n<meta name=\"author\" content=\"admin\" \/>\n<meta name=\"twitter:card\" content=\"summary_large_image\" \/>\n<meta name=\"twitter:label1\" content=\"Scris de\" \/>\n\t<meta name=\"twitter:data1\" content=\"admin\" \/>\n\t<meta name=\"twitter:label2\" content=\"Timp estimat pentru citire\" \/>\n\t<meta name=\"twitter:data2\" content=\"2 minute\" \/>\n<script type=\"application\/ld+json\" class=\"yoast-schema-graph\">{\"@context\":\"https:\/\/schema.org\",\"@graph\":[{\"@type\":\"Article\",\"@id\":\"https:\/\/cronicahd.ro\/?p=12518#article\",\"isPartOf\":{\"@id\":\"https:\/\/cronicahd.ro\/?p=12518\"},\"author\":{\"name\":\"admin\",\"@id\":\"https:\/\/cronicahd.ro\/#\/schema\/person\/d1a1277a8cd166610328e17aaf58bf46\"},\"headline\":\"Noi lucr\u0103ri pentru siguran\u021ba turi\u0219tilor \u00een zona Z\u0103noaga: traseul spre Culmea Sl\u0103veiu, reamenajat \u0219i semnalizat\",\"datePublished\":\"2026-09-03T05:37:04+00:00\",\"dateModified\":\"2026-09-03T05:37:44+00:00\",\"mainEntityOfPage\":{\"@id\":\"https:\/\/cronicahd.ro\/?p=12518\"},\"wordCount\":271,\"publisher\":{\"@id\":\"https:\/\/cronicahd.ro\/#organization\"},\"image\":{\"@id\":\"https:\/\/cronicahd.ro\/?p=12518#primaryimage\"},\"thumbnailUrl\":\"https:\/\/cronicahd.ro\/wp-content\/uploads\/2026\/09\/IMG_8855.jpeg\",\"articleSection\":[\"Actualitate\",\"Turism\"],\"inLanguage\":\"ro-RO\"},{\"@type\":\"WebPage\",\"@id\":\"https:\/\/cronicahd.ro\/?p=12518\",\"url\":\"https:\/\/cronicahd.ro\/?p=12518\",\"name\":\"Noi lucr\u0103ri pentru siguran\u021ba turi\u0219tilor \u00een zona Z\u0103noaga: traseul spre Culmea Sl\u0103veiu, reamenajat \u0219i semnalizat - Cronica de Hunedoara\",\"isPartOf\":{\"@id\":\"https:\/\/cronicahd.ro\/#website\"},\"primaryImageOfPage\":{\"@id\":\"https:\/\/cronicahd.ro\/?p=12518#primaryimage\"},\"image\":{\"@id\":\"https:\/\/cronicahd.ro\/?p=12518#primaryimage\"},\"thumbnailUrl\":\"https:\/\/cronicahd.ro\/wp-content\/uploads\/2026\/09\/IMG_8855.jpeg\",\"datePublished\":\"2026-09-03T05:37:04+00:00\",\"dateModified\":\"2026-09-03T05:37:44+00:00\",\"breadcrumb\":{\"@id\":\"https:\/\/cronicahd.ro\/?p=12518#breadcrumb\"},\"inLanguage\":\"ro-RO\",\"potentialAction\":[{\"@type\":\"ReadAction\",\"target\":[\"https:\/\/cronicahd.ro\/?p=12518\"]}]},{\"@type\":\"ImageObject\",\"inLanguage\":\"ro-RO\",\"@id\":\"https:\/\/cronicahd.ro\/?p=12518#primaryimage\",\"url\":\"https:\/\/cronicahd.ro\/wp-content\/uploads\/2026\/09\/IMG_8855.jpeg\",\"contentUrl\":\"https:\/\/cronicahd.ro\/wp-content\/uploads\/2026\/09\/IMG_8855.jpeg\",\"width\":1350,\"height\":1800},{\"@type\":\"BreadcrumbList\",\"@id\":\"https:\/\/cronicahd.ro\/?p=12518#breadcrumb\",\"itemListElement\":[{\"@type\":\"ListItem\",\"position\":1,\"name\":\"Prima pagin\u0103\",\"item\":\"https:\/\/cronicahd.ro\/\"},{\"@type\":\"ListItem\",\"position\":2,\"name\":\"Noi lucr\u0103ri pentru siguran\u021ba turi\u0219tilor \u00een zona Z\u0103noaga: traseul spre Culmea Sl\u0103veiu, reamenajat \u0219i semnalizat\"}]},{\"@type\":\"WebSite\",\"@id\":\"https:\/\/cronicahd.ro\/#website\",\"url\":\"https:\/\/cronicahd.ro\/\",\"name\":\"Cronica de Hunedoara\",\"description\":\"\",\"publisher\":{\"@id\":\"https:\/\/cronicahd.ro\/#organization\"},\"potentialAction\":[{\"@type\":\"SearchAction\",\"target\":{\"@type\":\"EntryPoint\",\"urlTemplate\":\"https:\/\/cronicahd.ro\/?s={search_term_string}\"},\"query-input\":{\"@type\":\"PropertyValueSpecification\",\"valueRequired\":true,\"valueName\":\"search_term_string\"}}],\"inLanguage\":\"ro-RO\"},{\"@type\":\"Organization\",\"@id\":\"https:\/\/cronicahd.ro\/#organization\",\"name\":\"Cronica de Hunedoara\",\"url\":\"https:\/\/cronicahd.ro\/\",\"logo\":{\"@type\":\"ImageObject\",\"inLanguage\":\"ro-RO\",\"@id\":\"https:\/\/cronicahd.ro\/#\/schema\/logo\/image\/\",\"url\":\"https:\/\/cronicahd.ro\/wp-content\/uploads\/2026\/03\/cropped-crh.jpg\",\"contentUrl\":\"https:\/\/cronicahd.ro\/wp-content\/uploads\/2026\/03\/cropped-crh.jpg\",\"width\":1437,\"height\":327,\"caption\":\"Cronica de Hunedoara\"},\"image\":{\"@id\":\"https:\/\/cronicahd.ro\/#\/schema\/logo\/image\/\"}},{\"@type\":\"Person\",\"@id\":\"https:\/\/cronicahd.ro\/#\/schema\/person\/d1a1277a8cd166610328e17aaf58bf46\",\"name\":\"admin\",\"image\":{\"@type\":\"ImageObject\",\"inLanguage\":\"ro-RO\",\"@id\":\"https:\/\/cronicahd.ro\/#\/schema\/person\/image\/\",\"url\":\"https:\/\/secure.gravatar.com\/avatar\/24700337280d10898c2e0d19d44a05316bff9fccc941ecc5570ffe41668203f7?s=96&d=mm&r=g\",\"contentUrl\":\"https:\/\/secure.gravatar.com\/avatar\/24700337280d10898c2e0d19d44a05316bff9fccc941ecc5570ffe41668203f7?s=96&d=mm&r=g\",\"caption\":\"admin\"},\"sameAs\":[\"https:\/\/cronicavj.ro\"],\"url\":\"https:\/\/cronicahd.ro\/?author=1\"}]}<\/script>\n<!-- \/ Yoast SEO plugin. -->","yoast_head_json":{"title":"Noi lucr\u0103ri pentru siguran\u021ba turi\u0219tilor \u00een zona Z\u0103noaga: traseul spre Culmea Sl\u0103veiu, reamenajat \u0219i semnalizat - Cronica de Hunedoara","robots":{"index":"index","follow":"follow","max-snippet":"max-snippet:-1","max-image-preview":"max-image-preview:large","max-video-preview":"max-video-preview:-1"},"canonical":"https:\/\/cronicahd.ro\/?p=12518","og_locale":"ro_RO","og_type":"article","og_title":"Noi lucr\u0103ri pentru siguran\u021ba turi\u0219tilor \u00een zona Z\u0103noaga: traseul spre Culmea Sl\u0103veiu, reamenajat \u0219i semnalizat - Cronica de Hunedoara","og_description":"&nbsp; \u00cen paralel cu lucr\u0103rile de renovare a Refugiului Z\u0103noaga, \u00een zona montan\u0103 au fost...","og_url":"https:\/\/cronicahd.ro\/?p=12518","og_site_name":"Cronica de Hunedoara","article_published_time":"2026-09-03T05:37:04+00:00","article_modified_time":"2026-09-03T05:37:44+00:00","og_image":[{"width":1350,"height":1800,"url":"https:\/\/cronicahd.ro\/wp-content\/uploads\/2026\/09\/IMG_8855.jpeg","type":"image\/jpeg"}],"author":"admin","twitter_card":"summary_large_image","twitter_misc":{"Scris de":"admin","Timp estimat pentru citire":"2 minute"},"schema":{"@context":"https:\/\/schema.org","@graph":[{"@type":"Article","@id":"https:\/\/cronicahd.ro\/?p=12518#article","isPartOf":{"@id":"https:\/\/cronicahd.ro\/?p=12518"},"author":{"name":"admin","@id":"https:\/\/cronicahd.ro\/#\/schema\/person\/d1a1277a8cd166610328e17aaf58bf46"},"headline":"Noi lucr\u0103ri pentru siguran\u021ba turi\u0219tilor \u00een zona Z\u0103noaga: traseul spre Culmea Sl\u0103veiu, reamenajat \u0219i semnalizat","datePublished":"2026-09-03T05:37:04+00:00","dateModified":"2026-09-03T05:37:44+00:00","mainEntityOfPage":{"@id":"https:\/\/cronicahd.ro\/?p=12518"},"wordCount":271,"publisher":{"@id":"https:\/\/cronicahd.ro\/#organization"},"image":{"@id":"https:\/\/cronicahd.ro\/?p=12518#primaryimage"},"thumbnailUrl":"https:\/\/cronicahd.ro\/wp-content\/uploads\/2026\/09\/IMG_8855.jpeg","articleSection":["Actualitate","Turism"],"inLanguage":"ro-RO"},{"@type":"WebPage","@id":"https:\/\/cronicahd.ro\/?p=12518","url":"https:\/\/cronicahd.ro\/?p=12518","name":"Noi lucr\u0103ri pentru siguran\u021ba turi\u0219tilor \u00een zona Z\u0103noaga: traseul spre Culmea Sl\u0103veiu, reamenajat \u0219i semnalizat - Cronica de Hunedoara","isPartOf":{"@id":"https:\/\/cronicahd.ro\/#website"},"primaryImageOfPage":{"@id":"https:\/\/cronicahd.ro\/?p=12518#primaryimage"},"image":{"@id":"https:\/\/cronicahd.ro\/?p=12518#primaryimage"},"thumbnailUrl":"https:\/\/cronicahd.ro\/wp-content\/uploads\/2026\/09\/IMG_8855.jpeg","datePublished":"2026-09-03T05:37:04+00:00","dateModified":"2026-09-03T05:37:44+00:00","breadcrumb":{"@id":"https:\/\/cronicahd.ro\/?p=12518#breadcrumb"},"inLanguage":"ro-RO","potentialAction":[{"@type":"ReadAction","target":["https:\/\/cronicahd.ro\/?p=12518"]}]},{"@type":"ImageObject","inLanguage":"ro-RO","@id":"https:\/\/cronicahd.ro\/?p=12518#primaryimage","url":"https:\/\/cronicahd.ro\/wp-content\/uploads\/2026\/09\/IMG_8855.jpeg","contentUrl":"https:\/\/cronicahd.ro\/wp-content\/uploads\/2026\/09\/IMG_8855.jpeg","width":1350,"height":1800},{"@type":"BreadcrumbList","@id":"https:\/\/cronicahd.ro\/?p=12518#breadcrumb","itemListElement":[{"@type":"ListItem","position":1,"name":"Prima pagin\u0103","item":"https:\/\/cronicahd.ro\/"},{"@type":"ListItem","position":2,"name":"Noi lucr\u0103ri pentru siguran\u021ba turi\u0219tilor \u00een zona Z\u0103noaga: traseul spre Culmea Sl\u0103veiu, reamenajat \u0219i semnalizat"}]},{"@type":"WebSite","@id":"https:\/\/cronicahd.ro\/#website","url":"https:\/\/cronicahd.ro\/","name":"Cronica de Hunedoara","description":"","publisher":{"@id":"https:\/\/cronicahd.ro\/#organization"},"potentialAction":[{"@type":"SearchAction","target":{"@type":"EntryPoint","urlTemplate":"https:\/\/cronicahd.ro\/?s={search_term_string}"},"query-input":{"@type":"PropertyValueSpecification","valueRequired":true,"valueName":"search_term_string"}}],"inLanguage":"ro-RO"},{"@type":"Organization","@id":"https:\/\/cronicahd.ro\/#organization","name":"Cronica de Hunedoara","url":"https:\/\/cronicahd.ro\/","logo":{"@type":"ImageObject","inLanguage":"ro-RO","@id":"https:\/\/cronicahd.ro\/#\/schema\/logo\/image\/","url":"https:\/\/cronicahd.ro\/wp-content\/uploads\/2026\/03\/cropped-crh.jpg","contentUrl":"https:\/\/cronicahd.ro\/wp-content\/uploads\/2026\/03\/cropped-crh.jpg","width":1437,"height":327,"caption":"Cronica de Hunedoara"},"image":{"@id":"https:\/\/cronicahd.ro\/#\/schema\/logo\/image\/"}},{"@type":"Person","@id":"https:\/\/cronicahd.ro\/#\/schema\/person\/d1a1277a8cd166610328e17aaf58bf46","name":"admin","image":{"@type":"ImageObject","inLanguage":"ro-RO","@id":"https:\/\/cronicahd.ro\/#\/schema\/person\/image\/","url":"https:\/\/secure.gravatar.com\/avatar\/24700337280d10898c2e0d19d44a05316bff9fccc941ecc5570ffe41668203f7?s=96&d=mm&r=g","contentUrl":"https:\/\/secure.gravatar.com\/avatar\/24700337280d10898c2e0d19d44a05316bff9fccc941ecc5570ffe41668203f7?s=96&d=mm&r=g","caption":"admin"},"sameAs":["https:\/\/cronicavj.ro"],"url":"https:\/\/cronicahd.ro\/?author=1"}]}},"_links":{"self":[{"href":"https:\/\/cronicahd.ro\/index.php?rest_route=\/wp\/v2\/posts\/12518","targetHints":{"allow":["GET"]}}],"collection":[{"href":"https:\/\/cronicahd.ro\/index.php?rest_route=\/wp\/v2\/posts"}],"about":[{"href":"https:\/\/cronicahd.ro\/index.php?rest_route=\/wp\/v2\/types\/post"}],"author":[{"embeddable":true,"href":"https:\/\/cronicahd.ro\/index.php?rest_route=\/wp\/v2\/users\/1"}],"replies":[{"embeddable":true,"href":"https:\/\/cronicahd.ro\/index.php?rest_route=%2Fwp%2Fv2%2Fcomments&post=12518"}],"version-history":[{"count":2,"href":"https:\/\/cronicahd.ro\/index.php?rest_route=\/wp\/v2\/posts\/12518\/revisions"}],"predecessor-version":[{"id":12522,"href":"https:\/\/cronicahd.ro\/index.php?rest_route=\/wp\/v2\/posts\/12518\/revisions\/12522"}],"wp:featuredmedia":[{"embeddable":true,"href":"https:\/\/cronicahd.ro\/index.php?rest_route=\/wp\/v2\/media\/12520"}],"wp:attachment":[{"href":"https:\/\/cronicahd.ro\/index.php?rest_route=%2Fwp%2Fv2%2Fmedia&parent=12518"}],"wp:term":[{"taxonomy":"category","embeddable":true,"href":"https:\/\/cronicahd.ro\/index.php?rest_route=%2Fwp%2Fv2%2Fcategories&post=12518"},{"taxonomy":"post_tag","embeddable":true,"href":"https:\/\/cronicahd.ro\/index.php?rest_route=%2Fwp%2Fv2%2Ftags&post=12518"}],"curies":[{"name":"wp","href":"https:\/\/api.w.org\/{rel}","templated":true}]}}