{"id":12515,"date":"2026-09-02T15:25:38","date_gmt":"2026-09-02T15:25:38","guid":{"rendered":"https:\/\/cronicahd.ro\/?p=12515"},"modified":"2026-09-02T15:25:38","modified_gmt":"2026-09-02T15:25:38","slug":"vaccinarea-antigripala-promovata-la-nivel-national-in-perioada-1-4-septembrie-cine-beneficiaza-de-vaccin-compensat","status":"publish","type":"post","link":"https:\/\/cronicahd.ro\/?p=12515","title":{"rendered":"Vaccinarea antigripal\u0103, promovat\u0103 la nivel na\u021bional \u00een perioada 1\u20134 septembrie. Cine beneficiaz\u0103 de vaccin compensat"},"content":{"rendered":"<p>&nbsp;<\/p>\n<p>\u00cen perioada 1\u20134 septembrie 2026, la nivel na\u021bional se desf\u0103\u0219oar\u0103 o campanie de informare \u0219i promovare a vaccin\u0103rii antigripale, autorit\u0103\u021bile sanitare atr\u0103g\u00e2nd aten\u021bia asupra importan\u021bei imuniz\u0103rii \u00eenainte de debutul sezonului gripal.<\/p>\n<p>Vaccinarea antigripal\u0103 este considerat\u0103 una dintre cele mai eficiente metode de prevenire a gripei \u0219i a complica\u021biilor asociate acesteia. Speciali\u0219tii recomand\u0103 efectuarea vaccinului \u00een fiecare toamn\u0103, \u00een condi\u021biile \u00een care virusurile gripale, \u00een special tipurile Influenza A \u0219i Influenza B, sufer\u0103 frecvent modific\u0103ri, iar vaccinul este actualizat anual.<\/p>\n<p>Gripa poate provoca forme severe \u0219i decese<\/p>\n<p>Potrivit datelor Organiza\u021biei Mondiale a S\u0103n\u0103t\u0103\u021bii, \u00een fiecare an sunt \u00eenregistrate aproximativ un miliard de cazuri de grip\u0103 sezonier\u0103, dintre care \u00eentre 3 \u0219i 5 milioane sunt forme severe. Gripa este asociat\u0103 anual cu aproximativ 290.000\u2013650.000 de decese de cauz\u0103 respiratorie la nivel mondial.<\/p>\n<p>\u00cen Uniunea European\u0103 \u0219i Spa\u021biul Economic European, gripa sezonier\u0103 poate genera p\u00e2n\u0103 la 50 de milioane de cazuri simptomatice anual, iar \u00eentre 15.000 \u0219i 70.000 de persoane mor \u00een fiecare an din cauze asociate gripei.<\/p>\n<p>\u00cen Rom\u00e2nia, \u00een sezonul gripal 2025\u20132026, au fost raportate 2.031 de cazuri de grip\u0103 confirmate prin laborator. Dintre acestea, 570 au fost determinate de virus gripal AH3, 124 de AH1, 1.324 de virus gripal A, 12 de virus gripal B, iar \u00eentr-un caz a fost identificat\u0103 o co-infec\u021bie cu virusurile gripale A \u0219i B.<\/p>\n<p>\u00cen acela\u0219i sezon au fost \u00eenregistrate 90 de decese asociate gripei, cele mai multe \u2013 76 \u2013 \u00een r\u00e2ndul persoanelor cu v\u00e2rsta de peste 65 de ani.<\/p>\n<p>Cine este \u00een categoria persoanelor cu risc crescut?<\/p>\n<p>Vaccinarea este recomandat\u0103 \u00een special persoanelor care prezint\u0103 un risc mai mare de a dezvolta complica\u021bii severe \u00een cazul infect\u0103rii cu virusul gripal. Printre acestea se num\u0103r\u0103 persoanele cu anumite boli cronice, femeile \u00eens\u0103rcinate, copiii mici, persoanele v\u00e2rstnice \u0219i personalul medical.<\/p>\n<p>Autorit\u0103\u021bile subliniaz\u0103 c\u0103 vaccinarea nu este important\u0103 doar pentru protec\u021bia individual\u0103. Atunci c\u00e2nd un num\u0103r suficient de mare de persoane sunt imunizate, r\u0103sp\u00e2ndirea virusului poate fi redus\u0103, contribuind astfel la protejarea persoanelor vulnerabile care nu se pot vaccina din motive medicale.<\/p>\n<p>Vaccinul gripal este compensat \u00een Rom\u00e2nia<\/p>\n<p>Conform prevederilor \u00een vigoare, vaccinul gripal se elibereaz\u0103 pe baz\u0103 de re\u021bet\u0103 de la medicul de familie, iar pentru anumite categorii este compensat integral sau par\u021bial.<\/p>\n<p>Vaccinul este compensat 100% pentru:<\/p>\n<ul>\n<li>copiii cu v\u00e2rsta de minimum 6 luni \u0219i sub 19 ani;<\/li>\n<li>femeile \u00eens\u0103rcinate;<\/li>\n<li>persoanele cu v\u00e2rsta \u00eentre 19 \u0219i 65 de ani care sufer\u0103 de anumite boli cronice;<\/li>\n<li>persoanele cu v\u00e2rsta de peste 65 de ani;<\/li>\n<li>persoanele cu HIV\/SIDA, imunosupresie sau care urmeaz\u0103 terapii imunosupresoare;<\/li>\n<li>persoanele care au beneficiat de transplant;<\/li>\n<li>pacien\u021bii afla\u021bi \u00een preg\u0103tire pentru splenectomie sau care prezint\u0103 asplenie;<\/li>\n<li>personalul de specialitate medico-sanitar \u0219i auxiliar.<\/li>\n<\/ul>\n<p>Compensarea este de 50% pentru persoanele cu v\u00e2rsta cuprins\u0103 \u00eentre 45 \u0219i 65 de ani, care nu au boli cronice.<\/p>\n<p>Medicii recomand\u0103 ca persoanele eligibile s\u0103 discute cu medicul de familie despre vaccinarea antigripal\u0103 \u0219i despre momentul potrivit pentru imunizare, astfel \u00eenc\u00e2t protec\u021bia s\u0103 fie asigurat\u0103 \u00eenainte de perioada de circula\u021bie intens\u0103 a virusurilor gripale.<\/p>\n<p>Vaccinarea r\u0103m\u00e2ne una dintre cele mai importante m\u0103suri de preven\u021bie, at\u00e2t pentru protejarea persoanei vaccinate, c\u00e2t \u0219i pentru reducerea riscului de transmitere a gripei \u00een comunitate.<\/p>\n","protected":false},"excerpt":{"rendered":"<p>&nbsp; \u00cen perioada 1\u20134 septembrie 2026, la nivel na\u021bional se desf\u0103\u0219oar\u0103 o campanie de informare&#8230;<\/p>\n","protected":false},"author":1,"featured_media":12516,"comment_status":"closed","ping_status":"closed","sticky":false,"template":"","format":"standard","meta":{"footnotes":""},"categories":[1,14],"tags":[],"class_list":["post-12515","post","type-post","status-publish","format-standard","has-post-thumbnail","hentry","category-actual","category-social"],"yoast_head":"<!-- This site is optimized with the Yoast SEO plugin v25.3.1 - https:\/\/yoast.com\/wordpress\/plugins\/seo\/ -->\n<title>Vaccinarea antigripal\u0103, promovat\u0103 la nivel na\u021bional \u00een perioada 1\u20134 septembrie. Cine beneficiaz\u0103 de vaccin compensat - Cronica de Hunedoara<\/title>\n<meta name=\"robots\" content=\"index, follow, max-snippet:-1, max-image-preview:large, max-video-preview:-1\" \/>\n<link rel=\"canonical\" href=\"https:\/\/cronicahd.ro\/?p=12515\" \/>\n<meta property=\"og:locale\" content=\"ro_RO\" \/>\n<meta property=\"og:type\" content=\"article\" \/>\n<meta property=\"og:title\" content=\"Vaccinarea antigripal\u0103, promovat\u0103 la nivel na\u021bional \u00een perioada 1\u20134 septembrie. Cine beneficiaz\u0103 de vaccin compensat - Cronica de Hunedoara\" \/>\n<meta property=\"og:description\" content=\"&nbsp; \u00cen perioada 1\u20134 septembrie 2026, la nivel na\u021bional se desf\u0103\u0219oar\u0103 o campanie de informare...\" \/>\n<meta property=\"og:url\" content=\"https:\/\/cronicahd.ro\/?p=12515\" \/>\n<meta property=\"og:site_name\" content=\"Cronica de Hunedoara\" \/>\n<meta property=\"article:published_time\" content=\"2026-09-02T15:25:38+00:00\" \/>\n<meta property=\"og:image\" content=\"https:\/\/cronicahd.ro\/wp-content\/uploads\/2026\/09\/IMG_8854.jpeg\" \/>\n\t<meta property=\"og:image:width\" content=\"1124\" \/>\n\t<meta property=\"og:image:height\" content=\"1570\" \/>\n\t<meta property=\"og:image:type\" content=\"image\/jpeg\" \/>\n<meta name=\"author\" content=\"admin\" \/>\n<meta name=\"twitter:card\" content=\"summary_large_image\" \/>\n<meta name=\"twitter:label1\" content=\"Scris de\" \/>\n\t<meta name=\"twitter:data1\" content=\"admin\" \/>\n\t<meta name=\"twitter:label2\" content=\"Timp estimat pentru citire\" \/>\n\t<meta name=\"twitter:data2\" content=\"4 minute\" \/>\n<script type=\"application\/ld+json\" class=\"yoast-schema-graph\">{\"@context\":\"https:\/\/schema.org\",\"@graph\":[{\"@type\":\"Article\",\"@id\":\"https:\/\/cronicahd.ro\/?p=12515#article\",\"isPartOf\":{\"@id\":\"https:\/\/cronicahd.ro\/?p=12515\"},\"author\":{\"name\":\"admin\",\"@id\":\"https:\/\/cronicahd.ro\/#\/schema\/person\/d1a1277a8cd166610328e17aaf58bf46\"},\"headline\":\"Vaccinarea antigripal\u0103, promovat\u0103 la nivel na\u021bional \u00een perioada 1\u20134 septembrie. Cine beneficiaz\u0103 de vaccin compensat\",\"datePublished\":\"2026-09-02T15:25:38+00:00\",\"mainEntityOfPage\":{\"@id\":\"https:\/\/cronicahd.ro\/?p=12515\"},\"wordCount\":565,\"publisher\":{\"@id\":\"https:\/\/cronicahd.ro\/#organization\"},\"image\":{\"@id\":\"https:\/\/cronicahd.ro\/?p=12515#primaryimage\"},\"thumbnailUrl\":\"https:\/\/cronicahd.ro\/wp-content\/uploads\/2026\/09\/IMG_8854.jpeg\",\"articleSection\":[\"Actualitate\",\"social\"],\"inLanguage\":\"ro-RO\"},{\"@type\":\"WebPage\",\"@id\":\"https:\/\/cronicahd.ro\/?p=12515\",\"url\":\"https:\/\/cronicahd.ro\/?p=12515\",\"name\":\"Vaccinarea antigripal\u0103, promovat\u0103 la nivel na\u021bional \u00een perioada 1\u20134 septembrie. Cine beneficiaz\u0103 de vaccin compensat - Cronica de Hunedoara\",\"isPartOf\":{\"@id\":\"https:\/\/cronicahd.ro\/#website\"},\"primaryImageOfPage\":{\"@id\":\"https:\/\/cronicahd.ro\/?p=12515#primaryimage\"},\"image\":{\"@id\":\"https:\/\/cronicahd.ro\/?p=12515#primaryimage\"},\"thumbnailUrl\":\"https:\/\/cronicahd.ro\/wp-content\/uploads\/2026\/09\/IMG_8854.jpeg\",\"datePublished\":\"2026-09-02T15:25:38+00:00\",\"breadcrumb\":{\"@id\":\"https:\/\/cronicahd.ro\/?p=12515#breadcrumb\"},\"inLanguage\":\"ro-RO\",\"potentialAction\":[{\"@type\":\"ReadAction\",\"target\":[\"https:\/\/cronicahd.ro\/?p=12515\"]}]},{\"@type\":\"ImageObject\",\"inLanguage\":\"ro-RO\",\"@id\":\"https:\/\/cronicahd.ro\/?p=12515#primaryimage\",\"url\":\"https:\/\/cronicahd.ro\/wp-content\/uploads\/2026\/09\/IMG_8854.jpeg\",\"contentUrl\":\"https:\/\/cronicahd.ro\/wp-content\/uploads\/2026\/09\/IMG_8854.jpeg\",\"width\":1124,\"height\":1570,\"caption\":\"Screenshot\"},{\"@type\":\"BreadcrumbList\",\"@id\":\"https:\/\/cronicahd.ro\/?p=12515#breadcrumb\",\"itemListElement\":[{\"@type\":\"ListItem\",\"position\":1,\"name\":\"Prima pagin\u0103\",\"item\":\"https:\/\/cronicahd.ro\/\"},{\"@type\":\"ListItem\",\"position\":2,\"name\":\"Vaccinarea antigripal\u0103, promovat\u0103 la nivel na\u021bional \u00een perioada 1\u20134 septembrie. Cine beneficiaz\u0103 de vaccin compensat\"}]},{\"@type\":\"WebSite\",\"@id\":\"https:\/\/cronicahd.ro\/#website\",\"url\":\"https:\/\/cronicahd.ro\/\",\"name\":\"Cronica de Hunedoara\",\"description\":\"\",\"publisher\":{\"@id\":\"https:\/\/cronicahd.ro\/#organization\"},\"potentialAction\":[{\"@type\":\"SearchAction\",\"target\":{\"@type\":\"EntryPoint\",\"urlTemplate\":\"https:\/\/cronicahd.ro\/?s={search_term_string}\"},\"query-input\":{\"@type\":\"PropertyValueSpecification\",\"valueRequired\":true,\"valueName\":\"search_term_string\"}}],\"inLanguage\":\"ro-RO\"},{\"@type\":\"Organization\",\"@id\":\"https:\/\/cronicahd.ro\/#organization\",\"name\":\"Cronica de Hunedoara\",\"url\":\"https:\/\/cronicahd.ro\/\",\"logo\":{\"@type\":\"ImageObject\",\"inLanguage\":\"ro-RO\",\"@id\":\"https:\/\/cronicahd.ro\/#\/schema\/logo\/image\/\",\"url\":\"https:\/\/cronicahd.ro\/wp-content\/uploads\/2026\/03\/cropped-crh.jpg\",\"contentUrl\":\"https:\/\/cronicahd.ro\/wp-content\/uploads\/2026\/03\/cropped-crh.jpg\",\"width\":1437,\"height\":327,\"caption\":\"Cronica de Hunedoara\"},\"image\":{\"@id\":\"https:\/\/cronicahd.ro\/#\/schema\/logo\/image\/\"}},{\"@type\":\"Person\",\"@id\":\"https:\/\/cronicahd.ro\/#\/schema\/person\/d1a1277a8cd166610328e17aaf58bf46\",\"name\":\"admin\",\"image\":{\"@type\":\"ImageObject\",\"inLanguage\":\"ro-RO\",\"@id\":\"https:\/\/cronicahd.ro\/#\/schema\/person\/image\/\",\"url\":\"https:\/\/secure.gravatar.com\/avatar\/24700337280d10898c2e0d19d44a05316bff9fccc941ecc5570ffe41668203f7?s=96&d=mm&r=g\",\"contentUrl\":\"https:\/\/secure.gravatar.com\/avatar\/24700337280d10898c2e0d19d44a05316bff9fccc941ecc5570ffe41668203f7?s=96&d=mm&r=g\",\"caption\":\"admin\"},\"sameAs\":[\"https:\/\/cronicavj.ro\"],\"url\":\"https:\/\/cronicahd.ro\/?author=1\"}]}<\/script>\n<!-- \/ Yoast SEO plugin. -->","yoast_head_json":{"title":"Vaccinarea antigripal\u0103, promovat\u0103 la nivel na\u021bional \u00een perioada 1\u20134 septembrie. Cine beneficiaz\u0103 de vaccin compensat - Cronica de Hunedoara","robots":{"index":"index","follow":"follow","max-snippet":"max-snippet:-1","max-image-preview":"max-image-preview:large","max-video-preview":"max-video-preview:-1"},"canonical":"https:\/\/cronicahd.ro\/?p=12515","og_locale":"ro_RO","og_type":"article","og_title":"Vaccinarea antigripal\u0103, promovat\u0103 la nivel na\u021bional \u00een perioada 1\u20134 septembrie. Cine beneficiaz\u0103 de vaccin compensat - Cronica de Hunedoara","og_description":"&nbsp; \u00cen perioada 1\u20134 septembrie 2026, la nivel na\u021bional se desf\u0103\u0219oar\u0103 o campanie de informare...","og_url":"https:\/\/cronicahd.ro\/?p=12515","og_site_name":"Cronica de Hunedoara","article_published_time":"2026-09-02T15:25:38+00:00","og_image":[{"width":1124,"height":1570,"url":"https:\/\/cronicahd.ro\/wp-content\/uploads\/2026\/09\/IMG_8854.jpeg","type":"image\/jpeg"}],"author":"admin","twitter_card":"summary_large_image","twitter_misc":{"Scris de":"admin","Timp estimat pentru citire":"4 minute"},"schema":{"@context":"https:\/\/schema.org","@graph":[{"@type":"Article","@id":"https:\/\/cronicahd.ro\/?p=12515#article","isPartOf":{"@id":"https:\/\/cronicahd.ro\/?p=12515"},"author":{"name":"admin","@id":"https:\/\/cronicahd.ro\/#\/schema\/person\/d1a1277a8cd166610328e17aaf58bf46"},"headline":"Vaccinarea antigripal\u0103, promovat\u0103 la nivel na\u021bional \u00een perioada 1\u20134 septembrie. Cine beneficiaz\u0103 de vaccin compensat","datePublished":"2026-09-02T15:25:38+00:00","mainEntityOfPage":{"@id":"https:\/\/cronicahd.ro\/?p=12515"},"wordCount":565,"publisher":{"@id":"https:\/\/cronicahd.ro\/#organization"},"image":{"@id":"https:\/\/cronicahd.ro\/?p=12515#primaryimage"},"thumbnailUrl":"https:\/\/cronicahd.ro\/wp-content\/uploads\/2026\/09\/IMG_8854.jpeg","articleSection":["Actualitate","social"],"inLanguage":"ro-RO"},{"@type":"WebPage","@id":"https:\/\/cronicahd.ro\/?p=12515","url":"https:\/\/cronicahd.ro\/?p=12515","name":"Vaccinarea antigripal\u0103, promovat\u0103 la nivel na\u021bional \u00een perioada 1\u20134 septembrie. Cine beneficiaz\u0103 de vaccin compensat - Cronica de Hunedoara","isPartOf":{"@id":"https:\/\/cronicahd.ro\/#website"},"primaryImageOfPage":{"@id":"https:\/\/cronicahd.ro\/?p=12515#primaryimage"},"image":{"@id":"https:\/\/cronicahd.ro\/?p=12515#primaryimage"},"thumbnailUrl":"https:\/\/cronicahd.ro\/wp-content\/uploads\/2026\/09\/IMG_8854.jpeg","datePublished":"2026-09-02T15:25:38+00:00","breadcrumb":{"@id":"https:\/\/cronicahd.ro\/?p=12515#breadcrumb"},"inLanguage":"ro-RO","potentialAction":[{"@type":"ReadAction","target":["https:\/\/cronicahd.ro\/?p=12515"]}]},{"@type":"ImageObject","inLanguage":"ro-RO","@id":"https:\/\/cronicahd.ro\/?p=12515#primaryimage","url":"https:\/\/cronicahd.ro\/wp-content\/uploads\/2026\/09\/IMG_8854.jpeg","contentUrl":"https:\/\/cronicahd.ro\/wp-content\/uploads\/2026\/09\/IMG_8854.jpeg","width":1124,"height":1570,"caption":"Screenshot"},{"@type":"BreadcrumbList","@id":"https:\/\/cronicahd.ro\/?p=12515#breadcrumb","itemListElement":[{"@type":"ListItem","position":1,"name":"Prima pagin\u0103","item":"https:\/\/cronicahd.ro\/"},{"@type":"ListItem","position":2,"name":"Vaccinarea antigripal\u0103, promovat\u0103 la nivel na\u021bional \u00een perioada 1\u20134 septembrie. Cine beneficiaz\u0103 de vaccin compensat"}]},{"@type":"WebSite","@id":"https:\/\/cronicahd.ro\/#website","url":"https:\/\/cronicahd.ro\/","name":"Cronica de Hunedoara","description":"","publisher":{"@id":"https:\/\/cronicahd.ro\/#organization"},"potentialAction":[{"@type":"SearchAction","target":{"@type":"EntryPoint","urlTemplate":"https:\/\/cronicahd.ro\/?s={search_term_string}"},"query-input":{"@type":"PropertyValueSpecification","valueRequired":true,"valueName":"search_term_string"}}],"inLanguage":"ro-RO"},{"@type":"Organization","@id":"https:\/\/cronicahd.ro\/#organization","name":"Cronica de Hunedoara","url":"https:\/\/cronicahd.ro\/","logo":{"@type":"ImageObject","inLanguage":"ro-RO","@id":"https:\/\/cronicahd.ro\/#\/schema\/logo\/image\/","url":"https:\/\/cronicahd.ro\/wp-content\/uploads\/2026\/03\/cropped-crh.jpg","contentUrl":"https:\/\/cronicahd.ro\/wp-content\/uploads\/2026\/03\/cropped-crh.jpg","width":1437,"height":327,"caption":"Cronica de Hunedoara"},"image":{"@id":"https:\/\/cronicahd.ro\/#\/schema\/logo\/image\/"}},{"@type":"Person","@id":"https:\/\/cronicahd.ro\/#\/schema\/person\/d1a1277a8cd166610328e17aaf58bf46","name":"admin","image":{"@type":"ImageObject","inLanguage":"ro-RO","@id":"https:\/\/cronicahd.ro\/#\/schema\/person\/image\/","url":"https:\/\/secure.gravatar.com\/avatar\/24700337280d10898c2e0d19d44a05316bff9fccc941ecc5570ffe41668203f7?s=96&d=mm&r=g","contentUrl":"https:\/\/secure.gravatar.com\/avatar\/24700337280d10898c2e0d19d44a05316bff9fccc941ecc5570ffe41668203f7?s=96&d=mm&r=g","caption":"admin"},"sameAs":["https:\/\/cronicavj.ro"],"url":"https:\/\/cronicahd.ro\/?author=1"}]}},"_links":{"self":[{"href":"https:\/\/cronicahd.ro\/index.php?rest_route=\/wp\/v2\/posts\/12515","targetHints":{"allow":["GET"]}}],"collection":[{"href":"https:\/\/cronicahd.ro\/index.php?rest_route=\/wp\/v2\/posts"}],"about":[{"href":"https:\/\/cronicahd.ro\/index.php?rest_route=\/wp\/v2\/types\/post"}],"author":[{"embeddable":true,"href":"https:\/\/cronicahd.ro\/index.php?rest_route=\/wp\/v2\/users\/1"}],"replies":[{"embeddable":true,"href":"https:\/\/cronicahd.ro\/index.php?rest_route=%2Fwp%2Fv2%2Fcomments&post=12515"}],"version-history":[{"count":1,"href":"https:\/\/cronicahd.ro\/index.php?rest_route=\/wp\/v2\/posts\/12515\/revisions"}],"predecessor-version":[{"id":12517,"href":"https:\/\/cronicahd.ro\/index.php?rest_route=\/wp\/v2\/posts\/12515\/revisions\/12517"}],"wp:featuredmedia":[{"embeddable":true,"href":"https:\/\/cronicahd.ro\/index.php?rest_route=\/wp\/v2\/media\/12516"}],"wp:attachment":[{"href":"https:\/\/cronicahd.ro\/index.php?rest_route=%2Fwp%2Fv2%2Fmedia&parent=12515"}],"wp:term":[{"taxonomy":"category","embeddable":true,"href":"https:\/\/cronicahd.ro\/index.php?rest_route=%2Fwp%2Fv2%2Fcategories&post=12515"},{"taxonomy":"post_tag","embeddable":true,"href":"https:\/\/cronicahd.ro\/index.php?rest_route=%2Fwp%2Fv2%2Ftags&post=12515"}],"curies":[{"name":"wp","href":"https:\/\/api.w.org\/{rel}","templated":true}]}}