{"id":12512,"date":"2026-09-02T14:31:38","date_gmt":"2026-09-02T14:31:38","guid":{"rendered":"https:\/\/cronicahd.ro\/?p=12512"},"modified":"2026-09-02T14:31:38","modified_gmt":"2026-09-02T14:31:38","slug":"senatorul-calin-petru-marian-ales-secretar-al-comisiei-pentru-aparare-din-senatul-romaniei","status":"publish","type":"post","link":"https:\/\/cronicahd.ro\/?p=12512","title":{"rendered":"Senatorul C\u0103lin Petru Marian, ales secretar al Comisiei pentru ap\u0103rare din Senatul Rom\u00e2niei"},"content":{"rendered":"<p>&nbsp;<\/p>\n<p>Senatorul hunedorean C\u0103lin Petru Marian a fost ales \u00a0secretar al Comisiei pentru ap\u0103rare, ordine public\u0103 \u0219i siguran\u021b\u0103 na\u021bional\u0103 din Senatul Rom\u00e2niei.<\/p>\n<p>Noua responsabilitate vine \u00eentr-un domeniu cu o importan\u021b\u0103 major\u0103 pentru func\u021bionarea statului \u0219i pentru siguran\u021ba cet\u0103\u021benilor. Senatorul spune c\u0103 \u00ee\u0219i asum\u0103 aceast\u0103 func\u021bie cu seriozitate \u0219i cu aten\u021bie la problemele care \u021bin de securitatea Rom\u00e2niei \u0219i de institu\u021biile care au responsabilitatea de a-i proteja pe cet\u0103\u021beni.<\/p>\n<p>\u201ePrimesc aceast\u0103 responsabilitate cu seriozitate \u0219i cu g\u00e2ndul la miza real\u0103 a activit\u0103\u021bii acestei comisii: securitatea Rom\u00e2niei, siguran\u021ba cet\u0103\u021benilor \u0219i buna func\u021bionare a institu\u021biilor care au responsabilitatea de a le proteja\u201d, a transmis C\u0103lin Petru Marian.<\/p>\n<p>Senatorul le-a mul\u021bumit colegilor pentru \u00eencrederea acordat\u0103 \u0219i a subliniat c\u0103, \u00eentr-o perioad\u0103 \u00een care Rom\u00e2nia are nevoie de stabilitate \u0219i responsabilitate, activitatea parlamentar\u0103 trebuie s\u0103 se bazeze pe decizii bine fundamentate.<\/p>\n<p>\u201eCred c\u0103 rolul nostru este s\u0103 lucr\u0103m pentru legi clare, corecte \u0219i aplicabile, care s\u0103 r\u0103spund\u0103 nevoilor reale ale celor care ap\u0103r\u0103 \u0219i servesc Rom\u00e2nia\u201d, a mai declarat senatorul hunedorean.<\/p>\n<p>Comisia pentru ap\u0103rare, ordine public\u0103 \u0219i siguran\u021b\u0103 na\u021bional\u0103 are un rol important \u00een dezbaterea \u0219i avizarea proiectelor legislative care vizeaz\u0103 domenii precum ap\u0103rarea na\u021bional\u0103, ordinea public\u0103, siguran\u021ba cet\u0103\u021benilor \u0219i activitatea institu\u021biilor din sistemul de securitate na\u021bional\u0103.<\/p>\n<p>Alegerea lui C\u0103lin Petru Marian \u00een conducerea comisiei \u00eei confer\u0103 un rol suplimentar \u00een activitatea legislativ\u0103 a Senatului, \u00eentr-un context \u00een care temele de securitate \u0219i protec\u021bie a cet\u0103\u021benilor ocup\u0103 un loc important pe agenda public\u0103.<\/p>\n","protected":false},"excerpt":{"rendered":"<p>&nbsp; Senatorul hunedorean C\u0103lin Petru Marian a fost ales \u00a0secretar al Comisiei pentru ap\u0103rare, ordine&#8230;<\/p>\n","protected":false},"author":1,"featured_media":12513,"comment_status":"closed","ping_status":"closed","sticky":false,"template":"","format":"standard","meta":{"footnotes":""},"categories":[1,16],"tags":[],"class_list":["post-12512","post","type-post","status-publish","format-standard","has-post-thumbnail","hentry","category-actual","category-politic"],"yoast_head":"<!-- This site is optimized with the Yoast SEO plugin v25.3.1 - https:\/\/yoast.com\/wordpress\/plugins\/seo\/ -->\n<title>Senatorul C\u0103lin Petru Marian, ales secretar al Comisiei pentru ap\u0103rare din Senatul Rom\u00e2niei - Cronica de Hunedoara<\/title>\n<meta name=\"robots\" content=\"index, follow, max-snippet:-1, max-image-preview:large, max-video-preview:-1\" \/>\n<link rel=\"canonical\" href=\"https:\/\/cronicahd.ro\/?p=12512\" \/>\n<meta property=\"og:locale\" content=\"ro_RO\" \/>\n<meta property=\"og:type\" content=\"article\" \/>\n<meta property=\"og:title\" content=\"Senatorul C\u0103lin Petru Marian, ales secretar al Comisiei pentru ap\u0103rare din Senatul Rom\u00e2niei - Cronica de Hunedoara\" \/>\n<meta property=\"og:description\" content=\"&nbsp; Senatorul hunedorean C\u0103lin Petru Marian a fost ales \u00a0secretar al Comisiei pentru ap\u0103rare, ordine...\" \/>\n<meta property=\"og:url\" content=\"https:\/\/cronicahd.ro\/?p=12512\" \/>\n<meta property=\"og:site_name\" content=\"Cronica de Hunedoara\" \/>\n<meta property=\"article:published_time\" content=\"2026-09-02T14:31:38+00:00\" \/>\n<meta property=\"og:image\" content=\"https:\/\/cronicahd.ro\/wp-content\/uploads\/2026\/09\/IMG_8852.jpeg\" \/>\n\t<meta property=\"og:image:width\" content=\"960\" \/>\n\t<meta property=\"og:image:height\" content=\"640\" \/>\n\t<meta property=\"og:image:type\" content=\"image\/jpeg\" \/>\n<meta name=\"author\" content=\"admin\" \/>\n<meta name=\"twitter:card\" content=\"summary_large_image\" \/>\n<meta name=\"twitter:label1\" content=\"Scris de\" \/>\n\t<meta name=\"twitter:data1\" content=\"admin\" \/>\n\t<meta name=\"twitter:label2\" content=\"Timp estimat pentru citire\" \/>\n\t<meta name=\"twitter:data2\" content=\"2 minute\" \/>\n<script type=\"application\/ld+json\" class=\"yoast-schema-graph\">{\"@context\":\"https:\/\/schema.org\",\"@graph\":[{\"@type\":\"Article\",\"@id\":\"https:\/\/cronicahd.ro\/?p=12512#article\",\"isPartOf\":{\"@id\":\"https:\/\/cronicahd.ro\/?p=12512\"},\"author\":{\"name\":\"admin\",\"@id\":\"https:\/\/cronicahd.ro\/#\/schema\/person\/d1a1277a8cd166610328e17aaf58bf46\"},\"headline\":\"Senatorul C\u0103lin Petru Marian, ales secretar al Comisiei pentru ap\u0103rare din Senatul Rom\u00e2niei\",\"datePublished\":\"2026-09-02T14:31:38+00:00\",\"mainEntityOfPage\":{\"@id\":\"https:\/\/cronicahd.ro\/?p=12512\"},\"wordCount\":291,\"publisher\":{\"@id\":\"https:\/\/cronicahd.ro\/#organization\"},\"image\":{\"@id\":\"https:\/\/cronicahd.ro\/?p=12512#primaryimage\"},\"thumbnailUrl\":\"https:\/\/cronicahd.ro\/wp-content\/uploads\/2026\/09\/IMG_8852.jpeg\",\"articleSection\":[\"Actualitate\",\"politic\"],\"inLanguage\":\"ro-RO\"},{\"@type\":\"WebPage\",\"@id\":\"https:\/\/cronicahd.ro\/?p=12512\",\"url\":\"https:\/\/cronicahd.ro\/?p=12512\",\"name\":\"Senatorul C\u0103lin Petru Marian, ales secretar al Comisiei pentru ap\u0103rare din Senatul Rom\u00e2niei - Cronica de Hunedoara\",\"isPartOf\":{\"@id\":\"https:\/\/cronicahd.ro\/#website\"},\"primaryImageOfPage\":{\"@id\":\"https:\/\/cronicahd.ro\/?p=12512#primaryimage\"},\"image\":{\"@id\":\"https:\/\/cronicahd.ro\/?p=12512#primaryimage\"},\"thumbnailUrl\":\"https:\/\/cronicahd.ro\/wp-content\/uploads\/2026\/09\/IMG_8852.jpeg\",\"datePublished\":\"2026-09-02T14:31:38+00:00\",\"breadcrumb\":{\"@id\":\"https:\/\/cronicahd.ro\/?p=12512#breadcrumb\"},\"inLanguage\":\"ro-RO\",\"potentialAction\":[{\"@type\":\"ReadAction\",\"target\":[\"https:\/\/cronicahd.ro\/?p=12512\"]}]},{\"@type\":\"ImageObject\",\"inLanguage\":\"ro-RO\",\"@id\":\"https:\/\/cronicahd.ro\/?p=12512#primaryimage\",\"url\":\"https:\/\/cronicahd.ro\/wp-content\/uploads\/2026\/09\/IMG_8852.jpeg\",\"contentUrl\":\"https:\/\/cronicahd.ro\/wp-content\/uploads\/2026\/09\/IMG_8852.jpeg\",\"width\":960,\"height\":640},{\"@type\":\"BreadcrumbList\",\"@id\":\"https:\/\/cronicahd.ro\/?p=12512#breadcrumb\",\"itemListElement\":[{\"@type\":\"ListItem\",\"position\":1,\"name\":\"Prima pagin\u0103\",\"item\":\"https:\/\/cronicahd.ro\/\"},{\"@type\":\"ListItem\",\"position\":2,\"name\":\"Senatorul C\u0103lin Petru Marian, ales secretar al Comisiei pentru ap\u0103rare din Senatul Rom\u00e2niei\"}]},{\"@type\":\"WebSite\",\"@id\":\"https:\/\/cronicahd.ro\/#website\",\"url\":\"https:\/\/cronicahd.ro\/\",\"name\":\"Cronica de Hunedoara\",\"description\":\"\",\"publisher\":{\"@id\":\"https:\/\/cronicahd.ro\/#organization\"},\"potentialAction\":[{\"@type\":\"SearchAction\",\"target\":{\"@type\":\"EntryPoint\",\"urlTemplate\":\"https:\/\/cronicahd.ro\/?s={search_term_string}\"},\"query-input\":{\"@type\":\"PropertyValueSpecification\",\"valueRequired\":true,\"valueName\":\"search_term_string\"}}],\"inLanguage\":\"ro-RO\"},{\"@type\":\"Organization\",\"@id\":\"https:\/\/cronicahd.ro\/#organization\",\"name\":\"Cronica de Hunedoara\",\"url\":\"https:\/\/cronicahd.ro\/\",\"logo\":{\"@type\":\"ImageObject\",\"inLanguage\":\"ro-RO\",\"@id\":\"https:\/\/cronicahd.ro\/#\/schema\/logo\/image\/\",\"url\":\"https:\/\/cronicahd.ro\/wp-content\/uploads\/2026\/03\/cropped-crh.jpg\",\"contentUrl\":\"https:\/\/cronicahd.ro\/wp-content\/uploads\/2026\/03\/cropped-crh.jpg\",\"width\":1437,\"height\":327,\"caption\":\"Cronica de Hunedoara\"},\"image\":{\"@id\":\"https:\/\/cronicahd.ro\/#\/schema\/logo\/image\/\"}},{\"@type\":\"Person\",\"@id\":\"https:\/\/cronicahd.ro\/#\/schema\/person\/d1a1277a8cd166610328e17aaf58bf46\",\"name\":\"admin\",\"image\":{\"@type\":\"ImageObject\",\"inLanguage\":\"ro-RO\",\"@id\":\"https:\/\/cronicahd.ro\/#\/schema\/person\/image\/\",\"url\":\"https:\/\/secure.gravatar.com\/avatar\/24700337280d10898c2e0d19d44a05316bff9fccc941ecc5570ffe41668203f7?s=96&d=mm&r=g\",\"contentUrl\":\"https:\/\/secure.gravatar.com\/avatar\/24700337280d10898c2e0d19d44a05316bff9fccc941ecc5570ffe41668203f7?s=96&d=mm&r=g\",\"caption\":\"admin\"},\"sameAs\":[\"https:\/\/cronicavj.ro\"],\"url\":\"https:\/\/cronicahd.ro\/?author=1\"}]}<\/script>\n<!-- \/ Yoast SEO plugin. -->","yoast_head_json":{"title":"Senatorul C\u0103lin Petru Marian, ales secretar al Comisiei pentru ap\u0103rare din Senatul Rom\u00e2niei - Cronica de Hunedoara","robots":{"index":"index","follow":"follow","max-snippet":"max-snippet:-1","max-image-preview":"max-image-preview:large","max-video-preview":"max-video-preview:-1"},"canonical":"https:\/\/cronicahd.ro\/?p=12512","og_locale":"ro_RO","og_type":"article","og_title":"Senatorul C\u0103lin Petru Marian, ales secretar al Comisiei pentru ap\u0103rare din Senatul Rom\u00e2niei - Cronica de Hunedoara","og_description":"&nbsp; Senatorul hunedorean C\u0103lin Petru Marian a fost ales \u00a0secretar al Comisiei pentru ap\u0103rare, ordine...","og_url":"https:\/\/cronicahd.ro\/?p=12512","og_site_name":"Cronica de Hunedoara","article_published_time":"2026-09-02T14:31:38+00:00","og_image":[{"width":960,"height":640,"url":"https:\/\/cronicahd.ro\/wp-content\/uploads\/2026\/09\/IMG_8852.jpeg","type":"image\/jpeg"}],"author":"admin","twitter_card":"summary_large_image","twitter_misc":{"Scris de":"admin","Timp estimat pentru citire":"2 minute"},"schema":{"@context":"https:\/\/schema.org","@graph":[{"@type":"Article","@id":"https:\/\/cronicahd.ro\/?p=12512#article","isPartOf":{"@id":"https:\/\/cronicahd.ro\/?p=12512"},"author":{"name":"admin","@id":"https:\/\/cronicahd.ro\/#\/schema\/person\/d1a1277a8cd166610328e17aaf58bf46"},"headline":"Senatorul C\u0103lin Petru Marian, ales secretar al Comisiei pentru ap\u0103rare din Senatul Rom\u00e2niei","datePublished":"2026-09-02T14:31:38+00:00","mainEntityOfPage":{"@id":"https:\/\/cronicahd.ro\/?p=12512"},"wordCount":291,"publisher":{"@id":"https:\/\/cronicahd.ro\/#organization"},"image":{"@id":"https:\/\/cronicahd.ro\/?p=12512#primaryimage"},"thumbnailUrl":"https:\/\/cronicahd.ro\/wp-content\/uploads\/2026\/09\/IMG_8852.jpeg","articleSection":["Actualitate","politic"],"inLanguage":"ro-RO"},{"@type":"WebPage","@id":"https:\/\/cronicahd.ro\/?p=12512","url":"https:\/\/cronicahd.ro\/?p=12512","name":"Senatorul C\u0103lin Petru Marian, ales secretar al Comisiei pentru ap\u0103rare din Senatul Rom\u00e2niei - Cronica de Hunedoara","isPartOf":{"@id":"https:\/\/cronicahd.ro\/#website"},"primaryImageOfPage":{"@id":"https:\/\/cronicahd.ro\/?p=12512#primaryimage"},"image":{"@id":"https:\/\/cronicahd.ro\/?p=12512#primaryimage"},"thumbnailUrl":"https:\/\/cronicahd.ro\/wp-content\/uploads\/2026\/09\/IMG_8852.jpeg","datePublished":"2026-09-02T14:31:38+00:00","breadcrumb":{"@id":"https:\/\/cronicahd.ro\/?p=12512#breadcrumb"},"inLanguage":"ro-RO","potentialAction":[{"@type":"ReadAction","target":["https:\/\/cronicahd.ro\/?p=12512"]}]},{"@type":"ImageObject","inLanguage":"ro-RO","@id":"https:\/\/cronicahd.ro\/?p=12512#primaryimage","url":"https:\/\/cronicahd.ro\/wp-content\/uploads\/2026\/09\/IMG_8852.jpeg","contentUrl":"https:\/\/cronicahd.ro\/wp-content\/uploads\/2026\/09\/IMG_8852.jpeg","width":960,"height":640},{"@type":"BreadcrumbList","@id":"https:\/\/cronicahd.ro\/?p=12512#breadcrumb","itemListElement":[{"@type":"ListItem","position":1,"name":"Prima pagin\u0103","item":"https:\/\/cronicahd.ro\/"},{"@type":"ListItem","position":2,"name":"Senatorul C\u0103lin Petru Marian, ales secretar al Comisiei pentru ap\u0103rare din Senatul Rom\u00e2niei"}]},{"@type":"WebSite","@id":"https:\/\/cronicahd.ro\/#website","url":"https:\/\/cronicahd.ro\/","name":"Cronica de Hunedoara","description":"","publisher":{"@id":"https:\/\/cronicahd.ro\/#organization"},"potentialAction":[{"@type":"SearchAction","target":{"@type":"EntryPoint","urlTemplate":"https:\/\/cronicahd.ro\/?s={search_term_string}"},"query-input":{"@type":"PropertyValueSpecification","valueRequired":true,"valueName":"search_term_string"}}],"inLanguage":"ro-RO"},{"@type":"Organization","@id":"https:\/\/cronicahd.ro\/#organization","name":"Cronica de Hunedoara","url":"https:\/\/cronicahd.ro\/","logo":{"@type":"ImageObject","inLanguage":"ro-RO","@id":"https:\/\/cronicahd.ro\/#\/schema\/logo\/image\/","url":"https:\/\/cronicahd.ro\/wp-content\/uploads\/2026\/03\/cropped-crh.jpg","contentUrl":"https:\/\/cronicahd.ro\/wp-content\/uploads\/2026\/03\/cropped-crh.jpg","width":1437,"height":327,"caption":"Cronica de Hunedoara"},"image":{"@id":"https:\/\/cronicahd.ro\/#\/schema\/logo\/image\/"}},{"@type":"Person","@id":"https:\/\/cronicahd.ro\/#\/schema\/person\/d1a1277a8cd166610328e17aaf58bf46","name":"admin","image":{"@type":"ImageObject","inLanguage":"ro-RO","@id":"https:\/\/cronicahd.ro\/#\/schema\/person\/image\/","url":"https:\/\/secure.gravatar.com\/avatar\/24700337280d10898c2e0d19d44a05316bff9fccc941ecc5570ffe41668203f7?s=96&d=mm&r=g","contentUrl":"https:\/\/secure.gravatar.com\/avatar\/24700337280d10898c2e0d19d44a05316bff9fccc941ecc5570ffe41668203f7?s=96&d=mm&r=g","caption":"admin"},"sameAs":["https:\/\/cronicavj.ro"],"url":"https:\/\/cronicahd.ro\/?author=1"}]}},"_links":{"self":[{"href":"https:\/\/cronicahd.ro\/index.php?rest_route=\/wp\/v2\/posts\/12512","targetHints":{"allow":["GET"]}}],"collection":[{"href":"https:\/\/cronicahd.ro\/index.php?rest_route=\/wp\/v2\/posts"}],"about":[{"href":"https:\/\/cronicahd.ro\/index.php?rest_route=\/wp\/v2\/types\/post"}],"author":[{"embeddable":true,"href":"https:\/\/cronicahd.ro\/index.php?rest_route=\/wp\/v2\/users\/1"}],"replies":[{"embeddable":true,"href":"https:\/\/cronicahd.ro\/index.php?rest_route=%2Fwp%2Fv2%2Fcomments&post=12512"}],"version-history":[{"count":1,"href":"https:\/\/cronicahd.ro\/index.php?rest_route=\/wp\/v2\/posts\/12512\/revisions"}],"predecessor-version":[{"id":12514,"href":"https:\/\/cronicahd.ro\/index.php?rest_route=\/wp\/v2\/posts\/12512\/revisions\/12514"}],"wp:featuredmedia":[{"embeddable":true,"href":"https:\/\/cronicahd.ro\/index.php?rest_route=\/wp\/v2\/media\/12513"}],"wp:attachment":[{"href":"https:\/\/cronicahd.ro\/index.php?rest_route=%2Fwp%2Fv2%2Fmedia&parent=12512"}],"wp:term":[{"taxonomy":"category","embeddable":true,"href":"https:\/\/cronicahd.ro\/index.php?rest_route=%2Fwp%2Fv2%2Fcategories&post=12512"},{"taxonomy":"post_tag","embeddable":true,"href":"https:\/\/cronicahd.ro\/index.php?rest_route=%2Fwp%2Fv2%2Ftags&post=12512"}],"curies":[{"name":"wp","href":"https:\/\/api.w.org\/{rel}","templated":true}]}}