{"id":12509,"date":"2026-09-02T12:06:40","date_gmt":"2026-09-02T12:06:40","guid":{"rendered":"https:\/\/cronicahd.ro\/?p=12509"},"modified":"2026-09-02T12:06:40","modified_gmt":"2026-09-02T12:06:40","slug":"natalia-intotero-psd-isi-asuma-guvernarea-si-propune-un-plan-pentru-depasirea-perioadei-dificile","status":"publish","type":"post","link":"https:\/\/cronicahd.ro\/?p=12509","title":{"rendered":"Natalia Intotero: PSD \u00ee\u0219i asum\u0103 guvernarea \u0219i propune un plan pentru dep\u0103\u0219irea perioadei dificile"},"content":{"rendered":"<p>&nbsp;<\/p>\n<p>Noua sesiune parlamentar\u0103 \u00eencepe \u00eentr-un context \u00een care Rom\u00e2nia are nevoie de responsabilitate, stabilitate \u0219i decizii asumate, consider\u0103 deputatul de Hunedoara Natalia Intotero, vicepre\u0219edinte al Camerei Deputa\u021bilor.<\/p>\n<p>Parlamentarul hunedorean transmite c\u0103 rom\u00e2nii s-au s\u0103turat de \u201ecirc \u0219i scandal\u201d \u0219i au nevoie de politicieni care s\u0103 \u00een\u021beleag\u0103 problemele cu care se confrunt\u0103 societatea \u0219i s\u0103 aib\u0103 curajul de a lua deciziile necesare.<\/p>\n<p>\u201eTravers\u0103m o perioad\u0103 dificil\u0103, iar rom\u00e2nii s-au s\u0103turat de circ \u0219i scandal. Rom\u00e2nii au nevoie de politicieni care \u00een\u021beleg realitatea, \u0219tiu ce trebuie f\u0103cut \u0219i au curajul s\u0103 \u00ee\u0219i asume deciziile necesare\u201d, a transmis Natalia Intotero.<\/p>\n<p>\u00cen mesajul s\u0103u, deputatul afirm\u0103 c\u0103 PSD este preg\u0103tit s\u0103 \u00ee\u0219i asume guvernarea, \u00eens\u0103 nu ca pe un privilegiu, ci ca pe o responsabilitate fa\u021b\u0103 de cet\u0103\u021beni.<\/p>\n<p>\u201e\u0218tim c\u0103 vremurile sunt grele. Tocmai de aceea este nevoie de oameni politici care nu fug de deciziile dificile \u0219i care au un plan pentru Rom\u00e2nia\u201d, a precizat vicepre\u0219edintele Camerei Deputa\u021bilor.<\/p>\n<p>Zece priorit\u0103\u021bi pentru urm\u0103torii doi ani<\/p>\n<p>Natalia Intotero face referire \u0219i la propunerea PSD privind un acord politic cu partidele care doresc s\u0103 participe la constituirea unei majorit\u0103\u021bi parlamentare. Documentul cuprinde 10 priorit\u0103\u021bi pentru urm\u0103torii doi ani, menite s\u0103 contribuie la dep\u0103\u0219irea perioadei dificile \u0219i la asigurarea stabilit\u0103\u021bii politice \u0219i economice.<\/p>\n<p>Deputatul hunedorean subliniaz\u0103 c\u0103 aceste obiective nu trebuie privite doar ca priorit\u0103\u021bi parlamentare, ci ca parte a unui plan mai amplu pentru Rom\u00e2nia.<\/p>\n<p>\u201eAcestea nu sunt doar obiective parlamentare. Sunt parte dintr-un plan mai larg pentru Rom\u00e2nia: un plan prin care s\u0103 dep\u0103\u0219im aceast\u0103 perioad\u0103 dificil\u0103, s\u0103 red\u0103m \u00eencrederea oamenilor \u0219i s\u0103 construim stabilitatea de care \u021bara are nevoie\u201d, a mai transmis Natalia Intotero.<\/p>\n<p>La \u00eenceputul noii sesiuni parlamentare, deputatul de Hunedoara a \u021binut s\u0103 le mul\u021bumeasc\u0103 \u0219i colegilor pentru \u00eencrederea acordat\u0103, dup\u0103 ce a primit un nou mandat de vicepre\u0219edinte al Camerei Deputa\u021bilor.<\/p>\n<p>\u201eLe mul\u021bumesc tuturor colegilor pentru \u00eencrederea acordat\u0103 \u0219i pentru votul prin care mi-au oferit un nou mandat de vicepre\u0219edinte al Camerei Deputa\u021bilor\u201d, a transmis Natalia Intotero.<\/p>\n","protected":false},"excerpt":{"rendered":"<p>&nbsp; Noua sesiune parlamentar\u0103 \u00eencepe \u00eentr-un context \u00een care Rom\u00e2nia are nevoie de responsabilitate, stabilitate&#8230;<\/p>\n","protected":false},"author":1,"featured_media":12510,"comment_status":"closed","ping_status":"closed","sticky":false,"template":"","format":"standard","meta":{"footnotes":""},"categories":[1,16],"tags":[],"class_list":["post-12509","post","type-post","status-publish","format-standard","has-post-thumbnail","hentry","category-actual","category-politic"],"yoast_head":"<!-- This site is optimized with the Yoast SEO plugin v25.3.1 - https:\/\/yoast.com\/wordpress\/plugins\/seo\/ -->\n<title>Natalia Intotero: PSD \u00ee\u0219i asum\u0103 guvernarea \u0219i propune un plan pentru dep\u0103\u0219irea perioadei dificile - Cronica de Hunedoara<\/title>\n<meta name=\"robots\" content=\"index, follow, max-snippet:-1, max-image-preview:large, max-video-preview:-1\" \/>\n<link rel=\"canonical\" href=\"https:\/\/cronicahd.ro\/?p=12509\" \/>\n<meta property=\"og:locale\" content=\"ro_RO\" \/>\n<meta property=\"og:type\" content=\"article\" \/>\n<meta property=\"og:title\" content=\"Natalia Intotero: PSD \u00ee\u0219i asum\u0103 guvernarea \u0219i propune un plan pentru dep\u0103\u0219irea perioadei dificile - Cronica de Hunedoara\" \/>\n<meta property=\"og:description\" content=\"&nbsp; Noua sesiune parlamentar\u0103 \u00eencepe \u00eentr-un context \u00een care Rom\u00e2nia are nevoie de responsabilitate, stabilitate...\" \/>\n<meta property=\"og:url\" content=\"https:\/\/cronicahd.ro\/?p=12509\" \/>\n<meta property=\"og:site_name\" content=\"Cronica de Hunedoara\" \/>\n<meta property=\"article:published_time\" content=\"2026-09-02T12:06:40+00:00\" \/>\n<meta property=\"og:image\" content=\"https:\/\/cronicahd.ro\/wp-content\/uploads\/2026\/09\/IMG_8850.jpeg\" \/>\n\t<meta property=\"og:image:width\" content=\"1066\" \/>\n\t<meta property=\"og:image:height\" content=\"1304\" \/>\n\t<meta property=\"og:image:type\" content=\"image\/jpeg\" \/>\n<meta name=\"author\" content=\"admin\" \/>\n<meta name=\"twitter:card\" content=\"summary_large_image\" \/>\n<meta name=\"twitter:label1\" content=\"Scris de\" \/>\n\t<meta name=\"twitter:data1\" content=\"admin\" \/>\n\t<meta name=\"twitter:label2\" content=\"Timp estimat pentru citire\" \/>\n\t<meta name=\"twitter:data2\" content=\"2 minute\" \/>\n<script type=\"application\/ld+json\" class=\"yoast-schema-graph\">{\"@context\":\"https:\/\/schema.org\",\"@graph\":[{\"@type\":\"Article\",\"@id\":\"https:\/\/cronicahd.ro\/?p=12509#article\",\"isPartOf\":{\"@id\":\"https:\/\/cronicahd.ro\/?p=12509\"},\"author\":{\"name\":\"admin\",\"@id\":\"https:\/\/cronicahd.ro\/#\/schema\/person\/d1a1277a8cd166610328e17aaf58bf46\"},\"headline\":\"Natalia Intotero: PSD \u00ee\u0219i asum\u0103 guvernarea \u0219i propune un plan pentru dep\u0103\u0219irea perioadei dificile\",\"datePublished\":\"2026-09-02T12:06:40+00:00\",\"mainEntityOfPage\":{\"@id\":\"https:\/\/cronicahd.ro\/?p=12509\"},\"wordCount\":377,\"publisher\":{\"@id\":\"https:\/\/cronicahd.ro\/#organization\"},\"image\":{\"@id\":\"https:\/\/cronicahd.ro\/?p=12509#primaryimage\"},\"thumbnailUrl\":\"https:\/\/cronicahd.ro\/wp-content\/uploads\/2026\/09\/IMG_8850.jpeg\",\"articleSection\":[\"Actualitate\",\"politic\"],\"inLanguage\":\"ro-RO\"},{\"@type\":\"WebPage\",\"@id\":\"https:\/\/cronicahd.ro\/?p=12509\",\"url\":\"https:\/\/cronicahd.ro\/?p=12509\",\"name\":\"Natalia Intotero: PSD \u00ee\u0219i asum\u0103 guvernarea \u0219i propune un plan pentru dep\u0103\u0219irea perioadei dificile - Cronica de Hunedoara\",\"isPartOf\":{\"@id\":\"https:\/\/cronicahd.ro\/#website\"},\"primaryImageOfPage\":{\"@id\":\"https:\/\/cronicahd.ro\/?p=12509#primaryimage\"},\"image\":{\"@id\":\"https:\/\/cronicahd.ro\/?p=12509#primaryimage\"},\"thumbnailUrl\":\"https:\/\/cronicahd.ro\/wp-content\/uploads\/2026\/09\/IMG_8850.jpeg\",\"datePublished\":\"2026-09-02T12:06:40+00:00\",\"breadcrumb\":{\"@id\":\"https:\/\/cronicahd.ro\/?p=12509#breadcrumb\"},\"inLanguage\":\"ro-RO\",\"potentialAction\":[{\"@type\":\"ReadAction\",\"target\":[\"https:\/\/cronicahd.ro\/?p=12509\"]}]},{\"@type\":\"ImageObject\",\"inLanguage\":\"ro-RO\",\"@id\":\"https:\/\/cronicahd.ro\/?p=12509#primaryimage\",\"url\":\"https:\/\/cronicahd.ro\/wp-content\/uploads\/2026\/09\/IMG_8850.jpeg\",\"contentUrl\":\"https:\/\/cronicahd.ro\/wp-content\/uploads\/2026\/09\/IMG_8850.jpeg\",\"width\":1066,\"height\":1304},{\"@type\":\"BreadcrumbList\",\"@id\":\"https:\/\/cronicahd.ro\/?p=12509#breadcrumb\",\"itemListElement\":[{\"@type\":\"ListItem\",\"position\":1,\"name\":\"Prima pagin\u0103\",\"item\":\"https:\/\/cronicahd.ro\/\"},{\"@type\":\"ListItem\",\"position\":2,\"name\":\"Natalia Intotero: PSD \u00ee\u0219i asum\u0103 guvernarea \u0219i propune un plan pentru dep\u0103\u0219irea perioadei dificile\"}]},{\"@type\":\"WebSite\",\"@id\":\"https:\/\/cronicahd.ro\/#website\",\"url\":\"https:\/\/cronicahd.ro\/\",\"name\":\"Cronica de Hunedoara\",\"description\":\"\",\"publisher\":{\"@id\":\"https:\/\/cronicahd.ro\/#organization\"},\"potentialAction\":[{\"@type\":\"SearchAction\",\"target\":{\"@type\":\"EntryPoint\",\"urlTemplate\":\"https:\/\/cronicahd.ro\/?s={search_term_string}\"},\"query-input\":{\"@type\":\"PropertyValueSpecification\",\"valueRequired\":true,\"valueName\":\"search_term_string\"}}],\"inLanguage\":\"ro-RO\"},{\"@type\":\"Organization\",\"@id\":\"https:\/\/cronicahd.ro\/#organization\",\"name\":\"Cronica de Hunedoara\",\"url\":\"https:\/\/cronicahd.ro\/\",\"logo\":{\"@type\":\"ImageObject\",\"inLanguage\":\"ro-RO\",\"@id\":\"https:\/\/cronicahd.ro\/#\/schema\/logo\/image\/\",\"url\":\"https:\/\/cronicahd.ro\/wp-content\/uploads\/2026\/03\/cropped-crh.jpg\",\"contentUrl\":\"https:\/\/cronicahd.ro\/wp-content\/uploads\/2026\/03\/cropped-crh.jpg\",\"width\":1437,\"height\":327,\"caption\":\"Cronica de Hunedoara\"},\"image\":{\"@id\":\"https:\/\/cronicahd.ro\/#\/schema\/logo\/image\/\"}},{\"@type\":\"Person\",\"@id\":\"https:\/\/cronicahd.ro\/#\/schema\/person\/d1a1277a8cd166610328e17aaf58bf46\",\"name\":\"admin\",\"image\":{\"@type\":\"ImageObject\",\"inLanguage\":\"ro-RO\",\"@id\":\"https:\/\/cronicahd.ro\/#\/schema\/person\/image\/\",\"url\":\"https:\/\/secure.gravatar.com\/avatar\/24700337280d10898c2e0d19d44a05316bff9fccc941ecc5570ffe41668203f7?s=96&d=mm&r=g\",\"contentUrl\":\"https:\/\/secure.gravatar.com\/avatar\/24700337280d10898c2e0d19d44a05316bff9fccc941ecc5570ffe41668203f7?s=96&d=mm&r=g\",\"caption\":\"admin\"},\"sameAs\":[\"https:\/\/cronicavj.ro\"],\"url\":\"https:\/\/cronicahd.ro\/?author=1\"}]}<\/script>\n<!-- \/ Yoast SEO plugin. -->","yoast_head_json":{"title":"Natalia Intotero: PSD \u00ee\u0219i asum\u0103 guvernarea \u0219i propune un plan pentru dep\u0103\u0219irea perioadei dificile - Cronica de Hunedoara","robots":{"index":"index","follow":"follow","max-snippet":"max-snippet:-1","max-image-preview":"max-image-preview:large","max-video-preview":"max-video-preview:-1"},"canonical":"https:\/\/cronicahd.ro\/?p=12509","og_locale":"ro_RO","og_type":"article","og_title":"Natalia Intotero: PSD \u00ee\u0219i asum\u0103 guvernarea \u0219i propune un plan pentru dep\u0103\u0219irea perioadei dificile - Cronica de Hunedoara","og_description":"&nbsp; Noua sesiune parlamentar\u0103 \u00eencepe \u00eentr-un context \u00een care Rom\u00e2nia are nevoie de responsabilitate, stabilitate...","og_url":"https:\/\/cronicahd.ro\/?p=12509","og_site_name":"Cronica de Hunedoara","article_published_time":"2026-09-02T12:06:40+00:00","og_image":[{"width":1066,"height":1304,"url":"https:\/\/cronicahd.ro\/wp-content\/uploads\/2026\/09\/IMG_8850.jpeg","type":"image\/jpeg"}],"author":"admin","twitter_card":"summary_large_image","twitter_misc":{"Scris de":"admin","Timp estimat pentru citire":"2 minute"},"schema":{"@context":"https:\/\/schema.org","@graph":[{"@type":"Article","@id":"https:\/\/cronicahd.ro\/?p=12509#article","isPartOf":{"@id":"https:\/\/cronicahd.ro\/?p=12509"},"author":{"name":"admin","@id":"https:\/\/cronicahd.ro\/#\/schema\/person\/d1a1277a8cd166610328e17aaf58bf46"},"headline":"Natalia Intotero: PSD \u00ee\u0219i asum\u0103 guvernarea \u0219i propune un plan pentru dep\u0103\u0219irea perioadei dificile","datePublished":"2026-09-02T12:06:40+00:00","mainEntityOfPage":{"@id":"https:\/\/cronicahd.ro\/?p=12509"},"wordCount":377,"publisher":{"@id":"https:\/\/cronicahd.ro\/#organization"},"image":{"@id":"https:\/\/cronicahd.ro\/?p=12509#primaryimage"},"thumbnailUrl":"https:\/\/cronicahd.ro\/wp-content\/uploads\/2026\/09\/IMG_8850.jpeg","articleSection":["Actualitate","politic"],"inLanguage":"ro-RO"},{"@type":"WebPage","@id":"https:\/\/cronicahd.ro\/?p=12509","url":"https:\/\/cronicahd.ro\/?p=12509","name":"Natalia Intotero: PSD \u00ee\u0219i asum\u0103 guvernarea \u0219i propune un plan pentru dep\u0103\u0219irea perioadei dificile - Cronica de Hunedoara","isPartOf":{"@id":"https:\/\/cronicahd.ro\/#website"},"primaryImageOfPage":{"@id":"https:\/\/cronicahd.ro\/?p=12509#primaryimage"},"image":{"@id":"https:\/\/cronicahd.ro\/?p=12509#primaryimage"},"thumbnailUrl":"https:\/\/cronicahd.ro\/wp-content\/uploads\/2026\/09\/IMG_8850.jpeg","datePublished":"2026-09-02T12:06:40+00:00","breadcrumb":{"@id":"https:\/\/cronicahd.ro\/?p=12509#breadcrumb"},"inLanguage":"ro-RO","potentialAction":[{"@type":"ReadAction","target":["https:\/\/cronicahd.ro\/?p=12509"]}]},{"@type":"ImageObject","inLanguage":"ro-RO","@id":"https:\/\/cronicahd.ro\/?p=12509#primaryimage","url":"https:\/\/cronicahd.ro\/wp-content\/uploads\/2026\/09\/IMG_8850.jpeg","contentUrl":"https:\/\/cronicahd.ro\/wp-content\/uploads\/2026\/09\/IMG_8850.jpeg","width":1066,"height":1304},{"@type":"BreadcrumbList","@id":"https:\/\/cronicahd.ro\/?p=12509#breadcrumb","itemListElement":[{"@type":"ListItem","position":1,"name":"Prima pagin\u0103","item":"https:\/\/cronicahd.ro\/"},{"@type":"ListItem","position":2,"name":"Natalia Intotero: PSD \u00ee\u0219i asum\u0103 guvernarea \u0219i propune un plan pentru dep\u0103\u0219irea perioadei dificile"}]},{"@type":"WebSite","@id":"https:\/\/cronicahd.ro\/#website","url":"https:\/\/cronicahd.ro\/","name":"Cronica de Hunedoara","description":"","publisher":{"@id":"https:\/\/cronicahd.ro\/#organization"},"potentialAction":[{"@type":"SearchAction","target":{"@type":"EntryPoint","urlTemplate":"https:\/\/cronicahd.ro\/?s={search_term_string}"},"query-input":{"@type":"PropertyValueSpecification","valueRequired":true,"valueName":"search_term_string"}}],"inLanguage":"ro-RO"},{"@type":"Organization","@id":"https:\/\/cronicahd.ro\/#organization","name":"Cronica de Hunedoara","url":"https:\/\/cronicahd.ro\/","logo":{"@type":"ImageObject","inLanguage":"ro-RO","@id":"https:\/\/cronicahd.ro\/#\/schema\/logo\/image\/","url":"https:\/\/cronicahd.ro\/wp-content\/uploads\/2026\/03\/cropped-crh.jpg","contentUrl":"https:\/\/cronicahd.ro\/wp-content\/uploads\/2026\/03\/cropped-crh.jpg","width":1437,"height":327,"caption":"Cronica de Hunedoara"},"image":{"@id":"https:\/\/cronicahd.ro\/#\/schema\/logo\/image\/"}},{"@type":"Person","@id":"https:\/\/cronicahd.ro\/#\/schema\/person\/d1a1277a8cd166610328e17aaf58bf46","name":"admin","image":{"@type":"ImageObject","inLanguage":"ro-RO","@id":"https:\/\/cronicahd.ro\/#\/schema\/person\/image\/","url":"https:\/\/secure.gravatar.com\/avatar\/24700337280d10898c2e0d19d44a05316bff9fccc941ecc5570ffe41668203f7?s=96&d=mm&r=g","contentUrl":"https:\/\/secure.gravatar.com\/avatar\/24700337280d10898c2e0d19d44a05316bff9fccc941ecc5570ffe41668203f7?s=96&d=mm&r=g","caption":"admin"},"sameAs":["https:\/\/cronicavj.ro"],"url":"https:\/\/cronicahd.ro\/?author=1"}]}},"_links":{"self":[{"href":"https:\/\/cronicahd.ro\/index.php?rest_route=\/wp\/v2\/posts\/12509","targetHints":{"allow":["GET"]}}],"collection":[{"href":"https:\/\/cronicahd.ro\/index.php?rest_route=\/wp\/v2\/posts"}],"about":[{"href":"https:\/\/cronicahd.ro\/index.php?rest_route=\/wp\/v2\/types\/post"}],"author":[{"embeddable":true,"href":"https:\/\/cronicahd.ro\/index.php?rest_route=\/wp\/v2\/users\/1"}],"replies":[{"embeddable":true,"href":"https:\/\/cronicahd.ro\/index.php?rest_route=%2Fwp%2Fv2%2Fcomments&post=12509"}],"version-history":[{"count":1,"href":"https:\/\/cronicahd.ro\/index.php?rest_route=\/wp\/v2\/posts\/12509\/revisions"}],"predecessor-version":[{"id":12511,"href":"https:\/\/cronicahd.ro\/index.php?rest_route=\/wp\/v2\/posts\/12509\/revisions\/12511"}],"wp:featuredmedia":[{"embeddable":true,"href":"https:\/\/cronicahd.ro\/index.php?rest_route=\/wp\/v2\/media\/12510"}],"wp:attachment":[{"href":"https:\/\/cronicahd.ro\/index.php?rest_route=%2Fwp%2Fv2%2Fmedia&parent=12509"}],"wp:term":[{"taxonomy":"category","embeddable":true,"href":"https:\/\/cronicahd.ro\/index.php?rest_route=%2Fwp%2Fv2%2Fcategories&post=12509"},{"taxonomy":"post_tag","embeddable":true,"href":"https:\/\/cronicahd.ro\/index.php?rest_route=%2Fwp%2Fv2%2Ftags&post=12509"}],"curies":[{"name":"wp","href":"https:\/\/api.w.org\/{rel}","templated":true}]}}