{"id":12504,"date":"2026-09-02T11:36:52","date_gmt":"2026-09-02T11:36:52","guid":{"rendered":"https:\/\/cronicahd.ro\/?p=12504"},"modified":"2026-09-02T11:36:52","modified_gmt":"2026-09-02T11:36:52","slug":"cutremur-slab-in-judetul-hunedoara-miercuri-la-pranz","status":"publish","type":"post","link":"https:\/\/cronicahd.ro\/?p=12504","title":{"rendered":"Cutremur slab \u00een jude\u021bul Hunedoara, miercuri la pr\u00e2nz"},"content":{"rendered":"<p>&nbsp;<\/p>\n<p>Un cutremur slab s-a produs miercuri, 2 septembrie 2026, \u00een zona Transilvania, jude\u021bul Hunedoara, potrivit informa\u021biilor transmise de Institutul Na\u021bional de Cercetare-Dezvoltare pentru Fizica P\u0103m\u00e2ntului (INCDFP).<\/p>\n<p>Seismul a avut magnitudinea de 2,0 \u0219i s-a produs la o ad\u00e2ncime de 5,3 kilometri, la ora 11:51:10, ora local\u0103 a Rom\u00e2niei.<\/p>\n<p>Potrivit INCDFP, cutremurul s-a produs \u00een apropierea mai multor localit\u0103\u021bi, fiind localizat la aproximativ 14 kilometri sud de Deva, 28 de kilometri sud de Hunedoara, 61 de kilometri sud de Alba Iulia \u0219i 98 de kilometri sud de Turda.<\/p>\n<p>&nbsp;<\/p>\n","protected":false},"excerpt":{"rendered":"<p>&nbsp; Un cutremur slab s-a produs miercuri, 2 septembrie 2026, \u00een zona Transilvania, jude\u021bul Hunedoara,&#8230;<\/p>\n","protected":false},"author":1,"featured_media":12505,"comment_status":"closed","ping_status":"closed","sticky":false,"template":"","format":"standard","meta":{"footnotes":""},"categories":[1,15],"tags":[],"class_list":["post-12504","post","type-post","status-publish","format-standard","has-post-thumbnail","hentry","category-actual","category-eveniment"],"yoast_head":"<!-- This site is optimized with the Yoast SEO plugin v25.3.1 - https:\/\/yoast.com\/wordpress\/plugins\/seo\/ -->\n<title>Cutremur slab \u00een jude\u021bul Hunedoara, miercuri la pr\u00e2nz - Cronica de Hunedoara<\/title>\n<meta name=\"robots\" content=\"index, follow, max-snippet:-1, max-image-preview:large, max-video-preview:-1\" \/>\n<link rel=\"canonical\" href=\"https:\/\/cronicahd.ro\/?p=12504\" \/>\n<meta property=\"og:locale\" content=\"ro_RO\" \/>\n<meta property=\"og:type\" content=\"article\" \/>\n<meta property=\"og:title\" content=\"Cutremur slab \u00een jude\u021bul Hunedoara, miercuri la pr\u00e2nz - Cronica de Hunedoara\" \/>\n<meta property=\"og:description\" content=\"&nbsp; Un cutremur slab s-a produs miercuri, 2 septembrie 2026, \u00een zona Transilvania, jude\u021bul Hunedoara,...\" \/>\n<meta property=\"og:url\" content=\"https:\/\/cronicahd.ro\/?p=12504\" \/>\n<meta property=\"og:site_name\" content=\"Cronica de Hunedoara\" \/>\n<meta property=\"article:published_time\" content=\"2026-09-02T11:36:52+00:00\" \/>\n<meta property=\"og:image\" content=\"https:\/\/cronicahd.ro\/wp-content\/uploads\/2026\/09\/att.nHyUsyBTHvJtohlgw7QUuOmF3ldw3YvroFRgw_XjdiY.jpeg\" \/>\n\t<meta property=\"og:image:width\" content=\"1029\" \/>\n\t<meta property=\"og:image:height\" content=\"857\" \/>\n\t<meta property=\"og:image:type\" content=\"image\/jpeg\" \/>\n<meta name=\"author\" content=\"admin\" \/>\n<meta name=\"twitter:card\" content=\"summary_large_image\" \/>\n<meta name=\"twitter:label1\" content=\"Scris de\" \/>\n\t<meta name=\"twitter:data1\" content=\"admin\" \/>\n\t<meta name=\"twitter:label2\" content=\"Timp estimat pentru citire\" \/>\n\t<meta name=\"twitter:data2\" content=\"1 minut\" \/>\n<script type=\"application\/ld+json\" class=\"yoast-schema-graph\">{\"@context\":\"https:\/\/schema.org\",\"@graph\":[{\"@type\":\"Article\",\"@id\":\"https:\/\/cronicahd.ro\/?p=12504#article\",\"isPartOf\":{\"@id\":\"https:\/\/cronicahd.ro\/?p=12504\"},\"author\":{\"name\":\"admin\",\"@id\":\"https:\/\/cronicahd.ro\/#\/schema\/person\/d1a1277a8cd166610328e17aaf58bf46\"},\"headline\":\"Cutremur slab \u00een jude\u021bul Hunedoara, miercuri la pr\u00e2nz\",\"datePublished\":\"2026-09-02T11:36:52+00:00\",\"mainEntityOfPage\":{\"@id\":\"https:\/\/cronicahd.ro\/?p=12504\"},\"wordCount\":98,\"publisher\":{\"@id\":\"https:\/\/cronicahd.ro\/#organization\"},\"image\":{\"@id\":\"https:\/\/cronicahd.ro\/?p=12504#primaryimage\"},\"thumbnailUrl\":\"https:\/\/cronicahd.ro\/wp-content\/uploads\/2026\/09\/att.nHyUsyBTHvJtohlgw7QUuOmF3ldw3YvroFRgw_XjdiY.jpeg\",\"articleSection\":[\"Actualitate\",\"eveniment\"],\"inLanguage\":\"ro-RO\"},{\"@type\":\"WebPage\",\"@id\":\"https:\/\/cronicahd.ro\/?p=12504\",\"url\":\"https:\/\/cronicahd.ro\/?p=12504\",\"name\":\"Cutremur slab \u00een jude\u021bul Hunedoara, miercuri la pr\u00e2nz - Cronica de Hunedoara\",\"isPartOf\":{\"@id\":\"https:\/\/cronicahd.ro\/#website\"},\"primaryImageOfPage\":{\"@id\":\"https:\/\/cronicahd.ro\/?p=12504#primaryimage\"},\"image\":{\"@id\":\"https:\/\/cronicahd.ro\/?p=12504#primaryimage\"},\"thumbnailUrl\":\"https:\/\/cronicahd.ro\/wp-content\/uploads\/2026\/09\/att.nHyUsyBTHvJtohlgw7QUuOmF3ldw3YvroFRgw_XjdiY.jpeg\",\"datePublished\":\"2026-09-02T11:36:52+00:00\",\"breadcrumb\":{\"@id\":\"https:\/\/cronicahd.ro\/?p=12504#breadcrumb\"},\"inLanguage\":\"ro-RO\",\"potentialAction\":[{\"@type\":\"ReadAction\",\"target\":[\"https:\/\/cronicahd.ro\/?p=12504\"]}]},{\"@type\":\"ImageObject\",\"inLanguage\":\"ro-RO\",\"@id\":\"https:\/\/cronicahd.ro\/?p=12504#primaryimage\",\"url\":\"https:\/\/cronicahd.ro\/wp-content\/uploads\/2026\/09\/att.nHyUsyBTHvJtohlgw7QUuOmF3ldw3YvroFRgw_XjdiY.jpeg\",\"contentUrl\":\"https:\/\/cronicahd.ro\/wp-content\/uploads\/2026\/09\/att.nHyUsyBTHvJtohlgw7QUuOmF3ldw3YvroFRgw_XjdiY.jpeg\",\"width\":1029,\"height\":857},{\"@type\":\"BreadcrumbList\",\"@id\":\"https:\/\/cronicahd.ro\/?p=12504#breadcrumb\",\"itemListElement\":[{\"@type\":\"ListItem\",\"position\":1,\"name\":\"Prima pagin\u0103\",\"item\":\"https:\/\/cronicahd.ro\/\"},{\"@type\":\"ListItem\",\"position\":2,\"name\":\"Cutremur slab \u00een jude\u021bul Hunedoara, miercuri la pr\u00e2nz\"}]},{\"@type\":\"WebSite\",\"@id\":\"https:\/\/cronicahd.ro\/#website\",\"url\":\"https:\/\/cronicahd.ro\/\",\"name\":\"Cronica de Hunedoara\",\"description\":\"\",\"publisher\":{\"@id\":\"https:\/\/cronicahd.ro\/#organization\"},\"potentialAction\":[{\"@type\":\"SearchAction\",\"target\":{\"@type\":\"EntryPoint\",\"urlTemplate\":\"https:\/\/cronicahd.ro\/?s={search_term_string}\"},\"query-input\":{\"@type\":\"PropertyValueSpecification\",\"valueRequired\":true,\"valueName\":\"search_term_string\"}}],\"inLanguage\":\"ro-RO\"},{\"@type\":\"Organization\",\"@id\":\"https:\/\/cronicahd.ro\/#organization\",\"name\":\"Cronica de Hunedoara\",\"url\":\"https:\/\/cronicahd.ro\/\",\"logo\":{\"@type\":\"ImageObject\",\"inLanguage\":\"ro-RO\",\"@id\":\"https:\/\/cronicahd.ro\/#\/schema\/logo\/image\/\",\"url\":\"https:\/\/cronicahd.ro\/wp-content\/uploads\/2026\/03\/cropped-crh.jpg\",\"contentUrl\":\"https:\/\/cronicahd.ro\/wp-content\/uploads\/2026\/03\/cropped-crh.jpg\",\"width\":1437,\"height\":327,\"caption\":\"Cronica de Hunedoara\"},\"image\":{\"@id\":\"https:\/\/cronicahd.ro\/#\/schema\/logo\/image\/\"}},{\"@type\":\"Person\",\"@id\":\"https:\/\/cronicahd.ro\/#\/schema\/person\/d1a1277a8cd166610328e17aaf58bf46\",\"name\":\"admin\",\"image\":{\"@type\":\"ImageObject\",\"inLanguage\":\"ro-RO\",\"@id\":\"https:\/\/cronicahd.ro\/#\/schema\/person\/image\/\",\"url\":\"https:\/\/secure.gravatar.com\/avatar\/24700337280d10898c2e0d19d44a05316bff9fccc941ecc5570ffe41668203f7?s=96&d=mm&r=g\",\"contentUrl\":\"https:\/\/secure.gravatar.com\/avatar\/24700337280d10898c2e0d19d44a05316bff9fccc941ecc5570ffe41668203f7?s=96&d=mm&r=g\",\"caption\":\"admin\"},\"sameAs\":[\"https:\/\/cronicavj.ro\"],\"url\":\"https:\/\/cronicahd.ro\/?author=1\"}]}<\/script>\n<!-- \/ Yoast SEO plugin. -->","yoast_head_json":{"title":"Cutremur slab \u00een jude\u021bul Hunedoara, miercuri la pr\u00e2nz - Cronica de Hunedoara","robots":{"index":"index","follow":"follow","max-snippet":"max-snippet:-1","max-image-preview":"max-image-preview:large","max-video-preview":"max-video-preview:-1"},"canonical":"https:\/\/cronicahd.ro\/?p=12504","og_locale":"ro_RO","og_type":"article","og_title":"Cutremur slab \u00een jude\u021bul Hunedoara, miercuri la pr\u00e2nz - Cronica de Hunedoara","og_description":"&nbsp; Un cutremur slab s-a produs miercuri, 2 septembrie 2026, \u00een zona Transilvania, jude\u021bul Hunedoara,...","og_url":"https:\/\/cronicahd.ro\/?p=12504","og_site_name":"Cronica de Hunedoara","article_published_time":"2026-09-02T11:36:52+00:00","og_image":[{"width":1029,"height":857,"url":"https:\/\/cronicahd.ro\/wp-content\/uploads\/2026\/09\/att.nHyUsyBTHvJtohlgw7QUuOmF3ldw3YvroFRgw_XjdiY.jpeg","type":"image\/jpeg"}],"author":"admin","twitter_card":"summary_large_image","twitter_misc":{"Scris de":"admin","Timp estimat pentru citire":"1 minut"},"schema":{"@context":"https:\/\/schema.org","@graph":[{"@type":"Article","@id":"https:\/\/cronicahd.ro\/?p=12504#article","isPartOf":{"@id":"https:\/\/cronicahd.ro\/?p=12504"},"author":{"name":"admin","@id":"https:\/\/cronicahd.ro\/#\/schema\/person\/d1a1277a8cd166610328e17aaf58bf46"},"headline":"Cutremur slab \u00een jude\u021bul Hunedoara, miercuri la pr\u00e2nz","datePublished":"2026-09-02T11:36:52+00:00","mainEntityOfPage":{"@id":"https:\/\/cronicahd.ro\/?p=12504"},"wordCount":98,"publisher":{"@id":"https:\/\/cronicahd.ro\/#organization"},"image":{"@id":"https:\/\/cronicahd.ro\/?p=12504#primaryimage"},"thumbnailUrl":"https:\/\/cronicahd.ro\/wp-content\/uploads\/2026\/09\/att.nHyUsyBTHvJtohlgw7QUuOmF3ldw3YvroFRgw_XjdiY.jpeg","articleSection":["Actualitate","eveniment"],"inLanguage":"ro-RO"},{"@type":"WebPage","@id":"https:\/\/cronicahd.ro\/?p=12504","url":"https:\/\/cronicahd.ro\/?p=12504","name":"Cutremur slab \u00een jude\u021bul Hunedoara, miercuri la pr\u00e2nz - Cronica de Hunedoara","isPartOf":{"@id":"https:\/\/cronicahd.ro\/#website"},"primaryImageOfPage":{"@id":"https:\/\/cronicahd.ro\/?p=12504#primaryimage"},"image":{"@id":"https:\/\/cronicahd.ro\/?p=12504#primaryimage"},"thumbnailUrl":"https:\/\/cronicahd.ro\/wp-content\/uploads\/2026\/09\/att.nHyUsyBTHvJtohlgw7QUuOmF3ldw3YvroFRgw_XjdiY.jpeg","datePublished":"2026-09-02T11:36:52+00:00","breadcrumb":{"@id":"https:\/\/cronicahd.ro\/?p=12504#breadcrumb"},"inLanguage":"ro-RO","potentialAction":[{"@type":"ReadAction","target":["https:\/\/cronicahd.ro\/?p=12504"]}]},{"@type":"ImageObject","inLanguage":"ro-RO","@id":"https:\/\/cronicahd.ro\/?p=12504#primaryimage","url":"https:\/\/cronicahd.ro\/wp-content\/uploads\/2026\/09\/att.nHyUsyBTHvJtohlgw7QUuOmF3ldw3YvroFRgw_XjdiY.jpeg","contentUrl":"https:\/\/cronicahd.ro\/wp-content\/uploads\/2026\/09\/att.nHyUsyBTHvJtohlgw7QUuOmF3ldw3YvroFRgw_XjdiY.jpeg","width":1029,"height":857},{"@type":"BreadcrumbList","@id":"https:\/\/cronicahd.ro\/?p=12504#breadcrumb","itemListElement":[{"@type":"ListItem","position":1,"name":"Prima pagin\u0103","item":"https:\/\/cronicahd.ro\/"},{"@type":"ListItem","position":2,"name":"Cutremur slab \u00een jude\u021bul Hunedoara, miercuri la pr\u00e2nz"}]},{"@type":"WebSite","@id":"https:\/\/cronicahd.ro\/#website","url":"https:\/\/cronicahd.ro\/","name":"Cronica de Hunedoara","description":"","publisher":{"@id":"https:\/\/cronicahd.ro\/#organization"},"potentialAction":[{"@type":"SearchAction","target":{"@type":"EntryPoint","urlTemplate":"https:\/\/cronicahd.ro\/?s={search_term_string}"},"query-input":{"@type":"PropertyValueSpecification","valueRequired":true,"valueName":"search_term_string"}}],"inLanguage":"ro-RO"},{"@type":"Organization","@id":"https:\/\/cronicahd.ro\/#organization","name":"Cronica de Hunedoara","url":"https:\/\/cronicahd.ro\/","logo":{"@type":"ImageObject","inLanguage":"ro-RO","@id":"https:\/\/cronicahd.ro\/#\/schema\/logo\/image\/","url":"https:\/\/cronicahd.ro\/wp-content\/uploads\/2026\/03\/cropped-crh.jpg","contentUrl":"https:\/\/cronicahd.ro\/wp-content\/uploads\/2026\/03\/cropped-crh.jpg","width":1437,"height":327,"caption":"Cronica de Hunedoara"},"image":{"@id":"https:\/\/cronicahd.ro\/#\/schema\/logo\/image\/"}},{"@type":"Person","@id":"https:\/\/cronicahd.ro\/#\/schema\/person\/d1a1277a8cd166610328e17aaf58bf46","name":"admin","image":{"@type":"ImageObject","inLanguage":"ro-RO","@id":"https:\/\/cronicahd.ro\/#\/schema\/person\/image\/","url":"https:\/\/secure.gravatar.com\/avatar\/24700337280d10898c2e0d19d44a05316bff9fccc941ecc5570ffe41668203f7?s=96&d=mm&r=g","contentUrl":"https:\/\/secure.gravatar.com\/avatar\/24700337280d10898c2e0d19d44a05316bff9fccc941ecc5570ffe41668203f7?s=96&d=mm&r=g","caption":"admin"},"sameAs":["https:\/\/cronicavj.ro"],"url":"https:\/\/cronicahd.ro\/?author=1"}]}},"_links":{"self":[{"href":"https:\/\/cronicahd.ro\/index.php?rest_route=\/wp\/v2\/posts\/12504","targetHints":{"allow":["GET"]}}],"collection":[{"href":"https:\/\/cronicahd.ro\/index.php?rest_route=\/wp\/v2\/posts"}],"about":[{"href":"https:\/\/cronicahd.ro\/index.php?rest_route=\/wp\/v2\/types\/post"}],"author":[{"embeddable":true,"href":"https:\/\/cronicahd.ro\/index.php?rest_route=\/wp\/v2\/users\/1"}],"replies":[{"embeddable":true,"href":"https:\/\/cronicahd.ro\/index.php?rest_route=%2Fwp%2Fv2%2Fcomments&post=12504"}],"version-history":[{"count":1,"href":"https:\/\/cronicahd.ro\/index.php?rest_route=\/wp\/v2\/posts\/12504\/revisions"}],"predecessor-version":[{"id":12506,"href":"https:\/\/cronicahd.ro\/index.php?rest_route=\/wp\/v2\/posts\/12504\/revisions\/12506"}],"wp:featuredmedia":[{"embeddable":true,"href":"https:\/\/cronicahd.ro\/index.php?rest_route=\/wp\/v2\/media\/12505"}],"wp:attachment":[{"href":"https:\/\/cronicahd.ro\/index.php?rest_route=%2Fwp%2Fv2%2Fmedia&parent=12504"}],"wp:term":[{"taxonomy":"category","embeddable":true,"href":"https:\/\/cronicahd.ro\/index.php?rest_route=%2Fwp%2Fv2%2Fcategories&post=12504"},{"taxonomy":"post_tag","embeddable":true,"href":"https:\/\/cronicahd.ro\/index.php?rest_route=%2Fwp%2Fv2%2Ftags&post=12504"}],"curies":[{"name":"wp","href":"https:\/\/api.w.org\/{rel}","templated":true}]}}