{"id":12501,"date":"2026-09-02T05:33:35","date_gmt":"2026-09-02T05:33:35","guid":{"rendered":"https:\/\/cronicahd.ro\/?p=12501"},"modified":"2026-09-02T05:33:35","modified_gmt":"2026-09-02T05:33:35","slug":"97-de-scoli-din-romania-inca-au-toaleta-in-curte-hunedoara-nu-se-afla-pe-lista-rusinii","status":"publish","type":"post","link":"https:\/\/cronicahd.ro\/?p=12501","title":{"rendered":"97 de \u0219coli din Rom\u00e2nia \u00eenc\u0103 au toaleta \u00een curte. Hunedoara nu se afl\u0103 pe lista ru\u0219inii"},"content":{"rendered":"<p>Cu doar c\u00e2teva zile \u00eenainte de \u00eenceputul noului an \u0219colar, Ministerul Educa\u021biei a pus \u00een dezbatere un proiect de hot\u0103r\u00e2re de Guvern prin care aloc\u0103 bani pentru amenajarea unor grupuri sanitare \u00een 97 de \u0219coli care \u00eenc\u0103 nu au toalete \u00een interiorul cl\u0103dirilor.<br \/>\nSitua\u021bia pare greu de imaginat \u00een Rom\u00e2nia anului 2026: \u00een zeci de unit\u0103\u021bi de \u00eenv\u0103\u021b\u0103m\u00e2nt, elevii \u00eenc\u0103 trebuie s\u0103 ias\u0103 din cl\u0103dire pentru a ajunge la toalet\u0103. Banii pentru rezolvarea problemei apar, \u00eens\u0103, cu doar c\u00e2teva zile \u00eenainte de \u00eenceperea cursurilor.<\/p>\n<p>Jude\u021bul Hunedoara nu figureaz\u0103 pe lista celor 97 de \u0219coli pentru care Ministerul Educa\u021biei propune acum finan\u021bare pentru construirea sau amenajarea unor grupuri sanitare.<br \/>\nCu alte cuvinte, \u00een jude\u021bul Hunedoara nu exist\u0103, potrivit situa\u021biei transmise de autorit\u0103\u021bile din educa\u021bie, nicio \u0219coal\u0103 inclus\u0103 \u00een aceast\u0103 categorie \u2013 cu toaleta \u00een curte care s\u0103 necesite finan\u021bare prin acest program.<br \/>\nEste o diferen\u021b\u0103 important\u0103 fa\u021b\u0103 de alte jude\u021be din \u021bar\u0103, unde problema \u00eenc\u0103 nu a fost eliminat\u0103.<br \/>\nProiectul de HG apare cu doar \u0219apte zile \u00eenainte de \u00eenceperea cursurilor, \u00eentr-un moment \u00een care preg\u0103tirile pentru noul an \u0219colar ar trebui s\u0103 fie aproape finalizate.<br \/>\nPotrivit informa\u021biilor publicate de Edupedu, Ministerul Educa\u021biei propune alocarea fondurilor pentru cele 97 de unit\u0103\u021bi de \u00eenv\u0103\u021b\u0103m\u00e2nt care mai au nevoie de lucr\u0103ri pentru grupurile sanitare.<br \/>\nProblema toaletelor din curtea \u0219colilor nu este nou\u0103. \u00cen ultimii ani, autorit\u0103\u021bile au anun\u021bat \u00een repetate r\u00e2nduri programe de finan\u021bare pentru eliminarea grupurilor sanitare neconforme din unit\u0103\u021bile de \u00eenv\u0103\u021b\u0103m\u00e2nt.<br \/>\nPentru Hunedoara, \u00eens\u0103, aceast\u0103 problem\u0103 nu mai apare \u00een lista actual\u0103 a Ministerului Educa\u021biei.<br \/>\nUn indicator al diferen\u021belor dintre jude\u021be<br \/>\nFaptul c\u0103 Hunedoara nu mai figureaz\u0103 printre jude\u021bele cu astfel de unit\u0103\u021bi de \u00eenv\u0103\u021b\u0103m\u00e2nt arat\u0103 \u0219i rezultatul investi\u021biilor f\u0103cute \u00een infrastructura \u0219colar\u0103.<br \/>\n\u00cen timp ce unele comunit\u0103\u021bi \u00eenc\u0103 trebuie s\u0103 g\u0103seasc\u0103 solu\u021bii pentru o problem\u0103 elementar\u0103 \u2013 existen\u021ba unei toalete \u00een interiorul \u0219colii \u2013, \u00een jude\u021bul Hunedoara aceast\u0103 situa\u021bie nu mai apare pe lista celor 97 de unit\u0103\u021bi vizate de noul proiect.<br \/>\nPentru elevii din aceste \u0219coli, o nevoie de baz\u0103 nu mai depinde de vreme, de distan\u021ba p\u00e2n\u0103 la cl\u0103direa grupului sanitar sau de condi\u021biile din curtea \u0219colii.<br \/>\n\u00cen 2026, \u00een Hunedoara, toaleta din curtea \u0219colii nu mai reprezint\u0103 o problem\u0103 \u00eenscris\u0103 pe lista Ministerului Educa\u021biei.<br \/>\nMonika BACIU<\/p>\n","protected":false},"excerpt":{"rendered":"<p>Cu doar c\u00e2teva zile \u00eenainte de \u00eenceputul noului an \u0219colar, Ministerul Educa\u021biei a pus \u00een&#8230;<\/p>\n","protected":false},"author":1,"featured_media":12502,"comment_status":"closed","ping_status":"closed","sticky":false,"template":"","format":"standard","meta":{"footnotes":""},"categories":[1,14],"tags":[],"class_list":["post-12501","post","type-post","status-publish","format-standard","has-post-thumbnail","hentry","category-actual","category-social"],"yoast_head":"<!-- This site is optimized with the Yoast SEO plugin v25.3.1 - https:\/\/yoast.com\/wordpress\/plugins\/seo\/ -->\n<title>97 de \u0219coli din Rom\u00e2nia \u00eenc\u0103 au toaleta \u00een curte. Hunedoara nu se afl\u0103 pe lista ru\u0219inii - Cronica de Hunedoara<\/title>\n<meta name=\"robots\" content=\"index, follow, max-snippet:-1, max-image-preview:large, max-video-preview:-1\" \/>\n<link rel=\"canonical\" href=\"https:\/\/cronicahd.ro\/?p=12501\" \/>\n<meta property=\"og:locale\" content=\"ro_RO\" \/>\n<meta property=\"og:type\" content=\"article\" \/>\n<meta property=\"og:title\" content=\"97 de \u0219coli din Rom\u00e2nia \u00eenc\u0103 au toaleta \u00een curte. Hunedoara nu se afl\u0103 pe lista ru\u0219inii - Cronica de Hunedoara\" \/>\n<meta property=\"og:description\" content=\"Cu doar c\u00e2teva zile \u00eenainte de \u00eenceputul noului an \u0219colar, Ministerul Educa\u021biei a pus \u00een...\" \/>\n<meta property=\"og:url\" content=\"https:\/\/cronicahd.ro\/?p=12501\" \/>\n<meta property=\"og:site_name\" content=\"Cronica de Hunedoara\" \/>\n<meta property=\"article:published_time\" content=\"2026-09-02T05:33:35+00:00\" \/>\n<meta property=\"og:image\" content=\"https:\/\/cronicahd.ro\/wp-content\/uploads\/2026\/09\/images-1-1.jpg\" \/>\n\t<meta property=\"og:image:width\" content=\"669\" \/>\n\t<meta property=\"og:image:height\" content=\"457\" \/>\n\t<meta property=\"og:image:type\" content=\"image\/jpeg\" \/>\n<meta name=\"author\" content=\"admin\" \/>\n<meta name=\"twitter:card\" content=\"summary_large_image\" \/>\n<meta name=\"twitter:label1\" content=\"Scris de\" \/>\n\t<meta name=\"twitter:data1\" content=\"admin\" \/>\n\t<meta name=\"twitter:label2\" content=\"Timp estimat pentru citire\" \/>\n\t<meta name=\"twitter:data2\" content=\"2 minute\" \/>\n<script type=\"application\/ld+json\" class=\"yoast-schema-graph\">{\"@context\":\"https:\/\/schema.org\",\"@graph\":[{\"@type\":\"Article\",\"@id\":\"https:\/\/cronicahd.ro\/?p=12501#article\",\"isPartOf\":{\"@id\":\"https:\/\/cronicahd.ro\/?p=12501\"},\"author\":{\"name\":\"admin\",\"@id\":\"https:\/\/cronicahd.ro\/#\/schema\/person\/d1a1277a8cd166610328e17aaf58bf46\"},\"headline\":\"97 de \u0219coli din Rom\u00e2nia \u00eenc\u0103 au toaleta \u00een curte. Hunedoara nu se afl\u0103 pe lista ru\u0219inii\",\"datePublished\":\"2026-09-02T05:33:35+00:00\",\"mainEntityOfPage\":{\"@id\":\"https:\/\/cronicahd.ro\/?p=12501\"},\"wordCount\":434,\"publisher\":{\"@id\":\"https:\/\/cronicahd.ro\/#organization\"},\"image\":{\"@id\":\"https:\/\/cronicahd.ro\/?p=12501#primaryimage\"},\"thumbnailUrl\":\"https:\/\/cronicahd.ro\/wp-content\/uploads\/2026\/09\/images-1-1.jpg\",\"articleSection\":[\"Actualitate\",\"social\"],\"inLanguage\":\"ro-RO\"},{\"@type\":\"WebPage\",\"@id\":\"https:\/\/cronicahd.ro\/?p=12501\",\"url\":\"https:\/\/cronicahd.ro\/?p=12501\",\"name\":\"97 de \u0219coli din Rom\u00e2nia \u00eenc\u0103 au toaleta \u00een curte. Hunedoara nu se afl\u0103 pe lista ru\u0219inii - Cronica de Hunedoara\",\"isPartOf\":{\"@id\":\"https:\/\/cronicahd.ro\/#website\"},\"primaryImageOfPage\":{\"@id\":\"https:\/\/cronicahd.ro\/?p=12501#primaryimage\"},\"image\":{\"@id\":\"https:\/\/cronicahd.ro\/?p=12501#primaryimage\"},\"thumbnailUrl\":\"https:\/\/cronicahd.ro\/wp-content\/uploads\/2026\/09\/images-1-1.jpg\",\"datePublished\":\"2026-09-02T05:33:35+00:00\",\"breadcrumb\":{\"@id\":\"https:\/\/cronicahd.ro\/?p=12501#breadcrumb\"},\"inLanguage\":\"ro-RO\",\"potentialAction\":[{\"@type\":\"ReadAction\",\"target\":[\"https:\/\/cronicahd.ro\/?p=12501\"]}]},{\"@type\":\"ImageObject\",\"inLanguage\":\"ro-RO\",\"@id\":\"https:\/\/cronicahd.ro\/?p=12501#primaryimage\",\"url\":\"https:\/\/cronicahd.ro\/wp-content\/uploads\/2026\/09\/images-1-1.jpg\",\"contentUrl\":\"https:\/\/cronicahd.ro\/wp-content\/uploads\/2026\/09\/images-1-1.jpg\",\"width\":669,\"height\":457},{\"@type\":\"BreadcrumbList\",\"@id\":\"https:\/\/cronicahd.ro\/?p=12501#breadcrumb\",\"itemListElement\":[{\"@type\":\"ListItem\",\"position\":1,\"name\":\"Prima pagin\u0103\",\"item\":\"https:\/\/cronicahd.ro\/\"},{\"@type\":\"ListItem\",\"position\":2,\"name\":\"97 de \u0219coli din Rom\u00e2nia \u00eenc\u0103 au toaleta \u00een curte. Hunedoara nu se afl\u0103 pe lista ru\u0219inii\"}]},{\"@type\":\"WebSite\",\"@id\":\"https:\/\/cronicahd.ro\/#website\",\"url\":\"https:\/\/cronicahd.ro\/\",\"name\":\"Cronica de Hunedoara\",\"description\":\"\",\"publisher\":{\"@id\":\"https:\/\/cronicahd.ro\/#organization\"},\"potentialAction\":[{\"@type\":\"SearchAction\",\"target\":{\"@type\":\"EntryPoint\",\"urlTemplate\":\"https:\/\/cronicahd.ro\/?s={search_term_string}\"},\"query-input\":{\"@type\":\"PropertyValueSpecification\",\"valueRequired\":true,\"valueName\":\"search_term_string\"}}],\"inLanguage\":\"ro-RO\"},{\"@type\":\"Organization\",\"@id\":\"https:\/\/cronicahd.ro\/#organization\",\"name\":\"Cronica de Hunedoara\",\"url\":\"https:\/\/cronicahd.ro\/\",\"logo\":{\"@type\":\"ImageObject\",\"inLanguage\":\"ro-RO\",\"@id\":\"https:\/\/cronicahd.ro\/#\/schema\/logo\/image\/\",\"url\":\"https:\/\/cronicahd.ro\/wp-content\/uploads\/2026\/03\/cropped-crh.jpg\",\"contentUrl\":\"https:\/\/cronicahd.ro\/wp-content\/uploads\/2026\/03\/cropped-crh.jpg\",\"width\":1437,\"height\":327,\"caption\":\"Cronica de Hunedoara\"},\"image\":{\"@id\":\"https:\/\/cronicahd.ro\/#\/schema\/logo\/image\/\"}},{\"@type\":\"Person\",\"@id\":\"https:\/\/cronicahd.ro\/#\/schema\/person\/d1a1277a8cd166610328e17aaf58bf46\",\"name\":\"admin\",\"image\":{\"@type\":\"ImageObject\",\"inLanguage\":\"ro-RO\",\"@id\":\"https:\/\/cronicahd.ro\/#\/schema\/person\/image\/\",\"url\":\"https:\/\/secure.gravatar.com\/avatar\/24700337280d10898c2e0d19d44a05316bff9fccc941ecc5570ffe41668203f7?s=96&d=mm&r=g\",\"contentUrl\":\"https:\/\/secure.gravatar.com\/avatar\/24700337280d10898c2e0d19d44a05316bff9fccc941ecc5570ffe41668203f7?s=96&d=mm&r=g\",\"caption\":\"admin\"},\"sameAs\":[\"https:\/\/cronicavj.ro\"],\"url\":\"https:\/\/cronicahd.ro\/?author=1\"}]}<\/script>\n<!-- \/ Yoast SEO plugin. -->","yoast_head_json":{"title":"97 de \u0219coli din Rom\u00e2nia \u00eenc\u0103 au toaleta \u00een curte. Hunedoara nu se afl\u0103 pe lista ru\u0219inii - Cronica de Hunedoara","robots":{"index":"index","follow":"follow","max-snippet":"max-snippet:-1","max-image-preview":"max-image-preview:large","max-video-preview":"max-video-preview:-1"},"canonical":"https:\/\/cronicahd.ro\/?p=12501","og_locale":"ro_RO","og_type":"article","og_title":"97 de \u0219coli din Rom\u00e2nia \u00eenc\u0103 au toaleta \u00een curte. Hunedoara nu se afl\u0103 pe lista ru\u0219inii - Cronica de Hunedoara","og_description":"Cu doar c\u00e2teva zile \u00eenainte de \u00eenceputul noului an \u0219colar, Ministerul Educa\u021biei a pus \u00een...","og_url":"https:\/\/cronicahd.ro\/?p=12501","og_site_name":"Cronica de Hunedoara","article_published_time":"2026-09-02T05:33:35+00:00","og_image":[{"width":669,"height":457,"url":"https:\/\/cronicahd.ro\/wp-content\/uploads\/2026\/09\/images-1-1.jpg","type":"image\/jpeg"}],"author":"admin","twitter_card":"summary_large_image","twitter_misc":{"Scris de":"admin","Timp estimat pentru citire":"2 minute"},"schema":{"@context":"https:\/\/schema.org","@graph":[{"@type":"Article","@id":"https:\/\/cronicahd.ro\/?p=12501#article","isPartOf":{"@id":"https:\/\/cronicahd.ro\/?p=12501"},"author":{"name":"admin","@id":"https:\/\/cronicahd.ro\/#\/schema\/person\/d1a1277a8cd166610328e17aaf58bf46"},"headline":"97 de \u0219coli din Rom\u00e2nia \u00eenc\u0103 au toaleta \u00een curte. Hunedoara nu se afl\u0103 pe lista ru\u0219inii","datePublished":"2026-09-02T05:33:35+00:00","mainEntityOfPage":{"@id":"https:\/\/cronicahd.ro\/?p=12501"},"wordCount":434,"publisher":{"@id":"https:\/\/cronicahd.ro\/#organization"},"image":{"@id":"https:\/\/cronicahd.ro\/?p=12501#primaryimage"},"thumbnailUrl":"https:\/\/cronicahd.ro\/wp-content\/uploads\/2026\/09\/images-1-1.jpg","articleSection":["Actualitate","social"],"inLanguage":"ro-RO"},{"@type":"WebPage","@id":"https:\/\/cronicahd.ro\/?p=12501","url":"https:\/\/cronicahd.ro\/?p=12501","name":"97 de \u0219coli din Rom\u00e2nia \u00eenc\u0103 au toaleta \u00een curte. Hunedoara nu se afl\u0103 pe lista ru\u0219inii - Cronica de Hunedoara","isPartOf":{"@id":"https:\/\/cronicahd.ro\/#website"},"primaryImageOfPage":{"@id":"https:\/\/cronicahd.ro\/?p=12501#primaryimage"},"image":{"@id":"https:\/\/cronicahd.ro\/?p=12501#primaryimage"},"thumbnailUrl":"https:\/\/cronicahd.ro\/wp-content\/uploads\/2026\/09\/images-1-1.jpg","datePublished":"2026-09-02T05:33:35+00:00","breadcrumb":{"@id":"https:\/\/cronicahd.ro\/?p=12501#breadcrumb"},"inLanguage":"ro-RO","potentialAction":[{"@type":"ReadAction","target":["https:\/\/cronicahd.ro\/?p=12501"]}]},{"@type":"ImageObject","inLanguage":"ro-RO","@id":"https:\/\/cronicahd.ro\/?p=12501#primaryimage","url":"https:\/\/cronicahd.ro\/wp-content\/uploads\/2026\/09\/images-1-1.jpg","contentUrl":"https:\/\/cronicahd.ro\/wp-content\/uploads\/2026\/09\/images-1-1.jpg","width":669,"height":457},{"@type":"BreadcrumbList","@id":"https:\/\/cronicahd.ro\/?p=12501#breadcrumb","itemListElement":[{"@type":"ListItem","position":1,"name":"Prima pagin\u0103","item":"https:\/\/cronicahd.ro\/"},{"@type":"ListItem","position":2,"name":"97 de \u0219coli din Rom\u00e2nia \u00eenc\u0103 au toaleta \u00een curte. Hunedoara nu se afl\u0103 pe lista ru\u0219inii"}]},{"@type":"WebSite","@id":"https:\/\/cronicahd.ro\/#website","url":"https:\/\/cronicahd.ro\/","name":"Cronica de Hunedoara","description":"","publisher":{"@id":"https:\/\/cronicahd.ro\/#organization"},"potentialAction":[{"@type":"SearchAction","target":{"@type":"EntryPoint","urlTemplate":"https:\/\/cronicahd.ro\/?s={search_term_string}"},"query-input":{"@type":"PropertyValueSpecification","valueRequired":true,"valueName":"search_term_string"}}],"inLanguage":"ro-RO"},{"@type":"Organization","@id":"https:\/\/cronicahd.ro\/#organization","name":"Cronica de Hunedoara","url":"https:\/\/cronicahd.ro\/","logo":{"@type":"ImageObject","inLanguage":"ro-RO","@id":"https:\/\/cronicahd.ro\/#\/schema\/logo\/image\/","url":"https:\/\/cronicahd.ro\/wp-content\/uploads\/2026\/03\/cropped-crh.jpg","contentUrl":"https:\/\/cronicahd.ro\/wp-content\/uploads\/2026\/03\/cropped-crh.jpg","width":1437,"height":327,"caption":"Cronica de Hunedoara"},"image":{"@id":"https:\/\/cronicahd.ro\/#\/schema\/logo\/image\/"}},{"@type":"Person","@id":"https:\/\/cronicahd.ro\/#\/schema\/person\/d1a1277a8cd166610328e17aaf58bf46","name":"admin","image":{"@type":"ImageObject","inLanguage":"ro-RO","@id":"https:\/\/cronicahd.ro\/#\/schema\/person\/image\/","url":"https:\/\/secure.gravatar.com\/avatar\/24700337280d10898c2e0d19d44a05316bff9fccc941ecc5570ffe41668203f7?s=96&d=mm&r=g","contentUrl":"https:\/\/secure.gravatar.com\/avatar\/24700337280d10898c2e0d19d44a05316bff9fccc941ecc5570ffe41668203f7?s=96&d=mm&r=g","caption":"admin"},"sameAs":["https:\/\/cronicavj.ro"],"url":"https:\/\/cronicahd.ro\/?author=1"}]}},"_links":{"self":[{"href":"https:\/\/cronicahd.ro\/index.php?rest_route=\/wp\/v2\/posts\/12501","targetHints":{"allow":["GET"]}}],"collection":[{"href":"https:\/\/cronicahd.ro\/index.php?rest_route=\/wp\/v2\/posts"}],"about":[{"href":"https:\/\/cronicahd.ro\/index.php?rest_route=\/wp\/v2\/types\/post"}],"author":[{"embeddable":true,"href":"https:\/\/cronicahd.ro\/index.php?rest_route=\/wp\/v2\/users\/1"}],"replies":[{"embeddable":true,"href":"https:\/\/cronicahd.ro\/index.php?rest_route=%2Fwp%2Fv2%2Fcomments&post=12501"}],"version-history":[{"count":1,"href":"https:\/\/cronicahd.ro\/index.php?rest_route=\/wp\/v2\/posts\/12501\/revisions"}],"predecessor-version":[{"id":12503,"href":"https:\/\/cronicahd.ro\/index.php?rest_route=\/wp\/v2\/posts\/12501\/revisions\/12503"}],"wp:featuredmedia":[{"embeddable":true,"href":"https:\/\/cronicahd.ro\/index.php?rest_route=\/wp\/v2\/media\/12502"}],"wp:attachment":[{"href":"https:\/\/cronicahd.ro\/index.php?rest_route=%2Fwp%2Fv2%2Fmedia&parent=12501"}],"wp:term":[{"taxonomy":"category","embeddable":true,"href":"https:\/\/cronicahd.ro\/index.php?rest_route=%2Fwp%2Fv2%2Fcategories&post=12501"},{"taxonomy":"post_tag","embeddable":true,"href":"https:\/\/cronicahd.ro\/index.php?rest_route=%2Fwp%2Fv2%2Ftags&post=12501"}],"curies":[{"name":"wp","href":"https:\/\/api.w.org\/{rel}","templated":true}]}}