{"id":12498,"date":"2026-09-02T05:32:26","date_gmt":"2026-09-02T05:32:26","guid":{"rendered":"https:\/\/cronicahd.ro\/?p=12498"},"modified":"2026-09-02T05:32:26","modified_gmt":"2026-09-02T05:32:26","slug":"consiliul-judetean-hunedoara-preia-organizarea-integrala-a-programului-pentru-scoli-pana-in-anul-2029","status":"publish","type":"post","link":"https:\/\/cronicahd.ro\/?p=12498","title":{"rendered":"Consiliul Jude\u021bean Hunedoara preia organizarea integrala a Programului pentru \u0219coli p\u00e2n\u0103 \u00een anul 2029"},"content":{"rendered":"<p>&nbsp;<\/p>\n<p>Consiliul Jude\u021bean Hunedoara a adoptat proiectul de hot\u0103r\u00e2re prin care \u00ee\u0219i asum\u0103 responsabilit\u0103\u021bile executive \u00een derularea \u0219i implementarea Programului pentru \u0219coli al Rom\u00e2niei pentru anii \u0219colari 2026 \u2013 2027, 2027 \u2013 2028 \u0219i 2028 \u2013 2029.<\/p>\n<p>Aceast\u0103 decizie vine \u00een urma demersurilor ini\u021biate de autorit\u0103\u021bile jude\u021bene \u00een vara anului 2026, c\u00e2nd toate prim\u0103riile din jude\u021b au fost consultate cu privire la posibilitatea de a prelua organizarea procedurilor de achizi\u021bie public\u0103 la nivel local. Deoarece nicio unitate administrativ-teritorial\u0103 din jude\u021bul Hunedoara nu \u0219i-a exprimat inten\u021bia de a gestionare direct aceste contracte, Consiliul Jude\u021bean va derula licita\u021biile \u0219i va \u00eencheia acordurile-cadru pentru furnizarea alimentelor \u0219i prestarea serviciilor educative \u00een toate unit\u0103\u021bile de \u00eenv\u0103\u021b\u0103m\u00e2nt preuniversitar.<br \/>\nMeniul zilnic destinat copiilor din gr\u0103dini\u021bele cu program normal, elevilor din \u00eenv\u0103\u021b\u0103m\u00e2ntul primar \u0219i gimnazial, precum \u0219i celor din \u00eenv\u0103\u021b\u0103m\u00e2ntul special a fost stabilit \u00een cadrul Comisiei jude\u021bene coordonate de Prefectul Jude\u021bului Hunedoara. Pre\u0219colarii \u0219i elevii vor primi por\u021bii zilnice de mere de cel pu\u021bin 100 de grame, precum \u0219i lapte de consum UHT de 200 ml, f\u0103r\u0103 adaos de zah\u0103r, \u00eendulcitori, cacao sau lapte praf. \u00cen \u0219colile care dispun de echipamente frigorifice adecvate, laptele poate fi alternat cu iaurt simplu fermentat, ambalat \u00een por\u021bii de 125 de grame. \u00cen ceea ce prive\u0219te produsele de panifica\u021bie, copiii vor beneficia de cornuri sau batoane din f\u0103in\u0103 integral\u0103 de 80 de grame ori de covrigi simpli, toate fabricate cu respectarea strict\u0103 a normelor Ministerului S\u0103n\u0103t\u0103\u021bii privind con\u021binutul de zaharuri, gr\u0103simi \u0219i sare.<br \/>\nPe l\u00e2ng\u0103 distribu\u021bia propriu-zis\u0103 a produselor alimentare, proiectul prevede o component\u0103 educa\u021bional\u0103 diversificat\u0103. Elevii vor participa la vizite organizate la ferme pomicole, legumicole \u0219i de produc\u021bie a laptelui, \u00een sta\u021biuni de cercetare sau \u00een unit\u0103\u021bi de procesare \u0219i ambalare. De asemenea, \u00een unit\u0103\u021bile \u0219colare se vor desf\u0103\u0219ura concursuri tematice cu premii, activit\u0103\u021bi de gr\u0103din\u0103rit, precum \u0219i lec\u021bii dedicate alimenta\u021biei s\u0103n\u0103toase, derulate inclusiv prin intermediul disciplinei op\u021bionale Educa\u021bie pentru s\u0103n\u0103tate. Programul include totodat\u0103 distribuirea de materiale didactice axate pe agricultura ecologic\u0103, lan\u021burile scurte de aprovizionare \u0219i combaterea risipei de alimente.<br \/>\nMonika BACIU<\/p>\n<p>&nbsp;<\/p>\n","protected":false},"excerpt":{"rendered":"<p>&nbsp; Consiliul Jude\u021bean Hunedoara a adoptat proiectul de hot\u0103r\u00e2re prin care \u00ee\u0219i asum\u0103 responsabilit\u0103\u021bile executive&#8230;<\/p>\n","protected":false},"author":1,"featured_media":12499,"comment_status":"closed","ping_status":"closed","sticky":false,"template":"","format":"standard","meta":{"footnotes":""},"categories":[1,6],"tags":[],"class_list":["post-12498","post","type-post","status-publish","format-standard","has-post-thumbnail","hentry","category-actual","category-administratie"],"yoast_head":"<!-- This site is optimized with the Yoast SEO plugin v25.3.1 - https:\/\/yoast.com\/wordpress\/plugins\/seo\/ -->\n<title>Consiliul Jude\u021bean Hunedoara preia organizarea integrala a Programului pentru \u0219coli p\u00e2n\u0103 \u00een anul 2029 - Cronica de Hunedoara<\/title>\n<meta name=\"robots\" content=\"index, follow, max-snippet:-1, max-image-preview:large, max-video-preview:-1\" \/>\n<link rel=\"canonical\" href=\"https:\/\/cronicahd.ro\/?p=12498\" \/>\n<meta property=\"og:locale\" content=\"ro_RO\" \/>\n<meta property=\"og:type\" content=\"article\" \/>\n<meta property=\"og:title\" content=\"Consiliul Jude\u021bean Hunedoara preia organizarea integrala a Programului pentru \u0219coli p\u00e2n\u0103 \u00een anul 2029 - Cronica de Hunedoara\" \/>\n<meta property=\"og:description\" content=\"&nbsp; Consiliul Jude\u021bean Hunedoara a adoptat proiectul de hot\u0103r\u00e2re prin care \u00ee\u0219i asum\u0103 responsabilit\u0103\u021bile executive...\" \/>\n<meta property=\"og:url\" content=\"https:\/\/cronicahd.ro\/?p=12498\" \/>\n<meta property=\"og:site_name\" content=\"Cronica de Hunedoara\" \/>\n<meta property=\"article:published_time\" content=\"2026-09-02T05:32:26+00:00\" \/>\n<meta property=\"og:image\" content=\"https:\/\/cronicahd.ro\/wp-content\/uploads\/2026\/09\/images-4.jpg\" \/>\n\t<meta property=\"og:image:width\" content=\"645\" \/>\n\t<meta property=\"og:image:height\" content=\"310\" \/>\n\t<meta property=\"og:image:type\" content=\"image\/jpeg\" \/>\n<meta name=\"author\" content=\"admin\" \/>\n<meta name=\"twitter:card\" content=\"summary_large_image\" \/>\n<meta name=\"twitter:label1\" content=\"Scris de\" \/>\n\t<meta name=\"twitter:data1\" content=\"admin\" \/>\n\t<meta name=\"twitter:label2\" content=\"Timp estimat pentru citire\" \/>\n\t<meta name=\"twitter:data2\" content=\"2 minute\" \/>\n<script type=\"application\/ld+json\" class=\"yoast-schema-graph\">{\"@context\":\"https:\/\/schema.org\",\"@graph\":[{\"@type\":\"Article\",\"@id\":\"https:\/\/cronicahd.ro\/?p=12498#article\",\"isPartOf\":{\"@id\":\"https:\/\/cronicahd.ro\/?p=12498\"},\"author\":{\"name\":\"admin\",\"@id\":\"https:\/\/cronicahd.ro\/#\/schema\/person\/d1a1277a8cd166610328e17aaf58bf46\"},\"headline\":\"Consiliul Jude\u021bean Hunedoara preia organizarea integrala a Programului pentru \u0219coli p\u00e2n\u0103 \u00een anul 2029\",\"datePublished\":\"2026-09-02T05:32:26+00:00\",\"mainEntityOfPage\":{\"@id\":\"https:\/\/cronicahd.ro\/?p=12498\"},\"wordCount\":396,\"publisher\":{\"@id\":\"https:\/\/cronicahd.ro\/#organization\"},\"image\":{\"@id\":\"https:\/\/cronicahd.ro\/?p=12498#primaryimage\"},\"thumbnailUrl\":\"https:\/\/cronicahd.ro\/wp-content\/uploads\/2026\/09\/images-4.jpg\",\"articleSection\":[\"Actualitate\",\"Administratie\"],\"inLanguage\":\"ro-RO\"},{\"@type\":\"WebPage\",\"@id\":\"https:\/\/cronicahd.ro\/?p=12498\",\"url\":\"https:\/\/cronicahd.ro\/?p=12498\",\"name\":\"Consiliul Jude\u021bean Hunedoara preia organizarea integrala a Programului pentru \u0219coli p\u00e2n\u0103 \u00een anul 2029 - Cronica de Hunedoara\",\"isPartOf\":{\"@id\":\"https:\/\/cronicahd.ro\/#website\"},\"primaryImageOfPage\":{\"@id\":\"https:\/\/cronicahd.ro\/?p=12498#primaryimage\"},\"image\":{\"@id\":\"https:\/\/cronicahd.ro\/?p=12498#primaryimage\"},\"thumbnailUrl\":\"https:\/\/cronicahd.ro\/wp-content\/uploads\/2026\/09\/images-4.jpg\",\"datePublished\":\"2026-09-02T05:32:26+00:00\",\"breadcrumb\":{\"@id\":\"https:\/\/cronicahd.ro\/?p=12498#breadcrumb\"},\"inLanguage\":\"ro-RO\",\"potentialAction\":[{\"@type\":\"ReadAction\",\"target\":[\"https:\/\/cronicahd.ro\/?p=12498\"]}]},{\"@type\":\"ImageObject\",\"inLanguage\":\"ro-RO\",\"@id\":\"https:\/\/cronicahd.ro\/?p=12498#primaryimage\",\"url\":\"https:\/\/cronicahd.ro\/wp-content\/uploads\/2026\/09\/images-4.jpg\",\"contentUrl\":\"https:\/\/cronicahd.ro\/wp-content\/uploads\/2026\/09\/images-4.jpg\",\"width\":645,\"height\":310},{\"@type\":\"BreadcrumbList\",\"@id\":\"https:\/\/cronicahd.ro\/?p=12498#breadcrumb\",\"itemListElement\":[{\"@type\":\"ListItem\",\"position\":1,\"name\":\"Prima pagin\u0103\",\"item\":\"https:\/\/cronicahd.ro\/\"},{\"@type\":\"ListItem\",\"position\":2,\"name\":\"Consiliul Jude\u021bean Hunedoara preia organizarea integrala a Programului pentru \u0219coli p\u00e2n\u0103 \u00een anul 2029\"}]},{\"@type\":\"WebSite\",\"@id\":\"https:\/\/cronicahd.ro\/#website\",\"url\":\"https:\/\/cronicahd.ro\/\",\"name\":\"Cronica de Hunedoara\",\"description\":\"\",\"publisher\":{\"@id\":\"https:\/\/cronicahd.ro\/#organization\"},\"potentialAction\":[{\"@type\":\"SearchAction\",\"target\":{\"@type\":\"EntryPoint\",\"urlTemplate\":\"https:\/\/cronicahd.ro\/?s={search_term_string}\"},\"query-input\":{\"@type\":\"PropertyValueSpecification\",\"valueRequired\":true,\"valueName\":\"search_term_string\"}}],\"inLanguage\":\"ro-RO\"},{\"@type\":\"Organization\",\"@id\":\"https:\/\/cronicahd.ro\/#organization\",\"name\":\"Cronica de Hunedoara\",\"url\":\"https:\/\/cronicahd.ro\/\",\"logo\":{\"@type\":\"ImageObject\",\"inLanguage\":\"ro-RO\",\"@id\":\"https:\/\/cronicahd.ro\/#\/schema\/logo\/image\/\",\"url\":\"https:\/\/cronicahd.ro\/wp-content\/uploads\/2026\/03\/cropped-crh.jpg\",\"contentUrl\":\"https:\/\/cronicahd.ro\/wp-content\/uploads\/2026\/03\/cropped-crh.jpg\",\"width\":1437,\"height\":327,\"caption\":\"Cronica de Hunedoara\"},\"image\":{\"@id\":\"https:\/\/cronicahd.ro\/#\/schema\/logo\/image\/\"}},{\"@type\":\"Person\",\"@id\":\"https:\/\/cronicahd.ro\/#\/schema\/person\/d1a1277a8cd166610328e17aaf58bf46\",\"name\":\"admin\",\"image\":{\"@type\":\"ImageObject\",\"inLanguage\":\"ro-RO\",\"@id\":\"https:\/\/cronicahd.ro\/#\/schema\/person\/image\/\",\"url\":\"https:\/\/secure.gravatar.com\/avatar\/24700337280d10898c2e0d19d44a05316bff9fccc941ecc5570ffe41668203f7?s=96&d=mm&r=g\",\"contentUrl\":\"https:\/\/secure.gravatar.com\/avatar\/24700337280d10898c2e0d19d44a05316bff9fccc941ecc5570ffe41668203f7?s=96&d=mm&r=g\",\"caption\":\"admin\"},\"sameAs\":[\"https:\/\/cronicavj.ro\"],\"url\":\"https:\/\/cronicahd.ro\/?author=1\"}]}<\/script>\n<!-- \/ Yoast SEO plugin. -->","yoast_head_json":{"title":"Consiliul Jude\u021bean Hunedoara preia organizarea integrala a Programului pentru \u0219coli p\u00e2n\u0103 \u00een anul 2029 - Cronica de Hunedoara","robots":{"index":"index","follow":"follow","max-snippet":"max-snippet:-1","max-image-preview":"max-image-preview:large","max-video-preview":"max-video-preview:-1"},"canonical":"https:\/\/cronicahd.ro\/?p=12498","og_locale":"ro_RO","og_type":"article","og_title":"Consiliul Jude\u021bean Hunedoara preia organizarea integrala a Programului pentru \u0219coli p\u00e2n\u0103 \u00een anul 2029 - Cronica de Hunedoara","og_description":"&nbsp; Consiliul Jude\u021bean Hunedoara a adoptat proiectul de hot\u0103r\u00e2re prin care \u00ee\u0219i asum\u0103 responsabilit\u0103\u021bile executive...","og_url":"https:\/\/cronicahd.ro\/?p=12498","og_site_name":"Cronica de Hunedoara","article_published_time":"2026-09-02T05:32:26+00:00","og_image":[{"width":645,"height":310,"url":"https:\/\/cronicahd.ro\/wp-content\/uploads\/2026\/09\/images-4.jpg","type":"image\/jpeg"}],"author":"admin","twitter_card":"summary_large_image","twitter_misc":{"Scris de":"admin","Timp estimat pentru citire":"2 minute"},"schema":{"@context":"https:\/\/schema.org","@graph":[{"@type":"Article","@id":"https:\/\/cronicahd.ro\/?p=12498#article","isPartOf":{"@id":"https:\/\/cronicahd.ro\/?p=12498"},"author":{"name":"admin","@id":"https:\/\/cronicahd.ro\/#\/schema\/person\/d1a1277a8cd166610328e17aaf58bf46"},"headline":"Consiliul Jude\u021bean Hunedoara preia organizarea integrala a Programului pentru \u0219coli p\u00e2n\u0103 \u00een anul 2029","datePublished":"2026-09-02T05:32:26+00:00","mainEntityOfPage":{"@id":"https:\/\/cronicahd.ro\/?p=12498"},"wordCount":396,"publisher":{"@id":"https:\/\/cronicahd.ro\/#organization"},"image":{"@id":"https:\/\/cronicahd.ro\/?p=12498#primaryimage"},"thumbnailUrl":"https:\/\/cronicahd.ro\/wp-content\/uploads\/2026\/09\/images-4.jpg","articleSection":["Actualitate","Administratie"],"inLanguage":"ro-RO"},{"@type":"WebPage","@id":"https:\/\/cronicahd.ro\/?p=12498","url":"https:\/\/cronicahd.ro\/?p=12498","name":"Consiliul Jude\u021bean Hunedoara preia organizarea integrala a Programului pentru \u0219coli p\u00e2n\u0103 \u00een anul 2029 - Cronica de Hunedoara","isPartOf":{"@id":"https:\/\/cronicahd.ro\/#website"},"primaryImageOfPage":{"@id":"https:\/\/cronicahd.ro\/?p=12498#primaryimage"},"image":{"@id":"https:\/\/cronicahd.ro\/?p=12498#primaryimage"},"thumbnailUrl":"https:\/\/cronicahd.ro\/wp-content\/uploads\/2026\/09\/images-4.jpg","datePublished":"2026-09-02T05:32:26+00:00","breadcrumb":{"@id":"https:\/\/cronicahd.ro\/?p=12498#breadcrumb"},"inLanguage":"ro-RO","potentialAction":[{"@type":"ReadAction","target":["https:\/\/cronicahd.ro\/?p=12498"]}]},{"@type":"ImageObject","inLanguage":"ro-RO","@id":"https:\/\/cronicahd.ro\/?p=12498#primaryimage","url":"https:\/\/cronicahd.ro\/wp-content\/uploads\/2026\/09\/images-4.jpg","contentUrl":"https:\/\/cronicahd.ro\/wp-content\/uploads\/2026\/09\/images-4.jpg","width":645,"height":310},{"@type":"BreadcrumbList","@id":"https:\/\/cronicahd.ro\/?p=12498#breadcrumb","itemListElement":[{"@type":"ListItem","position":1,"name":"Prima pagin\u0103","item":"https:\/\/cronicahd.ro\/"},{"@type":"ListItem","position":2,"name":"Consiliul Jude\u021bean Hunedoara preia organizarea integrala a Programului pentru \u0219coli p\u00e2n\u0103 \u00een anul 2029"}]},{"@type":"WebSite","@id":"https:\/\/cronicahd.ro\/#website","url":"https:\/\/cronicahd.ro\/","name":"Cronica de Hunedoara","description":"","publisher":{"@id":"https:\/\/cronicahd.ro\/#organization"},"potentialAction":[{"@type":"SearchAction","target":{"@type":"EntryPoint","urlTemplate":"https:\/\/cronicahd.ro\/?s={search_term_string}"},"query-input":{"@type":"PropertyValueSpecification","valueRequired":true,"valueName":"search_term_string"}}],"inLanguage":"ro-RO"},{"@type":"Organization","@id":"https:\/\/cronicahd.ro\/#organization","name":"Cronica de Hunedoara","url":"https:\/\/cronicahd.ro\/","logo":{"@type":"ImageObject","inLanguage":"ro-RO","@id":"https:\/\/cronicahd.ro\/#\/schema\/logo\/image\/","url":"https:\/\/cronicahd.ro\/wp-content\/uploads\/2026\/03\/cropped-crh.jpg","contentUrl":"https:\/\/cronicahd.ro\/wp-content\/uploads\/2026\/03\/cropped-crh.jpg","width":1437,"height":327,"caption":"Cronica de Hunedoara"},"image":{"@id":"https:\/\/cronicahd.ro\/#\/schema\/logo\/image\/"}},{"@type":"Person","@id":"https:\/\/cronicahd.ro\/#\/schema\/person\/d1a1277a8cd166610328e17aaf58bf46","name":"admin","image":{"@type":"ImageObject","inLanguage":"ro-RO","@id":"https:\/\/cronicahd.ro\/#\/schema\/person\/image\/","url":"https:\/\/secure.gravatar.com\/avatar\/24700337280d10898c2e0d19d44a05316bff9fccc941ecc5570ffe41668203f7?s=96&d=mm&r=g","contentUrl":"https:\/\/secure.gravatar.com\/avatar\/24700337280d10898c2e0d19d44a05316bff9fccc941ecc5570ffe41668203f7?s=96&d=mm&r=g","caption":"admin"},"sameAs":["https:\/\/cronicavj.ro"],"url":"https:\/\/cronicahd.ro\/?author=1"}]}},"_links":{"self":[{"href":"https:\/\/cronicahd.ro\/index.php?rest_route=\/wp\/v2\/posts\/12498","targetHints":{"allow":["GET"]}}],"collection":[{"href":"https:\/\/cronicahd.ro\/index.php?rest_route=\/wp\/v2\/posts"}],"about":[{"href":"https:\/\/cronicahd.ro\/index.php?rest_route=\/wp\/v2\/types\/post"}],"author":[{"embeddable":true,"href":"https:\/\/cronicahd.ro\/index.php?rest_route=\/wp\/v2\/users\/1"}],"replies":[{"embeddable":true,"href":"https:\/\/cronicahd.ro\/index.php?rest_route=%2Fwp%2Fv2%2Fcomments&post=12498"}],"version-history":[{"count":1,"href":"https:\/\/cronicahd.ro\/index.php?rest_route=\/wp\/v2\/posts\/12498\/revisions"}],"predecessor-version":[{"id":12500,"href":"https:\/\/cronicahd.ro\/index.php?rest_route=\/wp\/v2\/posts\/12498\/revisions\/12500"}],"wp:featuredmedia":[{"embeddable":true,"href":"https:\/\/cronicahd.ro\/index.php?rest_route=\/wp\/v2\/media\/12499"}],"wp:attachment":[{"href":"https:\/\/cronicahd.ro\/index.php?rest_route=%2Fwp%2Fv2%2Fmedia&parent=12498"}],"wp:term":[{"taxonomy":"category","embeddable":true,"href":"https:\/\/cronicahd.ro\/index.php?rest_route=%2Fwp%2Fv2%2Fcategories&post=12498"},{"taxonomy":"post_tag","embeddable":true,"href":"https:\/\/cronicahd.ro\/index.php?rest_route=%2Fwp%2Fv2%2Ftags&post=12498"}],"curies":[{"name":"wp","href":"https:\/\/api.w.org\/{rel}","templated":true}]}}