{"id":12491,"date":"2026-09-02T05:18:27","date_gmt":"2026-09-02T05:18:27","guid":{"rendered":"https:\/\/cronicahd.ro\/?p=12491"},"modified":"2026-09-02T05:18:27","modified_gmt":"2026-09-02T05:18:27","slug":"termen-nou-pentru-fondurile-destinate-locuintelor-sociale-din-valea-jiului","status":"publish","type":"post","link":"https:\/\/cronicahd.ro\/?p=12491","title":{"rendered":"Termen nou pentru fondurile destinate locuin\u021belor sociale din Valea Jiului"},"content":{"rendered":"<p>&nbsp;<\/p>\n<p>Autorit\u0103\u021bile locale din Valea Jiului au la dispozi\u021bie mai mult timp pentru preg\u0103tirea \u0219i depunerea proiectelor destinate dezvolt\u0103rii de locuin\u021be sociale pentru persoanele vulnerabile. Noul termen-limit\u0103 este 31 octombrie 2026, ora 16:00.<\/p>\n<p>Reprezentan\u021bii Asocia\u021biei de Dezvoltare Intercomunitar\u0103 pentru Transport Public \u0219i Investi\u021bii (ADTI) Valea Jiului au anun\u021bat prelungirea perioadei de depunere a solicit\u0103rilor de finan\u021bare, \u00een cadrul apelului destinat asigur\u0103rii de locuin\u021be sociale \u00een regiune.<br \/>\nDecizia vine dup\u0103 aprobarea Corrigendumului prin Ordinul nr. 1339 din 27 august 2026, emis de Ministerul Investi\u021biilor \u0219i Proiectelor Europene. Documentul modific\u0103 Ghidul Solicitantului aferent Programului Incluziune \u0219i Demnitate Social\u0103 2021-2027.<br \/>\nPrin noile prevederi, autorit\u0103\u021bile publice locale beneficiaz\u0103 de o perioad\u0103 suplimentar\u0103 pentru preg\u0103tirea documenta\u021biilor necesare \u0219i transmiterea cererilor de finan\u021bare.<br \/>\n\u00cen cazul apelului integrat \u00een Strategia ITI Valea Jiului, termenul-limit\u0103 pentru depunerea solicit\u0103rilor a fost stabilit pentru data de 31 octombrie 2026, ora 16:00.<br \/>\nPrelungirea ofer\u0103 prim\u0103riilor din regiune o nou\u0103 oportunitate de a accesa fonduri europene pentru proiecte care vizeaz\u0103 persoanele \u0219i familiile aflate \u00een situa\u021bii vulnerabile.<br \/>\nApelul de proiecte are ca obiectiv dezvoltarea \u0219i asigurarea accesului la locuin\u021be sociale pentru persoanele vulnerabile, una dintre direc\u021biile importante pentru reducerea excluziunii sociale \u00een Valea Jiului.<br \/>\nPrin investi\u021biile finan\u021bate din fonduri europene, administra\u021biile locale pot contribui la \u00eembun\u0103t\u0103\u021birea condi\u021biilor de locuire \u0219i la sprijinirea comunit\u0103\u021bilor defavorizate din fostul bazin carbonifer.<br \/>\nReprezentan\u021bii ADTI Valea Jiului subliniaz\u0103 c\u0103 prelungirea termenului poate permite autorit\u0103\u021bilor locale s\u0103 preg\u0103teasc\u0103 proiecte mai bine fundamentate \u0219i s\u0103 valorifice resursele disponibile prin Programul Incluziune \u0219i Demnitate Social\u0103 2021-2027.<br \/>\nMonika BACIU<\/p>\n<p>&nbsp;<\/p>\n<p>&nbsp;<\/p>\n","protected":false},"excerpt":{"rendered":"<p>&nbsp; Autorit\u0103\u021bile locale din Valea Jiului au la dispozi\u021bie mai mult timp pentru preg\u0103tirea \u0219i&#8230;<\/p>\n","protected":false},"author":1,"featured_media":12492,"comment_status":"closed","ping_status":"closed","sticky":false,"template":"","format":"standard","meta":{"footnotes":""},"categories":[1,18],"tags":[],"class_list":["post-12491","post","type-post","status-publish","format-standard","has-post-thumbnail","hentry","category-actual","category-economic"],"yoast_head":"<!-- This site is optimized with the Yoast SEO plugin v25.3.1 - https:\/\/yoast.com\/wordpress\/plugins\/seo\/ -->\n<title>Termen nou pentru fondurile destinate locuin\u021belor sociale din Valea Jiului - Cronica de Hunedoara<\/title>\n<meta name=\"robots\" content=\"index, follow, max-snippet:-1, max-image-preview:large, max-video-preview:-1\" \/>\n<link rel=\"canonical\" href=\"https:\/\/cronicahd.ro\/?p=12491\" \/>\n<meta property=\"og:locale\" content=\"ro_RO\" \/>\n<meta property=\"og:type\" content=\"article\" \/>\n<meta property=\"og:title\" content=\"Termen nou pentru fondurile destinate locuin\u021belor sociale din Valea Jiului - Cronica de Hunedoara\" \/>\n<meta property=\"og:description\" content=\"&nbsp; Autorit\u0103\u021bile locale din Valea Jiului au la dispozi\u021bie mai mult timp pentru preg\u0103tirea \u0219i...\" \/>\n<meta property=\"og:url\" content=\"https:\/\/cronicahd.ro\/?p=12491\" \/>\n<meta property=\"og:site_name\" content=\"Cronica de Hunedoara\" \/>\n<meta property=\"article:published_time\" content=\"2026-09-02T05:18:27+00:00\" \/>\n<meta property=\"og:image\" content=\"https:\/\/cronicahd.ro\/wp-content\/uploads\/2026\/09\/images-3.jpg\" \/>\n\t<meta property=\"og:image:width\" content=\"275\" \/>\n\t<meta property=\"og:image:height\" content=\"183\" \/>\n\t<meta property=\"og:image:type\" content=\"image\/jpeg\" \/>\n<meta name=\"author\" content=\"admin\" \/>\n<meta name=\"twitter:card\" content=\"summary_large_image\" \/>\n<meta name=\"twitter:label1\" content=\"Scris de\" \/>\n\t<meta name=\"twitter:data1\" content=\"admin\" \/>\n\t<meta name=\"twitter:label2\" content=\"Timp estimat pentru citire\" \/>\n\t<meta name=\"twitter:data2\" content=\"2 minute\" \/>\n<script type=\"application\/ld+json\" class=\"yoast-schema-graph\">{\"@context\":\"https:\/\/schema.org\",\"@graph\":[{\"@type\":\"Article\",\"@id\":\"https:\/\/cronicahd.ro\/?p=12491#article\",\"isPartOf\":{\"@id\":\"https:\/\/cronicahd.ro\/?p=12491\"},\"author\":{\"name\":\"admin\",\"@id\":\"https:\/\/cronicahd.ro\/#\/schema\/person\/d1a1277a8cd166610328e17aaf58bf46\"},\"headline\":\"Termen nou pentru fondurile destinate locuin\u021belor sociale din Valea Jiului\",\"datePublished\":\"2026-09-02T05:18:27+00:00\",\"mainEntityOfPage\":{\"@id\":\"https:\/\/cronicahd.ro\/?p=12491\"},\"wordCount\":285,\"publisher\":{\"@id\":\"https:\/\/cronicahd.ro\/#organization\"},\"image\":{\"@id\":\"https:\/\/cronicahd.ro\/?p=12491#primaryimage\"},\"thumbnailUrl\":\"https:\/\/cronicahd.ro\/wp-content\/uploads\/2026\/09\/images-3.jpg\",\"articleSection\":[\"Actualitate\",\"economic\"],\"inLanguage\":\"ro-RO\"},{\"@type\":\"WebPage\",\"@id\":\"https:\/\/cronicahd.ro\/?p=12491\",\"url\":\"https:\/\/cronicahd.ro\/?p=12491\",\"name\":\"Termen nou pentru fondurile destinate locuin\u021belor sociale din Valea Jiului - Cronica de Hunedoara\",\"isPartOf\":{\"@id\":\"https:\/\/cronicahd.ro\/#website\"},\"primaryImageOfPage\":{\"@id\":\"https:\/\/cronicahd.ro\/?p=12491#primaryimage\"},\"image\":{\"@id\":\"https:\/\/cronicahd.ro\/?p=12491#primaryimage\"},\"thumbnailUrl\":\"https:\/\/cronicahd.ro\/wp-content\/uploads\/2026\/09\/images-3.jpg\",\"datePublished\":\"2026-09-02T05:18:27+00:00\",\"breadcrumb\":{\"@id\":\"https:\/\/cronicahd.ro\/?p=12491#breadcrumb\"},\"inLanguage\":\"ro-RO\",\"potentialAction\":[{\"@type\":\"ReadAction\",\"target\":[\"https:\/\/cronicahd.ro\/?p=12491\"]}]},{\"@type\":\"ImageObject\",\"inLanguage\":\"ro-RO\",\"@id\":\"https:\/\/cronicahd.ro\/?p=12491#primaryimage\",\"url\":\"https:\/\/cronicahd.ro\/wp-content\/uploads\/2026\/09\/images-3.jpg\",\"contentUrl\":\"https:\/\/cronicahd.ro\/wp-content\/uploads\/2026\/09\/images-3.jpg\",\"width\":275,\"height\":183},{\"@type\":\"BreadcrumbList\",\"@id\":\"https:\/\/cronicahd.ro\/?p=12491#breadcrumb\",\"itemListElement\":[{\"@type\":\"ListItem\",\"position\":1,\"name\":\"Prima pagin\u0103\",\"item\":\"https:\/\/cronicahd.ro\/\"},{\"@type\":\"ListItem\",\"position\":2,\"name\":\"Termen nou pentru fondurile destinate locuin\u021belor sociale din Valea Jiului\"}]},{\"@type\":\"WebSite\",\"@id\":\"https:\/\/cronicahd.ro\/#website\",\"url\":\"https:\/\/cronicahd.ro\/\",\"name\":\"Cronica de Hunedoara\",\"description\":\"\",\"publisher\":{\"@id\":\"https:\/\/cronicahd.ro\/#organization\"},\"potentialAction\":[{\"@type\":\"SearchAction\",\"target\":{\"@type\":\"EntryPoint\",\"urlTemplate\":\"https:\/\/cronicahd.ro\/?s={search_term_string}\"},\"query-input\":{\"@type\":\"PropertyValueSpecification\",\"valueRequired\":true,\"valueName\":\"search_term_string\"}}],\"inLanguage\":\"ro-RO\"},{\"@type\":\"Organization\",\"@id\":\"https:\/\/cronicahd.ro\/#organization\",\"name\":\"Cronica de Hunedoara\",\"url\":\"https:\/\/cronicahd.ro\/\",\"logo\":{\"@type\":\"ImageObject\",\"inLanguage\":\"ro-RO\",\"@id\":\"https:\/\/cronicahd.ro\/#\/schema\/logo\/image\/\",\"url\":\"https:\/\/cronicahd.ro\/wp-content\/uploads\/2026\/03\/cropped-crh.jpg\",\"contentUrl\":\"https:\/\/cronicahd.ro\/wp-content\/uploads\/2026\/03\/cropped-crh.jpg\",\"width\":1437,\"height\":327,\"caption\":\"Cronica de Hunedoara\"},\"image\":{\"@id\":\"https:\/\/cronicahd.ro\/#\/schema\/logo\/image\/\"}},{\"@type\":\"Person\",\"@id\":\"https:\/\/cronicahd.ro\/#\/schema\/person\/d1a1277a8cd166610328e17aaf58bf46\",\"name\":\"admin\",\"image\":{\"@type\":\"ImageObject\",\"inLanguage\":\"ro-RO\",\"@id\":\"https:\/\/cronicahd.ro\/#\/schema\/person\/image\/\",\"url\":\"https:\/\/secure.gravatar.com\/avatar\/24700337280d10898c2e0d19d44a05316bff9fccc941ecc5570ffe41668203f7?s=96&d=mm&r=g\",\"contentUrl\":\"https:\/\/secure.gravatar.com\/avatar\/24700337280d10898c2e0d19d44a05316bff9fccc941ecc5570ffe41668203f7?s=96&d=mm&r=g\",\"caption\":\"admin\"},\"sameAs\":[\"https:\/\/cronicavj.ro\"],\"url\":\"https:\/\/cronicahd.ro\/?author=1\"}]}<\/script>\n<!-- \/ Yoast SEO plugin. -->","yoast_head_json":{"title":"Termen nou pentru fondurile destinate locuin\u021belor sociale din Valea Jiului - Cronica de Hunedoara","robots":{"index":"index","follow":"follow","max-snippet":"max-snippet:-1","max-image-preview":"max-image-preview:large","max-video-preview":"max-video-preview:-1"},"canonical":"https:\/\/cronicahd.ro\/?p=12491","og_locale":"ro_RO","og_type":"article","og_title":"Termen nou pentru fondurile destinate locuin\u021belor sociale din Valea Jiului - Cronica de Hunedoara","og_description":"&nbsp; Autorit\u0103\u021bile locale din Valea Jiului au la dispozi\u021bie mai mult timp pentru preg\u0103tirea \u0219i...","og_url":"https:\/\/cronicahd.ro\/?p=12491","og_site_name":"Cronica de Hunedoara","article_published_time":"2026-09-02T05:18:27+00:00","og_image":[{"width":275,"height":183,"url":"https:\/\/cronicahd.ro\/wp-content\/uploads\/2026\/09\/images-3.jpg","type":"image\/jpeg"}],"author":"admin","twitter_card":"summary_large_image","twitter_misc":{"Scris de":"admin","Timp estimat pentru citire":"2 minute"},"schema":{"@context":"https:\/\/schema.org","@graph":[{"@type":"Article","@id":"https:\/\/cronicahd.ro\/?p=12491#article","isPartOf":{"@id":"https:\/\/cronicahd.ro\/?p=12491"},"author":{"name":"admin","@id":"https:\/\/cronicahd.ro\/#\/schema\/person\/d1a1277a8cd166610328e17aaf58bf46"},"headline":"Termen nou pentru fondurile destinate locuin\u021belor sociale din Valea Jiului","datePublished":"2026-09-02T05:18:27+00:00","mainEntityOfPage":{"@id":"https:\/\/cronicahd.ro\/?p=12491"},"wordCount":285,"publisher":{"@id":"https:\/\/cronicahd.ro\/#organization"},"image":{"@id":"https:\/\/cronicahd.ro\/?p=12491#primaryimage"},"thumbnailUrl":"https:\/\/cronicahd.ro\/wp-content\/uploads\/2026\/09\/images-3.jpg","articleSection":["Actualitate","economic"],"inLanguage":"ro-RO"},{"@type":"WebPage","@id":"https:\/\/cronicahd.ro\/?p=12491","url":"https:\/\/cronicahd.ro\/?p=12491","name":"Termen nou pentru fondurile destinate locuin\u021belor sociale din Valea Jiului - Cronica de Hunedoara","isPartOf":{"@id":"https:\/\/cronicahd.ro\/#website"},"primaryImageOfPage":{"@id":"https:\/\/cronicahd.ro\/?p=12491#primaryimage"},"image":{"@id":"https:\/\/cronicahd.ro\/?p=12491#primaryimage"},"thumbnailUrl":"https:\/\/cronicahd.ro\/wp-content\/uploads\/2026\/09\/images-3.jpg","datePublished":"2026-09-02T05:18:27+00:00","breadcrumb":{"@id":"https:\/\/cronicahd.ro\/?p=12491#breadcrumb"},"inLanguage":"ro-RO","potentialAction":[{"@type":"ReadAction","target":["https:\/\/cronicahd.ro\/?p=12491"]}]},{"@type":"ImageObject","inLanguage":"ro-RO","@id":"https:\/\/cronicahd.ro\/?p=12491#primaryimage","url":"https:\/\/cronicahd.ro\/wp-content\/uploads\/2026\/09\/images-3.jpg","contentUrl":"https:\/\/cronicahd.ro\/wp-content\/uploads\/2026\/09\/images-3.jpg","width":275,"height":183},{"@type":"BreadcrumbList","@id":"https:\/\/cronicahd.ro\/?p=12491#breadcrumb","itemListElement":[{"@type":"ListItem","position":1,"name":"Prima pagin\u0103","item":"https:\/\/cronicahd.ro\/"},{"@type":"ListItem","position":2,"name":"Termen nou pentru fondurile destinate locuin\u021belor sociale din Valea Jiului"}]},{"@type":"WebSite","@id":"https:\/\/cronicahd.ro\/#website","url":"https:\/\/cronicahd.ro\/","name":"Cronica de Hunedoara","description":"","publisher":{"@id":"https:\/\/cronicahd.ro\/#organization"},"potentialAction":[{"@type":"SearchAction","target":{"@type":"EntryPoint","urlTemplate":"https:\/\/cronicahd.ro\/?s={search_term_string}"},"query-input":{"@type":"PropertyValueSpecification","valueRequired":true,"valueName":"search_term_string"}}],"inLanguage":"ro-RO"},{"@type":"Organization","@id":"https:\/\/cronicahd.ro\/#organization","name":"Cronica de Hunedoara","url":"https:\/\/cronicahd.ro\/","logo":{"@type":"ImageObject","inLanguage":"ro-RO","@id":"https:\/\/cronicahd.ro\/#\/schema\/logo\/image\/","url":"https:\/\/cronicahd.ro\/wp-content\/uploads\/2026\/03\/cropped-crh.jpg","contentUrl":"https:\/\/cronicahd.ro\/wp-content\/uploads\/2026\/03\/cropped-crh.jpg","width":1437,"height":327,"caption":"Cronica de Hunedoara"},"image":{"@id":"https:\/\/cronicahd.ro\/#\/schema\/logo\/image\/"}},{"@type":"Person","@id":"https:\/\/cronicahd.ro\/#\/schema\/person\/d1a1277a8cd166610328e17aaf58bf46","name":"admin","image":{"@type":"ImageObject","inLanguage":"ro-RO","@id":"https:\/\/cronicahd.ro\/#\/schema\/person\/image\/","url":"https:\/\/secure.gravatar.com\/avatar\/24700337280d10898c2e0d19d44a05316bff9fccc941ecc5570ffe41668203f7?s=96&d=mm&r=g","contentUrl":"https:\/\/secure.gravatar.com\/avatar\/24700337280d10898c2e0d19d44a05316bff9fccc941ecc5570ffe41668203f7?s=96&d=mm&r=g","caption":"admin"},"sameAs":["https:\/\/cronicavj.ro"],"url":"https:\/\/cronicahd.ro\/?author=1"}]}},"_links":{"self":[{"href":"https:\/\/cronicahd.ro\/index.php?rest_route=\/wp\/v2\/posts\/12491","targetHints":{"allow":["GET"]}}],"collection":[{"href":"https:\/\/cronicahd.ro\/index.php?rest_route=\/wp\/v2\/posts"}],"about":[{"href":"https:\/\/cronicahd.ro\/index.php?rest_route=\/wp\/v2\/types\/post"}],"author":[{"embeddable":true,"href":"https:\/\/cronicahd.ro\/index.php?rest_route=\/wp\/v2\/users\/1"}],"replies":[{"embeddable":true,"href":"https:\/\/cronicahd.ro\/index.php?rest_route=%2Fwp%2Fv2%2Fcomments&post=12491"}],"version-history":[{"count":1,"href":"https:\/\/cronicahd.ro\/index.php?rest_route=\/wp\/v2\/posts\/12491\/revisions"}],"predecessor-version":[{"id":12493,"href":"https:\/\/cronicahd.ro\/index.php?rest_route=\/wp\/v2\/posts\/12491\/revisions\/12493"}],"wp:featuredmedia":[{"embeddable":true,"href":"https:\/\/cronicahd.ro\/index.php?rest_route=\/wp\/v2\/media\/12492"}],"wp:attachment":[{"href":"https:\/\/cronicahd.ro\/index.php?rest_route=%2Fwp%2Fv2%2Fmedia&parent=12491"}],"wp:term":[{"taxonomy":"category","embeddable":true,"href":"https:\/\/cronicahd.ro\/index.php?rest_route=%2Fwp%2Fv2%2Fcategories&post=12491"},{"taxonomy":"post_tag","embeddable":true,"href":"https:\/\/cronicahd.ro\/index.php?rest_route=%2Fwp%2Fv2%2Ftags&post=12491"}],"curies":[{"name":"wp","href":"https:\/\/api.w.org\/{rel}","templated":true}]}}