{"id":12485,"date":"2026-09-02T05:10:21","date_gmt":"2026-09-02T05:10:21","guid":{"rendered":"https:\/\/cronicahd.ro\/?p=12485"},"modified":"2026-09-02T05:10:21","modified_gmt":"2026-09-02T05:10:21","slug":"caminele-universitatii-din-petrosani-pregatite-pentru-studenti-ce-lucrari-au-fost-facute-inainte-de-noul-an-universitar","status":"publish","type":"post","link":"https:\/\/cronicahd.ro\/?p=12485","title":{"rendered":"C\u0103minele Universit\u0103\u021bii din Petro\u0219ani, preg\u0103tite pentru studen\u021bi. Ce lucr\u0103ri au fost f\u0103cute \u00eenainte de noul an universitar"},"content":{"rendered":"<p>&nbsp;<\/p>\n<p>Universitatea din Petro\u0219ani face ultimele preg\u0103tiri pentru noul an universitar. C\u0103minele, cantina \u0219i spa\u021biile educa\u021bionale au trecut prin lucr\u0103ri de igienizare \u0219i repara\u021bii, astfel \u00eenc\u00e2t studen\u021bii s\u0103 fie primi\u021bi \u00een condi\u021bii c\u00e2t mai bune.<\/p>\n<p>Rectorul Universit\u0103\u021bii din Petro\u0219ani, prof. univ. dr. ing. Radu Sorin Mihai, spune c\u0103, \u00een aceast\u0103 perioad\u0103, aten\u021bia s-a concentrat \u00een special asupra spa\u021biilor de cazare \u0219i a cantinei.<br \/>\n\u201e\u00cen aceast\u0103 perioad\u0103 am lucrat intens la igienizarea spa\u021biilor de \u00eenv\u0103\u021b\u0103m\u00e2nt, \u00een special la c\u0103mine \u0219i cantin\u0103. Am igienizat \u0219i am f\u0103cut repara\u021bii acolo unde a fost cazul \u0219i \u00een celelalte spa\u021bii educa\u021bionale\u201d, a declarat rectorul.<br \/>\nPreg\u0103tiri pentru revenirea studen\u021bilor<\/p>\n<p>Pe l\u00e2ng\u0103 lucr\u0103rile de igienizare \u0219i repara\u021bii, Universitatea din Petro\u0219ani a preg\u0103tit \u0219i logistica necesar\u0103 pentru debutul noului an universitar.<br \/>\n\u201eAvem preg\u0103tit\u0103 \u00een aceast\u0103 perioad\u0103 toat\u0103 logistica \u0219i tot sistemul, \u00een a\u0219a fel \u00eenc\u00e2t s\u0103 primim studen\u021bii cu toate condi\u021biile puse la punct\u201d, a precizat Radu Sorin Mihai.<br \/>\n\u00cen aceast\u0103 perioad\u0103, \u00een c\u0103mine sunt caza\u021bi \u0219i studen\u021bi care revin la Petro\u0219ani pentru sesiunile de examene restante. Conducerea universit\u0103\u021bii \u00eencearc\u0103 s\u0103 p\u0103streze, pe c\u00e2t posibil, acelea\u0219i locuri de cazare pentru studen\u021bii care au locuit acolo \u00een anii anteriori.<br \/>\n\u201eAvem \u00een aceast\u0103 perioad\u0103 \u0219i cazarea celor care vin la sesiunile de examene restante \u0219i c\u0103ut\u0103m s\u0103 le p\u0103str\u0103m celor care au avut camere din anii anteriori acelea\u0219i locuri de cazare, \u00een a\u0219a fel \u00eenc\u00e2t, dup\u0103 igienizare \u0219i dup\u0103 cur\u0103\u021benile efectuate, s\u0103 revin\u0103 cu pl\u0103cere \u00een c\u0103minele noastre\u201d, a explicat rectorul.<\/p>\n<p>Cantina universit\u0103\u021bii continu\u0103 activitatea<\/p>\n<p>\u0218i cantina universitar\u0103 \u00ee\u0219i continu\u0103 activitatea. Studen\u021bii beneficiaz\u0103 \u00een continuare de servicii de mas\u0103, iar universitatea poate oferi, \u00een func\u021bie de solicit\u0103ri, \u0219i servicii de catering.<br \/>\n\u201eLa cantine continu\u0103m cel\u0103lalt sistem cu masa pentru studen\u021bi \u0219i, c\u00e2nd este cazul \u0219i \u00een func\u021bie de solicit\u0103ri, s\u0103 oferim \u0219i catering pentru persoane care doresc, cadre didactice din \u0219coal\u0103, dar \u0219i din afara universit\u0103\u021bii, plus parteneriatele pe care le avem cu \u0219colile \u0219i liceele din zon\u0103\u201d, a mai declarat Radu Sorin Mihai.<br \/>\nAstfel, Universitatea din Petro\u0219ani intr\u0103 \u00een perioada de preg\u0103tire final\u0103 pentru noul an universitar, cu lucr\u0103ri \u00een c\u0103mine, cantin\u0103 \u0219i spa\u021biile educa\u021bionale, dar \u0219i cu m\u0103suri pentru asigurarea condi\u021biilor necesare studen\u021bilor care revin la Petro\u0219ani.<br \/>\nMonika BACIU<\/p>\n","protected":false},"excerpt":{"rendered":"<p>&nbsp; Universitatea din Petro\u0219ani face ultimele preg\u0103tiri pentru noul an universitar. C\u0103minele, cantina \u0219i spa\u021biile&#8230;<\/p>\n","protected":false},"author":1,"featured_media":12486,"comment_status":"closed","ping_status":"closed","sticky":false,"template":"","format":"standard","meta":{"footnotes":""},"categories":[1,12],"tags":[],"class_list":["post-12485","post","type-post","status-publish","format-standard","has-post-thumbnail","hentry","category-actual","category-invatamant"],"yoast_head":"<!-- This site is optimized with the Yoast SEO plugin v25.3.1 - https:\/\/yoast.com\/wordpress\/plugins\/seo\/ -->\n<title>C\u0103minele Universit\u0103\u021bii din Petro\u0219ani, preg\u0103tite pentru studen\u021bi. Ce lucr\u0103ri au fost f\u0103cute \u00eenainte de noul an universitar - Cronica de Hunedoara<\/title>\n<meta name=\"robots\" content=\"index, follow, max-snippet:-1, max-image-preview:large, max-video-preview:-1\" \/>\n<link rel=\"canonical\" href=\"https:\/\/cronicahd.ro\/?p=12485\" \/>\n<meta property=\"og:locale\" content=\"ro_RO\" \/>\n<meta property=\"og:type\" content=\"article\" \/>\n<meta property=\"og:title\" content=\"C\u0103minele Universit\u0103\u021bii din Petro\u0219ani, preg\u0103tite pentru studen\u021bi. Ce lucr\u0103ri au fost f\u0103cute \u00eenainte de noul an universitar - Cronica de Hunedoara\" \/>\n<meta property=\"og:description\" content=\"&nbsp; Universitatea din Petro\u0219ani face ultimele preg\u0103tiri pentru noul an universitar. C\u0103minele, cantina \u0219i spa\u021biile...\" \/>\n<meta property=\"og:url\" content=\"https:\/\/cronicahd.ro\/?p=12485\" \/>\n<meta property=\"og:site_name\" content=\"Cronica de Hunedoara\" \/>\n<meta property=\"article:published_time\" content=\"2026-09-02T05:10:21+00:00\" \/>\n<meta property=\"og:image\" content=\"https:\/\/cronicahd.ro\/wp-content\/uploads\/2026\/09\/images-1.jpg\" \/>\n\t<meta property=\"og:image:width\" content=\"738\" \/>\n\t<meta property=\"og:image:height\" content=\"363\" \/>\n\t<meta property=\"og:image:type\" content=\"image\/jpeg\" \/>\n<meta name=\"author\" content=\"admin\" \/>\n<meta name=\"twitter:card\" content=\"summary_large_image\" \/>\n<meta name=\"twitter:label1\" content=\"Scris de\" \/>\n\t<meta name=\"twitter:data1\" content=\"admin\" \/>\n\t<meta name=\"twitter:label2\" content=\"Timp estimat pentru citire\" \/>\n\t<meta name=\"twitter:data2\" content=\"2 minute\" \/>\n<script type=\"application\/ld+json\" class=\"yoast-schema-graph\">{\"@context\":\"https:\/\/schema.org\",\"@graph\":[{\"@type\":\"Article\",\"@id\":\"https:\/\/cronicahd.ro\/?p=12485#article\",\"isPartOf\":{\"@id\":\"https:\/\/cronicahd.ro\/?p=12485\"},\"author\":{\"name\":\"admin\",\"@id\":\"https:\/\/cronicahd.ro\/#\/schema\/person\/d1a1277a8cd166610328e17aaf58bf46\"},\"headline\":\"C\u0103minele Universit\u0103\u021bii din Petro\u0219ani, preg\u0103tite pentru studen\u021bi. Ce lucr\u0103ri au fost f\u0103cute \u00eenainte de noul an universitar\",\"datePublished\":\"2026-09-02T05:10:21+00:00\",\"mainEntityOfPage\":{\"@id\":\"https:\/\/cronicahd.ro\/?p=12485\"},\"wordCount\":461,\"publisher\":{\"@id\":\"https:\/\/cronicahd.ro\/#organization\"},\"image\":{\"@id\":\"https:\/\/cronicahd.ro\/?p=12485#primaryimage\"},\"thumbnailUrl\":\"https:\/\/cronicahd.ro\/wp-content\/uploads\/2026\/09\/images-1.jpg\",\"articleSection\":[\"Actualitate\",\"invatamant\"],\"inLanguage\":\"ro-RO\"},{\"@type\":\"WebPage\",\"@id\":\"https:\/\/cronicahd.ro\/?p=12485\",\"url\":\"https:\/\/cronicahd.ro\/?p=12485\",\"name\":\"C\u0103minele Universit\u0103\u021bii din Petro\u0219ani, preg\u0103tite pentru studen\u021bi. Ce lucr\u0103ri au fost f\u0103cute \u00eenainte de noul an universitar - Cronica de Hunedoara\",\"isPartOf\":{\"@id\":\"https:\/\/cronicahd.ro\/#website\"},\"primaryImageOfPage\":{\"@id\":\"https:\/\/cronicahd.ro\/?p=12485#primaryimage\"},\"image\":{\"@id\":\"https:\/\/cronicahd.ro\/?p=12485#primaryimage\"},\"thumbnailUrl\":\"https:\/\/cronicahd.ro\/wp-content\/uploads\/2026\/09\/images-1.jpg\",\"datePublished\":\"2026-09-02T05:10:21+00:00\",\"breadcrumb\":{\"@id\":\"https:\/\/cronicahd.ro\/?p=12485#breadcrumb\"},\"inLanguage\":\"ro-RO\",\"potentialAction\":[{\"@type\":\"ReadAction\",\"target\":[\"https:\/\/cronicahd.ro\/?p=12485\"]}]},{\"@type\":\"ImageObject\",\"inLanguage\":\"ro-RO\",\"@id\":\"https:\/\/cronicahd.ro\/?p=12485#primaryimage\",\"url\":\"https:\/\/cronicahd.ro\/wp-content\/uploads\/2026\/09\/images-1.jpg\",\"contentUrl\":\"https:\/\/cronicahd.ro\/wp-content\/uploads\/2026\/09\/images-1.jpg\",\"width\":738,\"height\":363},{\"@type\":\"BreadcrumbList\",\"@id\":\"https:\/\/cronicahd.ro\/?p=12485#breadcrumb\",\"itemListElement\":[{\"@type\":\"ListItem\",\"position\":1,\"name\":\"Prima pagin\u0103\",\"item\":\"https:\/\/cronicahd.ro\/\"},{\"@type\":\"ListItem\",\"position\":2,\"name\":\"C\u0103minele Universit\u0103\u021bii din Petro\u0219ani, preg\u0103tite pentru studen\u021bi. Ce lucr\u0103ri au fost f\u0103cute \u00eenainte de noul an universitar\"}]},{\"@type\":\"WebSite\",\"@id\":\"https:\/\/cronicahd.ro\/#website\",\"url\":\"https:\/\/cronicahd.ro\/\",\"name\":\"Cronica de Hunedoara\",\"description\":\"\",\"publisher\":{\"@id\":\"https:\/\/cronicahd.ro\/#organization\"},\"potentialAction\":[{\"@type\":\"SearchAction\",\"target\":{\"@type\":\"EntryPoint\",\"urlTemplate\":\"https:\/\/cronicahd.ro\/?s={search_term_string}\"},\"query-input\":{\"@type\":\"PropertyValueSpecification\",\"valueRequired\":true,\"valueName\":\"search_term_string\"}}],\"inLanguage\":\"ro-RO\"},{\"@type\":\"Organization\",\"@id\":\"https:\/\/cronicahd.ro\/#organization\",\"name\":\"Cronica de Hunedoara\",\"url\":\"https:\/\/cronicahd.ro\/\",\"logo\":{\"@type\":\"ImageObject\",\"inLanguage\":\"ro-RO\",\"@id\":\"https:\/\/cronicahd.ro\/#\/schema\/logo\/image\/\",\"url\":\"https:\/\/cronicahd.ro\/wp-content\/uploads\/2026\/03\/cropped-crh.jpg\",\"contentUrl\":\"https:\/\/cronicahd.ro\/wp-content\/uploads\/2026\/03\/cropped-crh.jpg\",\"width\":1437,\"height\":327,\"caption\":\"Cronica de Hunedoara\"},\"image\":{\"@id\":\"https:\/\/cronicahd.ro\/#\/schema\/logo\/image\/\"}},{\"@type\":\"Person\",\"@id\":\"https:\/\/cronicahd.ro\/#\/schema\/person\/d1a1277a8cd166610328e17aaf58bf46\",\"name\":\"admin\",\"image\":{\"@type\":\"ImageObject\",\"inLanguage\":\"ro-RO\",\"@id\":\"https:\/\/cronicahd.ro\/#\/schema\/person\/image\/\",\"url\":\"https:\/\/secure.gravatar.com\/avatar\/24700337280d10898c2e0d19d44a05316bff9fccc941ecc5570ffe41668203f7?s=96&d=mm&r=g\",\"contentUrl\":\"https:\/\/secure.gravatar.com\/avatar\/24700337280d10898c2e0d19d44a05316bff9fccc941ecc5570ffe41668203f7?s=96&d=mm&r=g\",\"caption\":\"admin\"},\"sameAs\":[\"https:\/\/cronicavj.ro\"],\"url\":\"https:\/\/cronicahd.ro\/?author=1\"}]}<\/script>\n<!-- \/ Yoast SEO plugin. -->","yoast_head_json":{"title":"C\u0103minele Universit\u0103\u021bii din Petro\u0219ani, preg\u0103tite pentru studen\u021bi. Ce lucr\u0103ri au fost f\u0103cute \u00eenainte de noul an universitar - Cronica de Hunedoara","robots":{"index":"index","follow":"follow","max-snippet":"max-snippet:-1","max-image-preview":"max-image-preview:large","max-video-preview":"max-video-preview:-1"},"canonical":"https:\/\/cronicahd.ro\/?p=12485","og_locale":"ro_RO","og_type":"article","og_title":"C\u0103minele Universit\u0103\u021bii din Petro\u0219ani, preg\u0103tite pentru studen\u021bi. Ce lucr\u0103ri au fost f\u0103cute \u00eenainte de noul an universitar - Cronica de Hunedoara","og_description":"&nbsp; Universitatea din Petro\u0219ani face ultimele preg\u0103tiri pentru noul an universitar. C\u0103minele, cantina \u0219i spa\u021biile...","og_url":"https:\/\/cronicahd.ro\/?p=12485","og_site_name":"Cronica de Hunedoara","article_published_time":"2026-09-02T05:10:21+00:00","og_image":[{"width":738,"height":363,"url":"https:\/\/cronicahd.ro\/wp-content\/uploads\/2026\/09\/images-1.jpg","type":"image\/jpeg"}],"author":"admin","twitter_card":"summary_large_image","twitter_misc":{"Scris de":"admin","Timp estimat pentru citire":"2 minute"},"schema":{"@context":"https:\/\/schema.org","@graph":[{"@type":"Article","@id":"https:\/\/cronicahd.ro\/?p=12485#article","isPartOf":{"@id":"https:\/\/cronicahd.ro\/?p=12485"},"author":{"name":"admin","@id":"https:\/\/cronicahd.ro\/#\/schema\/person\/d1a1277a8cd166610328e17aaf58bf46"},"headline":"C\u0103minele Universit\u0103\u021bii din Petro\u0219ani, preg\u0103tite pentru studen\u021bi. Ce lucr\u0103ri au fost f\u0103cute \u00eenainte de noul an universitar","datePublished":"2026-09-02T05:10:21+00:00","mainEntityOfPage":{"@id":"https:\/\/cronicahd.ro\/?p=12485"},"wordCount":461,"publisher":{"@id":"https:\/\/cronicahd.ro\/#organization"},"image":{"@id":"https:\/\/cronicahd.ro\/?p=12485#primaryimage"},"thumbnailUrl":"https:\/\/cronicahd.ro\/wp-content\/uploads\/2026\/09\/images-1.jpg","articleSection":["Actualitate","invatamant"],"inLanguage":"ro-RO"},{"@type":"WebPage","@id":"https:\/\/cronicahd.ro\/?p=12485","url":"https:\/\/cronicahd.ro\/?p=12485","name":"C\u0103minele Universit\u0103\u021bii din Petro\u0219ani, preg\u0103tite pentru studen\u021bi. Ce lucr\u0103ri au fost f\u0103cute \u00eenainte de noul an universitar - Cronica de Hunedoara","isPartOf":{"@id":"https:\/\/cronicahd.ro\/#website"},"primaryImageOfPage":{"@id":"https:\/\/cronicahd.ro\/?p=12485#primaryimage"},"image":{"@id":"https:\/\/cronicahd.ro\/?p=12485#primaryimage"},"thumbnailUrl":"https:\/\/cronicahd.ro\/wp-content\/uploads\/2026\/09\/images-1.jpg","datePublished":"2026-09-02T05:10:21+00:00","breadcrumb":{"@id":"https:\/\/cronicahd.ro\/?p=12485#breadcrumb"},"inLanguage":"ro-RO","potentialAction":[{"@type":"ReadAction","target":["https:\/\/cronicahd.ro\/?p=12485"]}]},{"@type":"ImageObject","inLanguage":"ro-RO","@id":"https:\/\/cronicahd.ro\/?p=12485#primaryimage","url":"https:\/\/cronicahd.ro\/wp-content\/uploads\/2026\/09\/images-1.jpg","contentUrl":"https:\/\/cronicahd.ro\/wp-content\/uploads\/2026\/09\/images-1.jpg","width":738,"height":363},{"@type":"BreadcrumbList","@id":"https:\/\/cronicahd.ro\/?p=12485#breadcrumb","itemListElement":[{"@type":"ListItem","position":1,"name":"Prima pagin\u0103","item":"https:\/\/cronicahd.ro\/"},{"@type":"ListItem","position":2,"name":"C\u0103minele Universit\u0103\u021bii din Petro\u0219ani, preg\u0103tite pentru studen\u021bi. Ce lucr\u0103ri au fost f\u0103cute \u00eenainte de noul an universitar"}]},{"@type":"WebSite","@id":"https:\/\/cronicahd.ro\/#website","url":"https:\/\/cronicahd.ro\/","name":"Cronica de Hunedoara","description":"","publisher":{"@id":"https:\/\/cronicahd.ro\/#organization"},"potentialAction":[{"@type":"SearchAction","target":{"@type":"EntryPoint","urlTemplate":"https:\/\/cronicahd.ro\/?s={search_term_string}"},"query-input":{"@type":"PropertyValueSpecification","valueRequired":true,"valueName":"search_term_string"}}],"inLanguage":"ro-RO"},{"@type":"Organization","@id":"https:\/\/cronicahd.ro\/#organization","name":"Cronica de Hunedoara","url":"https:\/\/cronicahd.ro\/","logo":{"@type":"ImageObject","inLanguage":"ro-RO","@id":"https:\/\/cronicahd.ro\/#\/schema\/logo\/image\/","url":"https:\/\/cronicahd.ro\/wp-content\/uploads\/2026\/03\/cropped-crh.jpg","contentUrl":"https:\/\/cronicahd.ro\/wp-content\/uploads\/2026\/03\/cropped-crh.jpg","width":1437,"height":327,"caption":"Cronica de Hunedoara"},"image":{"@id":"https:\/\/cronicahd.ro\/#\/schema\/logo\/image\/"}},{"@type":"Person","@id":"https:\/\/cronicahd.ro\/#\/schema\/person\/d1a1277a8cd166610328e17aaf58bf46","name":"admin","image":{"@type":"ImageObject","inLanguage":"ro-RO","@id":"https:\/\/cronicahd.ro\/#\/schema\/person\/image\/","url":"https:\/\/secure.gravatar.com\/avatar\/24700337280d10898c2e0d19d44a05316bff9fccc941ecc5570ffe41668203f7?s=96&d=mm&r=g","contentUrl":"https:\/\/secure.gravatar.com\/avatar\/24700337280d10898c2e0d19d44a05316bff9fccc941ecc5570ffe41668203f7?s=96&d=mm&r=g","caption":"admin"},"sameAs":["https:\/\/cronicavj.ro"],"url":"https:\/\/cronicahd.ro\/?author=1"}]}},"_links":{"self":[{"href":"https:\/\/cronicahd.ro\/index.php?rest_route=\/wp\/v2\/posts\/12485","targetHints":{"allow":["GET"]}}],"collection":[{"href":"https:\/\/cronicahd.ro\/index.php?rest_route=\/wp\/v2\/posts"}],"about":[{"href":"https:\/\/cronicahd.ro\/index.php?rest_route=\/wp\/v2\/types\/post"}],"author":[{"embeddable":true,"href":"https:\/\/cronicahd.ro\/index.php?rest_route=\/wp\/v2\/users\/1"}],"replies":[{"embeddable":true,"href":"https:\/\/cronicahd.ro\/index.php?rest_route=%2Fwp%2Fv2%2Fcomments&post=12485"}],"version-history":[{"count":1,"href":"https:\/\/cronicahd.ro\/index.php?rest_route=\/wp\/v2\/posts\/12485\/revisions"}],"predecessor-version":[{"id":12487,"href":"https:\/\/cronicahd.ro\/index.php?rest_route=\/wp\/v2\/posts\/12485\/revisions\/12487"}],"wp:featuredmedia":[{"embeddable":true,"href":"https:\/\/cronicahd.ro\/index.php?rest_route=\/wp\/v2\/media\/12486"}],"wp:attachment":[{"href":"https:\/\/cronicahd.ro\/index.php?rest_route=%2Fwp%2Fv2%2Fmedia&parent=12485"}],"wp:term":[{"taxonomy":"category","embeddable":true,"href":"https:\/\/cronicahd.ro\/index.php?rest_route=%2Fwp%2Fv2%2Fcategories&post=12485"},{"taxonomy":"post_tag","embeddable":true,"href":"https:\/\/cronicahd.ro\/index.php?rest_route=%2Fwp%2Fv2%2Ftags&post=12485"}],"curies":[{"name":"wp","href":"https:\/\/api.w.org\/{rel}","templated":true}]}}