{"id":12482,"date":"2026-09-01T13:59:23","date_gmt":"2026-09-01T13:59:23","guid":{"rendered":"https:\/\/cronicahd.ro\/?p=12482"},"modified":"2026-09-01T13:59:23","modified_gmt":"2026-09-01T13:59:23","slug":"scolile-din-petrosani-pregatite-pentru-noul-an-scolar","status":"publish","type":"post","link":"https:\/\/cronicahd.ro\/?p=12482","title":{"rendered":"\u0218colile din Petro\u0219ani, preg\u0103tite pentru noul an \u0219colar"},"content":{"rendered":"<p>&nbsp;<\/p>\n<p>Preg\u0103tirile pentru noul an \u0219colar au fost analizate la Petro\u0219ani, \u00een cadrul unei \u00eent\u00e2lniri pe care primarul municipiului, Tiberiu Iacob-Ridzi, a avut-o cu directorii unit\u0103\u021bilor de \u00eenv\u0103\u021b\u0103m\u00e2nt din localitate.<\/p>\n<p>Discu\u021biile au vizat principalele aspecte administrative necesare pentru ca \u0219colile \u0219i gr\u0103dini\u021bele din Petro\u0219ani s\u0103 \u00ee\u0219i poat\u0103 \u00eencepe activitatea \u00een condi\u021bii c\u00e2t mai bune. Au fost trecute \u00een revist\u0103 condi\u021biile existente \u00een unit\u0103\u021bile de \u00eenv\u0103\u021b\u0103m\u00e2nt, lucr\u0103rile care trebuie finalizate, precum \u0219i organizarea primei zile de \u0219coal\u0103.<\/p>\n<p>\u201eNe dorim ca elevii, pre\u0219colarii, cadrele didactice \u0219i p\u0103rin\u021bii s\u0103 g\u0103seasc\u0103 \u0219colile preg\u0103tite pentru un nou \u00eenceput\u201d, a transmis primarul Tiberiu Iacob-Ridzi.<\/p>\n<p>Edilul a precizat c\u0103 administra\u021bia local\u0103 va continua s\u0103 colaboreze cu directorii unit\u0103\u021bilor de \u00eenv\u0103\u021b\u0103m\u00e2nt, astfel \u00eenc\u00e2t problemele care \u021bin de municipalitate s\u0103 fie identificate \u0219i rezolvate la timp.<\/p>\n<p>\u201e\u00cempreun\u0103 cu directorii unit\u0103\u021bilor de \u00eenv\u0103\u021b\u0103m\u00e2nt, vom urm\u0103ri \u00een continuare ca toate lucrurile care \u021bin de administra\u021bia local\u0103 s\u0103 fie rezolvate la timp, astfel \u00eenc\u00e2t noul an \u0219colar s\u0103 se desf\u0103\u0219oare \u00een cele mai bune condi\u021bii la Petro\u0219ani\u201d, a mai declarat primarul.<\/p>\n<p>La \u00eenceput de an \u0219colar, mesajul administra\u021biei locale se \u00eendreapt\u0103 \u0219i c\u0103tre elevi \u0219i profesori, c\u0103rora Tiberiu Iacob-Ridzi le-a urat succes \u0219i rezultate c\u00e2t mai bune.<\/p>\n<p>\u201eLe urez tuturor elevilor \u0219i profesorilor un an \u0219colar bun, cu rezultate frumoase!\u201d, a transmis primarul municipiului Petro\u0219ani.<\/p>\n","protected":false},"excerpt":{"rendered":"<p>&nbsp; Preg\u0103tirile pentru noul an \u0219colar au fost analizate la Petro\u0219ani, \u00een cadrul unei \u00eent\u00e2lniri&#8230;<\/p>\n","protected":false},"author":1,"featured_media":12483,"comment_status":"closed","ping_status":"closed","sticky":false,"template":"","format":"standard","meta":{"footnotes":""},"categories":[1,12],"tags":[],"class_list":["post-12482","post","type-post","status-publish","format-standard","has-post-thumbnail","hentry","category-actual","category-invatamant"],"yoast_head":"<!-- This site is optimized with the Yoast SEO plugin v25.3.1 - https:\/\/yoast.com\/wordpress\/plugins\/seo\/ -->\n<title>\u0218colile din Petro\u0219ani, preg\u0103tite pentru noul an \u0219colar - Cronica de Hunedoara<\/title>\n<meta name=\"robots\" content=\"index, follow, max-snippet:-1, max-image-preview:large, max-video-preview:-1\" \/>\n<link rel=\"canonical\" href=\"https:\/\/cronicahd.ro\/?p=12482\" \/>\n<meta property=\"og:locale\" content=\"ro_RO\" \/>\n<meta property=\"og:type\" content=\"article\" \/>\n<meta property=\"og:title\" content=\"\u0218colile din Petro\u0219ani, preg\u0103tite pentru noul an \u0219colar - Cronica de Hunedoara\" \/>\n<meta property=\"og:description\" content=\"&nbsp; Preg\u0103tirile pentru noul an \u0219colar au fost analizate la Petro\u0219ani, \u00een cadrul unei \u00eent\u00e2lniri...\" \/>\n<meta property=\"og:url\" content=\"https:\/\/cronicahd.ro\/?p=12482\" \/>\n<meta property=\"og:site_name\" content=\"Cronica de Hunedoara\" \/>\n<meta property=\"article:published_time\" content=\"2026-09-01T13:59:23+00:00\" \/>\n<meta property=\"og:image\" content=\"https:\/\/cronicahd.ro\/wp-content\/uploads\/2026\/09\/IMG_8846.jpeg\" \/>\n\t<meta property=\"og:image:width\" content=\"900\" \/>\n\t<meta property=\"og:image:height\" content=\"1200\" \/>\n\t<meta property=\"og:image:type\" content=\"image\/jpeg\" \/>\n<meta name=\"author\" content=\"admin\" \/>\n<meta name=\"twitter:card\" content=\"summary_large_image\" \/>\n<meta name=\"twitter:label1\" content=\"Scris de\" \/>\n\t<meta name=\"twitter:data1\" content=\"admin\" \/>\n\t<meta name=\"twitter:label2\" content=\"Timp estimat pentru citire\" \/>\n\t<meta name=\"twitter:data2\" content=\"2 minute\" \/>\n<script type=\"application\/ld+json\" class=\"yoast-schema-graph\">{\"@context\":\"https:\/\/schema.org\",\"@graph\":[{\"@type\":\"Article\",\"@id\":\"https:\/\/cronicahd.ro\/?p=12482#article\",\"isPartOf\":{\"@id\":\"https:\/\/cronicahd.ro\/?p=12482\"},\"author\":{\"name\":\"admin\",\"@id\":\"https:\/\/cronicahd.ro\/#\/schema\/person\/d1a1277a8cd166610328e17aaf58bf46\"},\"headline\":\"\u0218colile din Petro\u0219ani, preg\u0103tite pentru noul an \u0219colar\",\"datePublished\":\"2026-09-01T13:59:23+00:00\",\"mainEntityOfPage\":{\"@id\":\"https:\/\/cronicahd.ro\/?p=12482\"},\"wordCount\":264,\"publisher\":{\"@id\":\"https:\/\/cronicahd.ro\/#organization\"},\"image\":{\"@id\":\"https:\/\/cronicahd.ro\/?p=12482#primaryimage\"},\"thumbnailUrl\":\"https:\/\/cronicahd.ro\/wp-content\/uploads\/2026\/09\/IMG_8846.jpeg\",\"articleSection\":[\"Actualitate\",\"invatamant\"],\"inLanguage\":\"ro-RO\"},{\"@type\":\"WebPage\",\"@id\":\"https:\/\/cronicahd.ro\/?p=12482\",\"url\":\"https:\/\/cronicahd.ro\/?p=12482\",\"name\":\"\u0218colile din Petro\u0219ani, preg\u0103tite pentru noul an \u0219colar - Cronica de Hunedoara\",\"isPartOf\":{\"@id\":\"https:\/\/cronicahd.ro\/#website\"},\"primaryImageOfPage\":{\"@id\":\"https:\/\/cronicahd.ro\/?p=12482#primaryimage\"},\"image\":{\"@id\":\"https:\/\/cronicahd.ro\/?p=12482#primaryimage\"},\"thumbnailUrl\":\"https:\/\/cronicahd.ro\/wp-content\/uploads\/2026\/09\/IMG_8846.jpeg\",\"datePublished\":\"2026-09-01T13:59:23+00:00\",\"breadcrumb\":{\"@id\":\"https:\/\/cronicahd.ro\/?p=12482#breadcrumb\"},\"inLanguage\":\"ro-RO\",\"potentialAction\":[{\"@type\":\"ReadAction\",\"target\":[\"https:\/\/cronicahd.ro\/?p=12482\"]}]},{\"@type\":\"ImageObject\",\"inLanguage\":\"ro-RO\",\"@id\":\"https:\/\/cronicahd.ro\/?p=12482#primaryimage\",\"url\":\"https:\/\/cronicahd.ro\/wp-content\/uploads\/2026\/09\/IMG_8846.jpeg\",\"contentUrl\":\"https:\/\/cronicahd.ro\/wp-content\/uploads\/2026\/09\/IMG_8846.jpeg\",\"width\":900,\"height\":1200},{\"@type\":\"BreadcrumbList\",\"@id\":\"https:\/\/cronicahd.ro\/?p=12482#breadcrumb\",\"itemListElement\":[{\"@type\":\"ListItem\",\"position\":1,\"name\":\"Prima pagin\u0103\",\"item\":\"https:\/\/cronicahd.ro\/\"},{\"@type\":\"ListItem\",\"position\":2,\"name\":\"\u0218colile din Petro\u0219ani, preg\u0103tite pentru noul an \u0219colar\"}]},{\"@type\":\"WebSite\",\"@id\":\"https:\/\/cronicahd.ro\/#website\",\"url\":\"https:\/\/cronicahd.ro\/\",\"name\":\"Cronica de Hunedoara\",\"description\":\"\",\"publisher\":{\"@id\":\"https:\/\/cronicahd.ro\/#organization\"},\"potentialAction\":[{\"@type\":\"SearchAction\",\"target\":{\"@type\":\"EntryPoint\",\"urlTemplate\":\"https:\/\/cronicahd.ro\/?s={search_term_string}\"},\"query-input\":{\"@type\":\"PropertyValueSpecification\",\"valueRequired\":true,\"valueName\":\"search_term_string\"}}],\"inLanguage\":\"ro-RO\"},{\"@type\":\"Organization\",\"@id\":\"https:\/\/cronicahd.ro\/#organization\",\"name\":\"Cronica de Hunedoara\",\"url\":\"https:\/\/cronicahd.ro\/\",\"logo\":{\"@type\":\"ImageObject\",\"inLanguage\":\"ro-RO\",\"@id\":\"https:\/\/cronicahd.ro\/#\/schema\/logo\/image\/\",\"url\":\"https:\/\/cronicahd.ro\/wp-content\/uploads\/2026\/03\/cropped-crh.jpg\",\"contentUrl\":\"https:\/\/cronicahd.ro\/wp-content\/uploads\/2026\/03\/cropped-crh.jpg\",\"width\":1437,\"height\":327,\"caption\":\"Cronica de Hunedoara\"},\"image\":{\"@id\":\"https:\/\/cronicahd.ro\/#\/schema\/logo\/image\/\"}},{\"@type\":\"Person\",\"@id\":\"https:\/\/cronicahd.ro\/#\/schema\/person\/d1a1277a8cd166610328e17aaf58bf46\",\"name\":\"admin\",\"image\":{\"@type\":\"ImageObject\",\"inLanguage\":\"ro-RO\",\"@id\":\"https:\/\/cronicahd.ro\/#\/schema\/person\/image\/\",\"url\":\"https:\/\/secure.gravatar.com\/avatar\/24700337280d10898c2e0d19d44a05316bff9fccc941ecc5570ffe41668203f7?s=96&d=mm&r=g\",\"contentUrl\":\"https:\/\/secure.gravatar.com\/avatar\/24700337280d10898c2e0d19d44a05316bff9fccc941ecc5570ffe41668203f7?s=96&d=mm&r=g\",\"caption\":\"admin\"},\"sameAs\":[\"https:\/\/cronicavj.ro\"],\"url\":\"https:\/\/cronicahd.ro\/?author=1\"}]}<\/script>\n<!-- \/ Yoast SEO plugin. -->","yoast_head_json":{"title":"\u0218colile din Petro\u0219ani, preg\u0103tite pentru noul an \u0219colar - Cronica de Hunedoara","robots":{"index":"index","follow":"follow","max-snippet":"max-snippet:-1","max-image-preview":"max-image-preview:large","max-video-preview":"max-video-preview:-1"},"canonical":"https:\/\/cronicahd.ro\/?p=12482","og_locale":"ro_RO","og_type":"article","og_title":"\u0218colile din Petro\u0219ani, preg\u0103tite pentru noul an \u0219colar - Cronica de Hunedoara","og_description":"&nbsp; Preg\u0103tirile pentru noul an \u0219colar au fost analizate la Petro\u0219ani, \u00een cadrul unei \u00eent\u00e2lniri...","og_url":"https:\/\/cronicahd.ro\/?p=12482","og_site_name":"Cronica de Hunedoara","article_published_time":"2026-09-01T13:59:23+00:00","og_image":[{"width":900,"height":1200,"url":"https:\/\/cronicahd.ro\/wp-content\/uploads\/2026\/09\/IMG_8846.jpeg","type":"image\/jpeg"}],"author":"admin","twitter_card":"summary_large_image","twitter_misc":{"Scris de":"admin","Timp estimat pentru citire":"2 minute"},"schema":{"@context":"https:\/\/schema.org","@graph":[{"@type":"Article","@id":"https:\/\/cronicahd.ro\/?p=12482#article","isPartOf":{"@id":"https:\/\/cronicahd.ro\/?p=12482"},"author":{"name":"admin","@id":"https:\/\/cronicahd.ro\/#\/schema\/person\/d1a1277a8cd166610328e17aaf58bf46"},"headline":"\u0218colile din Petro\u0219ani, preg\u0103tite pentru noul an \u0219colar","datePublished":"2026-09-01T13:59:23+00:00","mainEntityOfPage":{"@id":"https:\/\/cronicahd.ro\/?p=12482"},"wordCount":264,"publisher":{"@id":"https:\/\/cronicahd.ro\/#organization"},"image":{"@id":"https:\/\/cronicahd.ro\/?p=12482#primaryimage"},"thumbnailUrl":"https:\/\/cronicahd.ro\/wp-content\/uploads\/2026\/09\/IMG_8846.jpeg","articleSection":["Actualitate","invatamant"],"inLanguage":"ro-RO"},{"@type":"WebPage","@id":"https:\/\/cronicahd.ro\/?p=12482","url":"https:\/\/cronicahd.ro\/?p=12482","name":"\u0218colile din Petro\u0219ani, preg\u0103tite pentru noul an \u0219colar - Cronica de Hunedoara","isPartOf":{"@id":"https:\/\/cronicahd.ro\/#website"},"primaryImageOfPage":{"@id":"https:\/\/cronicahd.ro\/?p=12482#primaryimage"},"image":{"@id":"https:\/\/cronicahd.ro\/?p=12482#primaryimage"},"thumbnailUrl":"https:\/\/cronicahd.ro\/wp-content\/uploads\/2026\/09\/IMG_8846.jpeg","datePublished":"2026-09-01T13:59:23+00:00","breadcrumb":{"@id":"https:\/\/cronicahd.ro\/?p=12482#breadcrumb"},"inLanguage":"ro-RO","potentialAction":[{"@type":"ReadAction","target":["https:\/\/cronicahd.ro\/?p=12482"]}]},{"@type":"ImageObject","inLanguage":"ro-RO","@id":"https:\/\/cronicahd.ro\/?p=12482#primaryimage","url":"https:\/\/cronicahd.ro\/wp-content\/uploads\/2026\/09\/IMG_8846.jpeg","contentUrl":"https:\/\/cronicahd.ro\/wp-content\/uploads\/2026\/09\/IMG_8846.jpeg","width":900,"height":1200},{"@type":"BreadcrumbList","@id":"https:\/\/cronicahd.ro\/?p=12482#breadcrumb","itemListElement":[{"@type":"ListItem","position":1,"name":"Prima pagin\u0103","item":"https:\/\/cronicahd.ro\/"},{"@type":"ListItem","position":2,"name":"\u0218colile din Petro\u0219ani, preg\u0103tite pentru noul an \u0219colar"}]},{"@type":"WebSite","@id":"https:\/\/cronicahd.ro\/#website","url":"https:\/\/cronicahd.ro\/","name":"Cronica de Hunedoara","description":"","publisher":{"@id":"https:\/\/cronicahd.ro\/#organization"},"potentialAction":[{"@type":"SearchAction","target":{"@type":"EntryPoint","urlTemplate":"https:\/\/cronicahd.ro\/?s={search_term_string}"},"query-input":{"@type":"PropertyValueSpecification","valueRequired":true,"valueName":"search_term_string"}}],"inLanguage":"ro-RO"},{"@type":"Organization","@id":"https:\/\/cronicahd.ro\/#organization","name":"Cronica de Hunedoara","url":"https:\/\/cronicahd.ro\/","logo":{"@type":"ImageObject","inLanguage":"ro-RO","@id":"https:\/\/cronicahd.ro\/#\/schema\/logo\/image\/","url":"https:\/\/cronicahd.ro\/wp-content\/uploads\/2026\/03\/cropped-crh.jpg","contentUrl":"https:\/\/cronicahd.ro\/wp-content\/uploads\/2026\/03\/cropped-crh.jpg","width":1437,"height":327,"caption":"Cronica de Hunedoara"},"image":{"@id":"https:\/\/cronicahd.ro\/#\/schema\/logo\/image\/"}},{"@type":"Person","@id":"https:\/\/cronicahd.ro\/#\/schema\/person\/d1a1277a8cd166610328e17aaf58bf46","name":"admin","image":{"@type":"ImageObject","inLanguage":"ro-RO","@id":"https:\/\/cronicahd.ro\/#\/schema\/person\/image\/","url":"https:\/\/secure.gravatar.com\/avatar\/24700337280d10898c2e0d19d44a05316bff9fccc941ecc5570ffe41668203f7?s=96&d=mm&r=g","contentUrl":"https:\/\/secure.gravatar.com\/avatar\/24700337280d10898c2e0d19d44a05316bff9fccc941ecc5570ffe41668203f7?s=96&d=mm&r=g","caption":"admin"},"sameAs":["https:\/\/cronicavj.ro"],"url":"https:\/\/cronicahd.ro\/?author=1"}]}},"_links":{"self":[{"href":"https:\/\/cronicahd.ro\/index.php?rest_route=\/wp\/v2\/posts\/12482","targetHints":{"allow":["GET"]}}],"collection":[{"href":"https:\/\/cronicahd.ro\/index.php?rest_route=\/wp\/v2\/posts"}],"about":[{"href":"https:\/\/cronicahd.ro\/index.php?rest_route=\/wp\/v2\/types\/post"}],"author":[{"embeddable":true,"href":"https:\/\/cronicahd.ro\/index.php?rest_route=\/wp\/v2\/users\/1"}],"replies":[{"embeddable":true,"href":"https:\/\/cronicahd.ro\/index.php?rest_route=%2Fwp%2Fv2%2Fcomments&post=12482"}],"version-history":[{"count":1,"href":"https:\/\/cronicahd.ro\/index.php?rest_route=\/wp\/v2\/posts\/12482\/revisions"}],"predecessor-version":[{"id":12484,"href":"https:\/\/cronicahd.ro\/index.php?rest_route=\/wp\/v2\/posts\/12482\/revisions\/12484"}],"wp:featuredmedia":[{"embeddable":true,"href":"https:\/\/cronicahd.ro\/index.php?rest_route=\/wp\/v2\/media\/12483"}],"wp:attachment":[{"href":"https:\/\/cronicahd.ro\/index.php?rest_route=%2Fwp%2Fv2%2Fmedia&parent=12482"}],"wp:term":[{"taxonomy":"category","embeddable":true,"href":"https:\/\/cronicahd.ro\/index.php?rest_route=%2Fwp%2Fv2%2Fcategories&post=12482"},{"taxonomy":"post_tag","embeddable":true,"href":"https:\/\/cronicahd.ro\/index.php?rest_route=%2Fwp%2Fv2%2Ftags&post=12482"}],"curies":[{"name":"wp","href":"https:\/\/api.w.org\/{rel}","templated":true}]}}