{"id":12478,"date":"2026-09-01T13:49:54","date_gmt":"2026-09-01T13:49:54","guid":{"rendered":"https:\/\/cronicahd.ro\/?p=12478"},"modified":"2026-09-01T13:49:54","modified_gmt":"2026-09-01T13:49:54","slug":"senatorul-calin-petru-marian-romania-are-nevoie-de-reforme-nu-de-amanari","status":"publish","type":"post","link":"https:\/\/cronicahd.ro\/?p=12478","title":{"rendered":"Senatorul C\u0103lin Petru Marian: \u201eRom\u00e2nia are nevoie de reforme, nu de am\u00e2n\u0103ri\u201d"},"content":{"rendered":"<p>&nbsp;<\/p>\n<p>Senatorul PNL C\u0103lin Petru Marian anun\u021b\u0103 \u00eenceputul noii sesiuni parlamentare, dup\u0103 o var\u0103 \u00een care sus\u021bine c\u0103 a fost prezent \u00een comunit\u0103\u021bi \u0219i a discutat cu cet\u0103\u021beni, primari \u0219i reprezentan\u021bi ai administra\u021biilor publice despre problemele cu care se confrunt\u0103 jude\u021bul Hunedoara \u0219i Rom\u00e2nia.<\/p>\n<p>Parlamentarul hunedorean spune c\u0103, odat\u0103 cu reluarea activit\u0103\u021bii \u00een Parlament, problemele identificate \u00een teritoriu trebuie transformate \u00een decizii \u0219i programe concrete.<\/p>\n<p><img loading=\"lazy\" decoding=\"async\" class=\"alignnone size-full wp-image-12479\" src=\"https:\/\/cronicahd.ro\/wp-content\/uploads\/2026\/09\/IMG_8845.jpeg\" alt=\"\" width=\"960\" height=\"720\" srcset=\"https:\/\/cronicahd.ro\/wp-content\/uploads\/2026\/09\/IMG_8845.jpeg 960w, https:\/\/cronicahd.ro\/wp-content\/uploads\/2026\/09\/IMG_8845-300x225.jpeg 300w, https:\/\/cronicahd.ro\/wp-content\/uploads\/2026\/09\/IMG_8845-768x576.jpeg 768w\" sizes=\"auto, (max-width: 960px) 100vw, 960px\" \/><\/p>\n<p>\u201eAm \u00eencheiat o var\u0103 \u00een care am fost, \u00een mare parte, \u00een mijlocul oamenilor \u0219i al comunit\u0103\u021bilor. Am discutat cu cet\u0103\u021beni, primari \u0219i reprezentan\u021bi ai administra\u021biilor publice despre problemele reale cu care se confrunt\u0103 jude\u021bul nostru \u0219i Rom\u00e2nia. Acum ne \u00eentoarcem \u00een Parlament pentru a transforma aceste probleme \u00een decizii \u0219i programe concrete\u201d, a transmis senatorul C\u0103lin Petru Marian.<\/p>\n<p>Priorit\u0103\u021bi pentru noua sesiune parlamentar\u0103<\/p>\n<p>C\u0103lin Petru Marian precizeaz\u0103 c\u0103, \u00een debutul sesiunii de toamn\u0103, parlamentarii liberali au avut o \u00eent\u00e2lnire cu pre\u0219edintele PNL \u0219i premierul Rom\u00e2niei, Ilie Bolojan, discu\u021biile fiind axate pe reformele \u0219i priorit\u0103\u021bile care ar urma s\u0103 fie sus\u021binute \u00een perioada urm\u0103toare.<\/p>\n<p>Printre principalele obiective men\u021bionate de senator se num\u0103r\u0103 reforma administra\u021biei publice centrale \u0219i a companiilor de stat, reforma administrativ-teritorial\u0103, dar \u0219i reforma electoral\u0103.<\/p>\n<p>Pe agenda parlamentarului se afl\u0103, de asemenea, reforma bugetului asigur\u0103rilor de s\u0103n\u0103tate \u0219i sprijinirea clasei de mijloc, precum \u0219i Legea lustra\u021biei.<\/p>\n<p>\u201eRom\u00e2nia are nevoie de reforme, nu de am\u00e2n\u0103ri\u201d, este mesajul transmis de senatorul hunedorean la \u00eenceputul noii sesiuni parlamentare.<\/p>\n<p>Acesta afirm\u0103 c\u0103, \u00een calitate de senator PNL, va sus\u021bine m\u0103suri care urm\u0103resc reducerea birocra\u021biei, eficientizarea administra\u021biei \u0219i o utilizare mai responsabil\u0103 a banului public.<\/p>\n<p>\u201eVoi sus\u021bine \u00een aceast\u0103 sesiune m\u0103surile care \u00eenseamn\u0103 mai pu\u021bin\u0103 birocra\u021bie, o administra\u021bie mai eficient\u0103, respect pentru cei care muncesc \u0219i un stat care cheltuie responsabil banii cet\u0103\u021benilor\u201d, a mai declarat C\u0103lin Petru Marian.<\/p>\n","protected":false},"excerpt":{"rendered":"<p>&nbsp; Senatorul PNL C\u0103lin Petru Marian anun\u021b\u0103 \u00eenceputul noii sesiuni parlamentare, dup\u0103 o var\u0103 \u00een&#8230;<\/p>\n","protected":false},"author":1,"featured_media":12480,"comment_status":"closed","ping_status":"closed","sticky":false,"template":"","format":"standard","meta":{"footnotes":""},"categories":[1,16],"tags":[],"class_list":["post-12478","post","type-post","status-publish","format-standard","has-post-thumbnail","hentry","category-actual","category-politic"],"yoast_head":"<!-- This site is optimized with the Yoast SEO plugin v25.3.1 - https:\/\/yoast.com\/wordpress\/plugins\/seo\/ -->\n<title>Senatorul C\u0103lin Petru Marian: \u201eRom\u00e2nia are nevoie de reforme, nu de am\u00e2n\u0103ri\u201d - Cronica de Hunedoara<\/title>\n<meta name=\"robots\" content=\"index, follow, max-snippet:-1, max-image-preview:large, max-video-preview:-1\" \/>\n<link rel=\"canonical\" href=\"https:\/\/cronicahd.ro\/?p=12478\" \/>\n<meta property=\"og:locale\" content=\"ro_RO\" \/>\n<meta property=\"og:type\" content=\"article\" \/>\n<meta property=\"og:title\" content=\"Senatorul C\u0103lin Petru Marian: \u201eRom\u00e2nia are nevoie de reforme, nu de am\u00e2n\u0103ri\u201d - Cronica de Hunedoara\" \/>\n<meta property=\"og:description\" content=\"&nbsp; Senatorul PNL C\u0103lin Petru Marian anun\u021b\u0103 \u00eenceputul noii sesiuni parlamentare, dup\u0103 o var\u0103 \u00een...\" \/>\n<meta property=\"og:url\" content=\"https:\/\/cronicahd.ro\/?p=12478\" \/>\n<meta property=\"og:site_name\" content=\"Cronica de Hunedoara\" \/>\n<meta property=\"article:published_time\" content=\"2026-09-01T13:49:54+00:00\" \/>\n<meta property=\"og:image\" content=\"https:\/\/cronicahd.ro\/wp-content\/uploads\/2026\/09\/IMG_8844.jpeg\" \/>\n\t<meta property=\"og:image:width\" content=\"960\" \/>\n\t<meta property=\"og:image:height\" content=\"720\" \/>\n\t<meta property=\"og:image:type\" content=\"image\/jpeg\" \/>\n<meta name=\"author\" content=\"admin\" \/>\n<meta name=\"twitter:card\" content=\"summary_large_image\" \/>\n<meta name=\"twitter:label1\" content=\"Scris de\" \/>\n\t<meta name=\"twitter:data1\" content=\"admin\" \/>\n\t<meta name=\"twitter:label2\" content=\"Timp estimat pentru citire\" \/>\n\t<meta name=\"twitter:data2\" content=\"2 minute\" \/>\n<script type=\"application\/ld+json\" class=\"yoast-schema-graph\">{\"@context\":\"https:\/\/schema.org\",\"@graph\":[{\"@type\":\"Article\",\"@id\":\"https:\/\/cronicahd.ro\/?p=12478#article\",\"isPartOf\":{\"@id\":\"https:\/\/cronicahd.ro\/?p=12478\"},\"author\":{\"name\":\"admin\",\"@id\":\"https:\/\/cronicahd.ro\/#\/schema\/person\/d1a1277a8cd166610328e17aaf58bf46\"},\"headline\":\"Senatorul C\u0103lin Petru Marian: \u201eRom\u00e2nia are nevoie de reforme, nu de am\u00e2n\u0103ri\u201d\",\"datePublished\":\"2026-09-01T13:49:54+00:00\",\"mainEntityOfPage\":{\"@id\":\"https:\/\/cronicahd.ro\/?p=12478\"},\"wordCount\":354,\"publisher\":{\"@id\":\"https:\/\/cronicahd.ro\/#organization\"},\"image\":{\"@id\":\"https:\/\/cronicahd.ro\/?p=12478#primaryimage\"},\"thumbnailUrl\":\"https:\/\/cronicahd.ro\/wp-content\/uploads\/2026\/09\/IMG_8844.jpeg\",\"articleSection\":[\"Actualitate\",\"politic\"],\"inLanguage\":\"ro-RO\"},{\"@type\":\"WebPage\",\"@id\":\"https:\/\/cronicahd.ro\/?p=12478\",\"url\":\"https:\/\/cronicahd.ro\/?p=12478\",\"name\":\"Senatorul C\u0103lin Petru Marian: \u201eRom\u00e2nia are nevoie de reforme, nu de am\u00e2n\u0103ri\u201d - Cronica de Hunedoara\",\"isPartOf\":{\"@id\":\"https:\/\/cronicahd.ro\/#website\"},\"primaryImageOfPage\":{\"@id\":\"https:\/\/cronicahd.ro\/?p=12478#primaryimage\"},\"image\":{\"@id\":\"https:\/\/cronicahd.ro\/?p=12478#primaryimage\"},\"thumbnailUrl\":\"https:\/\/cronicahd.ro\/wp-content\/uploads\/2026\/09\/IMG_8844.jpeg\",\"datePublished\":\"2026-09-01T13:49:54+00:00\",\"breadcrumb\":{\"@id\":\"https:\/\/cronicahd.ro\/?p=12478#breadcrumb\"},\"inLanguage\":\"ro-RO\",\"potentialAction\":[{\"@type\":\"ReadAction\",\"target\":[\"https:\/\/cronicahd.ro\/?p=12478\"]}]},{\"@type\":\"ImageObject\",\"inLanguage\":\"ro-RO\",\"@id\":\"https:\/\/cronicahd.ro\/?p=12478#primaryimage\",\"url\":\"https:\/\/cronicahd.ro\/wp-content\/uploads\/2026\/09\/IMG_8844.jpeg\",\"contentUrl\":\"https:\/\/cronicahd.ro\/wp-content\/uploads\/2026\/09\/IMG_8844.jpeg\",\"width\":960,\"height\":720},{\"@type\":\"BreadcrumbList\",\"@id\":\"https:\/\/cronicahd.ro\/?p=12478#breadcrumb\",\"itemListElement\":[{\"@type\":\"ListItem\",\"position\":1,\"name\":\"Prima pagin\u0103\",\"item\":\"https:\/\/cronicahd.ro\/\"},{\"@type\":\"ListItem\",\"position\":2,\"name\":\"Senatorul C\u0103lin Petru Marian: \u201eRom\u00e2nia are nevoie de reforme, nu de am\u00e2n\u0103ri\u201d\"}]},{\"@type\":\"WebSite\",\"@id\":\"https:\/\/cronicahd.ro\/#website\",\"url\":\"https:\/\/cronicahd.ro\/\",\"name\":\"Cronica de Hunedoara\",\"description\":\"\",\"publisher\":{\"@id\":\"https:\/\/cronicahd.ro\/#organization\"},\"potentialAction\":[{\"@type\":\"SearchAction\",\"target\":{\"@type\":\"EntryPoint\",\"urlTemplate\":\"https:\/\/cronicahd.ro\/?s={search_term_string}\"},\"query-input\":{\"@type\":\"PropertyValueSpecification\",\"valueRequired\":true,\"valueName\":\"search_term_string\"}}],\"inLanguage\":\"ro-RO\"},{\"@type\":\"Organization\",\"@id\":\"https:\/\/cronicahd.ro\/#organization\",\"name\":\"Cronica de Hunedoara\",\"url\":\"https:\/\/cronicahd.ro\/\",\"logo\":{\"@type\":\"ImageObject\",\"inLanguage\":\"ro-RO\",\"@id\":\"https:\/\/cronicahd.ro\/#\/schema\/logo\/image\/\",\"url\":\"https:\/\/cronicahd.ro\/wp-content\/uploads\/2026\/03\/cropped-crh.jpg\",\"contentUrl\":\"https:\/\/cronicahd.ro\/wp-content\/uploads\/2026\/03\/cropped-crh.jpg\",\"width\":1437,\"height\":327,\"caption\":\"Cronica de Hunedoara\"},\"image\":{\"@id\":\"https:\/\/cronicahd.ro\/#\/schema\/logo\/image\/\"}},{\"@type\":\"Person\",\"@id\":\"https:\/\/cronicahd.ro\/#\/schema\/person\/d1a1277a8cd166610328e17aaf58bf46\",\"name\":\"admin\",\"image\":{\"@type\":\"ImageObject\",\"inLanguage\":\"ro-RO\",\"@id\":\"https:\/\/cronicahd.ro\/#\/schema\/person\/image\/\",\"url\":\"https:\/\/secure.gravatar.com\/avatar\/24700337280d10898c2e0d19d44a05316bff9fccc941ecc5570ffe41668203f7?s=96&d=mm&r=g\",\"contentUrl\":\"https:\/\/secure.gravatar.com\/avatar\/24700337280d10898c2e0d19d44a05316bff9fccc941ecc5570ffe41668203f7?s=96&d=mm&r=g\",\"caption\":\"admin\"},\"sameAs\":[\"https:\/\/cronicavj.ro\"],\"url\":\"https:\/\/cronicahd.ro\/?author=1\"}]}<\/script>\n<!-- \/ Yoast SEO plugin. -->","yoast_head_json":{"title":"Senatorul C\u0103lin Petru Marian: \u201eRom\u00e2nia are nevoie de reforme, nu de am\u00e2n\u0103ri\u201d - Cronica de Hunedoara","robots":{"index":"index","follow":"follow","max-snippet":"max-snippet:-1","max-image-preview":"max-image-preview:large","max-video-preview":"max-video-preview:-1"},"canonical":"https:\/\/cronicahd.ro\/?p=12478","og_locale":"ro_RO","og_type":"article","og_title":"Senatorul C\u0103lin Petru Marian: \u201eRom\u00e2nia are nevoie de reforme, nu de am\u00e2n\u0103ri\u201d - Cronica de Hunedoara","og_description":"&nbsp; Senatorul PNL C\u0103lin Petru Marian anun\u021b\u0103 \u00eenceputul noii sesiuni parlamentare, dup\u0103 o var\u0103 \u00een...","og_url":"https:\/\/cronicahd.ro\/?p=12478","og_site_name":"Cronica de Hunedoara","article_published_time":"2026-09-01T13:49:54+00:00","og_image":[{"width":960,"height":720,"url":"https:\/\/cronicahd.ro\/wp-content\/uploads\/2026\/09\/IMG_8844.jpeg","type":"image\/jpeg"}],"author":"admin","twitter_card":"summary_large_image","twitter_misc":{"Scris de":"admin","Timp estimat pentru citire":"2 minute"},"schema":{"@context":"https:\/\/schema.org","@graph":[{"@type":"Article","@id":"https:\/\/cronicahd.ro\/?p=12478#article","isPartOf":{"@id":"https:\/\/cronicahd.ro\/?p=12478"},"author":{"name":"admin","@id":"https:\/\/cronicahd.ro\/#\/schema\/person\/d1a1277a8cd166610328e17aaf58bf46"},"headline":"Senatorul C\u0103lin Petru Marian: \u201eRom\u00e2nia are nevoie de reforme, nu de am\u00e2n\u0103ri\u201d","datePublished":"2026-09-01T13:49:54+00:00","mainEntityOfPage":{"@id":"https:\/\/cronicahd.ro\/?p=12478"},"wordCount":354,"publisher":{"@id":"https:\/\/cronicahd.ro\/#organization"},"image":{"@id":"https:\/\/cronicahd.ro\/?p=12478#primaryimage"},"thumbnailUrl":"https:\/\/cronicahd.ro\/wp-content\/uploads\/2026\/09\/IMG_8844.jpeg","articleSection":["Actualitate","politic"],"inLanguage":"ro-RO"},{"@type":"WebPage","@id":"https:\/\/cronicahd.ro\/?p=12478","url":"https:\/\/cronicahd.ro\/?p=12478","name":"Senatorul C\u0103lin Petru Marian: \u201eRom\u00e2nia are nevoie de reforme, nu de am\u00e2n\u0103ri\u201d - Cronica de Hunedoara","isPartOf":{"@id":"https:\/\/cronicahd.ro\/#website"},"primaryImageOfPage":{"@id":"https:\/\/cronicahd.ro\/?p=12478#primaryimage"},"image":{"@id":"https:\/\/cronicahd.ro\/?p=12478#primaryimage"},"thumbnailUrl":"https:\/\/cronicahd.ro\/wp-content\/uploads\/2026\/09\/IMG_8844.jpeg","datePublished":"2026-09-01T13:49:54+00:00","breadcrumb":{"@id":"https:\/\/cronicahd.ro\/?p=12478#breadcrumb"},"inLanguage":"ro-RO","potentialAction":[{"@type":"ReadAction","target":["https:\/\/cronicahd.ro\/?p=12478"]}]},{"@type":"ImageObject","inLanguage":"ro-RO","@id":"https:\/\/cronicahd.ro\/?p=12478#primaryimage","url":"https:\/\/cronicahd.ro\/wp-content\/uploads\/2026\/09\/IMG_8844.jpeg","contentUrl":"https:\/\/cronicahd.ro\/wp-content\/uploads\/2026\/09\/IMG_8844.jpeg","width":960,"height":720},{"@type":"BreadcrumbList","@id":"https:\/\/cronicahd.ro\/?p=12478#breadcrumb","itemListElement":[{"@type":"ListItem","position":1,"name":"Prima pagin\u0103","item":"https:\/\/cronicahd.ro\/"},{"@type":"ListItem","position":2,"name":"Senatorul C\u0103lin Petru Marian: \u201eRom\u00e2nia are nevoie de reforme, nu de am\u00e2n\u0103ri\u201d"}]},{"@type":"WebSite","@id":"https:\/\/cronicahd.ro\/#website","url":"https:\/\/cronicahd.ro\/","name":"Cronica de Hunedoara","description":"","publisher":{"@id":"https:\/\/cronicahd.ro\/#organization"},"potentialAction":[{"@type":"SearchAction","target":{"@type":"EntryPoint","urlTemplate":"https:\/\/cronicahd.ro\/?s={search_term_string}"},"query-input":{"@type":"PropertyValueSpecification","valueRequired":true,"valueName":"search_term_string"}}],"inLanguage":"ro-RO"},{"@type":"Organization","@id":"https:\/\/cronicahd.ro\/#organization","name":"Cronica de Hunedoara","url":"https:\/\/cronicahd.ro\/","logo":{"@type":"ImageObject","inLanguage":"ro-RO","@id":"https:\/\/cronicahd.ro\/#\/schema\/logo\/image\/","url":"https:\/\/cronicahd.ro\/wp-content\/uploads\/2026\/03\/cropped-crh.jpg","contentUrl":"https:\/\/cronicahd.ro\/wp-content\/uploads\/2026\/03\/cropped-crh.jpg","width":1437,"height":327,"caption":"Cronica de Hunedoara"},"image":{"@id":"https:\/\/cronicahd.ro\/#\/schema\/logo\/image\/"}},{"@type":"Person","@id":"https:\/\/cronicahd.ro\/#\/schema\/person\/d1a1277a8cd166610328e17aaf58bf46","name":"admin","image":{"@type":"ImageObject","inLanguage":"ro-RO","@id":"https:\/\/cronicahd.ro\/#\/schema\/person\/image\/","url":"https:\/\/secure.gravatar.com\/avatar\/24700337280d10898c2e0d19d44a05316bff9fccc941ecc5570ffe41668203f7?s=96&d=mm&r=g","contentUrl":"https:\/\/secure.gravatar.com\/avatar\/24700337280d10898c2e0d19d44a05316bff9fccc941ecc5570ffe41668203f7?s=96&d=mm&r=g","caption":"admin"},"sameAs":["https:\/\/cronicavj.ro"],"url":"https:\/\/cronicahd.ro\/?author=1"}]}},"_links":{"self":[{"href":"https:\/\/cronicahd.ro\/index.php?rest_route=\/wp\/v2\/posts\/12478","targetHints":{"allow":["GET"]}}],"collection":[{"href":"https:\/\/cronicahd.ro\/index.php?rest_route=\/wp\/v2\/posts"}],"about":[{"href":"https:\/\/cronicahd.ro\/index.php?rest_route=\/wp\/v2\/types\/post"}],"author":[{"embeddable":true,"href":"https:\/\/cronicahd.ro\/index.php?rest_route=\/wp\/v2\/users\/1"}],"replies":[{"embeddable":true,"href":"https:\/\/cronicahd.ro\/index.php?rest_route=%2Fwp%2Fv2%2Fcomments&post=12478"}],"version-history":[{"count":1,"href":"https:\/\/cronicahd.ro\/index.php?rest_route=\/wp\/v2\/posts\/12478\/revisions"}],"predecessor-version":[{"id":12481,"href":"https:\/\/cronicahd.ro\/index.php?rest_route=\/wp\/v2\/posts\/12478\/revisions\/12481"}],"wp:featuredmedia":[{"embeddable":true,"href":"https:\/\/cronicahd.ro\/index.php?rest_route=\/wp\/v2\/media\/12480"}],"wp:attachment":[{"href":"https:\/\/cronicahd.ro\/index.php?rest_route=%2Fwp%2Fv2%2Fmedia&parent=12478"}],"wp:term":[{"taxonomy":"category","embeddable":true,"href":"https:\/\/cronicahd.ro\/index.php?rest_route=%2Fwp%2Fv2%2Fcategories&post=12478"},{"taxonomy":"post_tag","embeddable":true,"href":"https:\/\/cronicahd.ro\/index.php?rest_route=%2Fwp%2Fv2%2Ftags&post=12478"}],"curies":[{"name":"wp","href":"https:\/\/api.w.org\/{rel}","templated":true}]}}