{"id":12475,"date":"2026-09-01T13:27:23","date_gmt":"2026-09-01T13:27:23","guid":{"rendered":"https:\/\/cronicahd.ro\/?p=12475"},"modified":"2026-09-01T13:28:38","modified_gmt":"2026-09-01T13:28:38","slug":"cat-vor-plati-hunedorenii-pentru-cursurile-de-arta-si-vizitarea-obiectivelor-culturale","status":"publish","type":"post","link":"https:\/\/cronicahd.ro\/?p=12475","title":{"rendered":"C\u00e2t vor pl\u0103ti hunedorenii pentru cursurile de art\u0103 \u0219i vizitarea obiectivelor culturale"},"content":{"rendered":"<p>&nbsp;<\/p>\n<p>Consiliul Jude\u021bean Hunedoara preg\u0103te\u0219te ajustarea \u0219i completarea structurii de taxe \u0219i tarife aplicabile \u00een anul fiscal 2026 pentru serviciile oferite de Centrul de Cultur\u0103 \u0219i Art\u0103 al Jude\u021bului Hunedoara.<\/p>\n<p>Aceast\u0103 m\u0103sur\u0103 se reg\u0103se\u0219te \u00een Proiectul de Hot\u0103r\u00e2re num\u0103rul 164 din 2026, ini\u021biat de pre\u0219edintele administra\u021biei jude\u021bene, Lauren\u021biu Nistor, act normativ care modific\u0103 direct Anexa num\u0103rul 3 la Hot\u0103r\u00e2rea anterioar\u0103 a Consiliului Jude\u021bean.<br \/>\nDemersul are la baz\u0103 solicitarea transmis\u0103 de conducerea Centrului de Cultur\u0103 \u0219i Art\u0103 al Jude\u021bului Hunedoara, \u00eenso\u021bit\u0103 de referatul de aprobare \u00eentocmit la finalul lunii iunie. Noul cadru financiar stabile\u0219te costurile pentru cursurile de art\u0103, serviciile artistice asigurate de ansamblurile profesioniste, precum \u0219i taxele de acces la obiectivele de patrimoniu administrate la nivel jude\u021bean.<\/p>\n<p>Educa\u021bia artistic\u0103: Tarife diferen\u021biate \u0219i gratuit\u0103\u021bi pentru conservarea tradi\u021biilor<\/p>\n<p>Oferta educa\u021bional\u0103 din cadrul institu\u021biei culturale este structurat\u0103 pe tarife anuale \u00een func\u021bie de specificul fiec\u0103rei discipline. Cursurile de canto muzic\u0103 popular\u0103 \u0219i cele destinate studiului instrumentelor muzicale precum pianul, orga, acordeonul, vioara, chitara sau instrumentele de suflat au fost stabilite la valoarea de 900 de lei pe an. \u00cen acela\u0219i timp, persoanele interesate de cursurile de canto muzic\u0103 u\u0219oar\u0103 vor achita suma de 700 de lei pe an, iar pentru cursurile de arte plastice \u0219i decorative taxa anual\u0103 va fi de 500 de lei.<br \/>\nAdministra\u021bia jude\u021bean\u0103 acord\u0103 o aten\u021bie deosebit\u0103 conserv\u0103rii identit\u0103\u021bii locale prin acordarea de gratuitate integral\u0103 elevilor \u0219i studen\u021bilor la cursurile de art\u0103 tradi\u021bional\u0103 \u0219i la cele de dans popular. Adul\u021bii care \u00ee\u0219i doresc s\u0103 frecventeze aceste dou\u0103 discipline vor achita o tax\u0103 anual\u0103 fix\u0103 de 500 de lei.<br \/>\nProiectul normativ introduce un pachet generos de reduceri sociale pentru cursan\u021bi \u0219i familii. \u00cen situa\u021bia \u00een care o persoan\u0103 alege s\u0103 urmeze dou\u0103 sau mai multe specializ\u0103ri, primul curs este achitat integral, iar pentru urm\u0103toarele se aplic\u0103 o reducere de 50%. De asemenea, dac\u0103 doi sau trei membri ai aceleia\u0219i familii se \u00eenscriu la cursuri, doar primul dintre ei achit\u0103 taxa \u00eentreag\u0103, \u00een timp ce ceilal\u021bi beneficiaz\u0103 de o reducere la jum\u0103tate din pre\u021b. Persoanele cu dizabilit\u0103\u021bi \u00eencadrate \u00een grad de handicap grav sau accentuat au acces gratuit la toate cursurile oferite.<\/p>\n<p>Turism cultural: Acces la monumente, case memoriale \u0219i facilit\u0103\u021bi de vizitare<\/p>\n<p>Proiectul reglementeaz\u0103 distinct taxele de vizitare pentru spa\u021biile istorice \u0219i muzeale din subordine. Biletul de intrare la Complexul de Monumente Tebea, la Casa Muzeu Avram Iancu din Baia de Cri\u0219, la Casa Memorial\u0103 Dr\u0103gan Muntean din Poieni\u021ba Voinii \u0219i la Ansamblul Istoric Mina Petrila cost\u0103 5 lei pentru copii, elevi, studen\u021bi \u0219i pensionari, respectiv 10 lei pentru adul\u021bi.<br \/>\nTaxa pentru filmarea sau fotografierea \u00een scop comercial \u00een cadrul acestor obiective este de 50 de lei pe or\u0103. Totodat\u0103, comercializarea produselor de popularizare la standurile proprii ale muzeelor se va realiza cu un adaos comercial cuprins \u00eentre 0% \u0219i 200%, \u00een func\u021bie de valoarea de achizi\u021bie a articolelor.<br \/>\nAutorit\u0103\u021bile jude\u021bene men\u021bin o politic\u0103 larg\u0103 de accesibilitate prin acordarea de bilete gratuite pentru pre\u0219colari, copii cu cerin\u021be educa\u021bionale speciale, persoane cu handicap \u0219i \u00eenso\u021bitorii acestora, delega\u021bii oficiale, angaja\u021bi ai re\u021belei muzeale sau ai Ministerului Culturii, veterani de r\u0103zboi \u0219i elevi sau studen\u021bi rom\u00e2ni din afara grani\u021belor \u021b\u0103rii. Accesul este liber pentru to\u021bi vizitatorii cu ocazia manifest\u0103rilor festive majore precum Serbarea Na\u021bional\u0103 Tebea, Ziua Na\u021bional\u0103 a Rom\u00e2niei, Ziua Eroilor, Ziua Interna\u021bional\u0103 a Copilului, Ziua Minerului la Petrila sau Festivalul P\u0103durenilor la Poieni\u021ba Voinii.<\/p>\n<p>Spectacole profesioniste \u0219i manifest\u0103ri expozi\u021bionale<\/p>\n<p>\u00cen domeniul artelor spectacolului, pre\u021bul unui bilet de intrare la evenimentele organizate de Centrul de Cultur\u0103 \u0219i Art\u0103 a fost fixat la suma de 20 de lei. Atunci c\u00e2nd ter\u021be persoane sau institu\u021bii solicit\u0103 presta\u021bii artistice din partea Ansamblului Profesionist Dr\u0103gan Muntean, tariful stabilit este de 20.000 de lei pentru fiecare spectacol.<br \/>\nLa Galeria Na\u021bional\u0103 de Art\u0103 FORMA din Deva, tarifele pentru desf\u0103\u0219urarea activit\u0103\u021bilor culturale \u0219i \u00eenchirierea spa\u021biului au fost structurate clar. Expozi\u021biile arti\u0219tilor care nu fac parte dintr-o uniune de crea\u021bie recunoscut\u0103 sunt tarifate cu 150 de lei per expozi\u021bie. Organizarea de evenimente culturale, lans\u0103ri de carte, seminarii sau mese rotunde cost\u0103 300 de lei pentru fiecare manifestare, \u00een timp ce activit\u0103\u021bile organizate direct de institu\u021biile din subordinea Consiliului Jude\u021bean Hunedoara beneficiaz\u0103 de gratuitate complet\u0103.<br \/>\nMonika BACIU<\/p>\n<p>&nbsp;<\/p>\n","protected":false},"excerpt":{"rendered":"<p>&nbsp; Consiliul Jude\u021bean Hunedoara preg\u0103te\u0219te ajustarea \u0219i completarea structurii de taxe \u0219i tarife aplicabile \u00een&#8230;<\/p>\n","protected":false},"author":1,"featured_media":12477,"comment_status":"closed","ping_status":"closed","sticky":false,"template":"","format":"standard","meta":{"footnotes":""},"categories":[1,6],"tags":[],"class_list":["post-12475","post","type-post","status-publish","format-standard","has-post-thumbnail","hentry","category-actual","category-administratie"],"yoast_head":"<!-- This site is optimized with the Yoast SEO plugin v25.3.1 - https:\/\/yoast.com\/wordpress\/plugins\/seo\/ -->\n<title>C\u00e2t vor pl\u0103ti hunedorenii pentru cursurile de art\u0103 \u0219i vizitarea obiectivelor culturale - Cronica de Hunedoara<\/title>\n<meta name=\"robots\" content=\"index, follow, max-snippet:-1, max-image-preview:large, max-video-preview:-1\" \/>\n<link rel=\"canonical\" href=\"https:\/\/cronicahd.ro\/?p=12475\" \/>\n<meta property=\"og:locale\" content=\"ro_RO\" \/>\n<meta property=\"og:type\" content=\"article\" \/>\n<meta property=\"og:title\" content=\"C\u00e2t vor pl\u0103ti hunedorenii pentru cursurile de art\u0103 \u0219i vizitarea obiectivelor culturale - Cronica de Hunedoara\" \/>\n<meta property=\"og:description\" content=\"&nbsp; Consiliul Jude\u021bean Hunedoara preg\u0103te\u0219te ajustarea \u0219i completarea structurii de taxe \u0219i tarife aplicabile \u00een...\" \/>\n<meta property=\"og:url\" content=\"https:\/\/cronicahd.ro\/?p=12475\" \/>\n<meta property=\"og:site_name\" content=\"Cronica de Hunedoara\" \/>\n<meta property=\"article:published_time\" content=\"2026-09-01T13:27:23+00:00\" \/>\n<meta property=\"article:modified_time\" content=\"2026-09-01T13:28:38+00:00\" \/>\n<meta property=\"og:image\" content=\"https:\/\/cronicahd.ro\/wp-content\/uploads\/2026\/09\/images.jpg\" \/>\n\t<meta property=\"og:image:width\" content=\"645\" \/>\n\t<meta property=\"og:image:height\" content=\"310\" \/>\n\t<meta property=\"og:image:type\" content=\"image\/jpeg\" \/>\n<meta name=\"author\" content=\"admin\" \/>\n<meta name=\"twitter:card\" content=\"summary_large_image\" \/>\n<meta name=\"twitter:label1\" content=\"Scris de\" \/>\n\t<meta name=\"twitter:data1\" content=\"admin\" \/>\n\t<meta name=\"twitter:label2\" content=\"Timp estimat pentru citire\" \/>\n\t<meta name=\"twitter:data2\" content=\"4 minute\" \/>\n<script type=\"application\/ld+json\" class=\"yoast-schema-graph\">{\"@context\":\"https:\/\/schema.org\",\"@graph\":[{\"@type\":\"Article\",\"@id\":\"https:\/\/cronicahd.ro\/?p=12475#article\",\"isPartOf\":{\"@id\":\"https:\/\/cronicahd.ro\/?p=12475\"},\"author\":{\"name\":\"admin\",\"@id\":\"https:\/\/cronicahd.ro\/#\/schema\/person\/d1a1277a8cd166610328e17aaf58bf46\"},\"headline\":\"C\u00e2t vor pl\u0103ti hunedorenii pentru cursurile de art\u0103 \u0219i vizitarea obiectivelor culturale\",\"datePublished\":\"2026-09-01T13:27:23+00:00\",\"dateModified\":\"2026-09-01T13:28:38+00:00\",\"mainEntityOfPage\":{\"@id\":\"https:\/\/cronicahd.ro\/?p=12475\"},\"wordCount\":780,\"publisher\":{\"@id\":\"https:\/\/cronicahd.ro\/#organization\"},\"image\":{\"@id\":\"https:\/\/cronicahd.ro\/?p=12475#primaryimage\"},\"thumbnailUrl\":\"https:\/\/cronicahd.ro\/wp-content\/uploads\/2026\/09\/images.jpg\",\"articleSection\":[\"Actualitate\",\"Administratie\"],\"inLanguage\":\"ro-RO\"},{\"@type\":\"WebPage\",\"@id\":\"https:\/\/cronicahd.ro\/?p=12475\",\"url\":\"https:\/\/cronicahd.ro\/?p=12475\",\"name\":\"C\u00e2t vor pl\u0103ti hunedorenii pentru cursurile de art\u0103 \u0219i vizitarea obiectivelor culturale - Cronica de Hunedoara\",\"isPartOf\":{\"@id\":\"https:\/\/cronicahd.ro\/#website\"},\"primaryImageOfPage\":{\"@id\":\"https:\/\/cronicahd.ro\/?p=12475#primaryimage\"},\"image\":{\"@id\":\"https:\/\/cronicahd.ro\/?p=12475#primaryimage\"},\"thumbnailUrl\":\"https:\/\/cronicahd.ro\/wp-content\/uploads\/2026\/09\/images.jpg\",\"datePublished\":\"2026-09-01T13:27:23+00:00\",\"dateModified\":\"2026-09-01T13:28:38+00:00\",\"breadcrumb\":{\"@id\":\"https:\/\/cronicahd.ro\/?p=12475#breadcrumb\"},\"inLanguage\":\"ro-RO\",\"potentialAction\":[{\"@type\":\"ReadAction\",\"target\":[\"https:\/\/cronicahd.ro\/?p=12475\"]}]},{\"@type\":\"ImageObject\",\"inLanguage\":\"ro-RO\",\"@id\":\"https:\/\/cronicahd.ro\/?p=12475#primaryimage\",\"url\":\"https:\/\/cronicahd.ro\/wp-content\/uploads\/2026\/09\/images.jpg\",\"contentUrl\":\"https:\/\/cronicahd.ro\/wp-content\/uploads\/2026\/09\/images.jpg\",\"width\":645,\"height\":310},{\"@type\":\"BreadcrumbList\",\"@id\":\"https:\/\/cronicahd.ro\/?p=12475#breadcrumb\",\"itemListElement\":[{\"@type\":\"ListItem\",\"position\":1,\"name\":\"Prima pagin\u0103\",\"item\":\"https:\/\/cronicahd.ro\/\"},{\"@type\":\"ListItem\",\"position\":2,\"name\":\"C\u00e2t vor pl\u0103ti hunedorenii pentru cursurile de art\u0103 \u0219i vizitarea obiectivelor culturale\"}]},{\"@type\":\"WebSite\",\"@id\":\"https:\/\/cronicahd.ro\/#website\",\"url\":\"https:\/\/cronicahd.ro\/\",\"name\":\"Cronica de Hunedoara\",\"description\":\"\",\"publisher\":{\"@id\":\"https:\/\/cronicahd.ro\/#organization\"},\"potentialAction\":[{\"@type\":\"SearchAction\",\"target\":{\"@type\":\"EntryPoint\",\"urlTemplate\":\"https:\/\/cronicahd.ro\/?s={search_term_string}\"},\"query-input\":{\"@type\":\"PropertyValueSpecification\",\"valueRequired\":true,\"valueName\":\"search_term_string\"}}],\"inLanguage\":\"ro-RO\"},{\"@type\":\"Organization\",\"@id\":\"https:\/\/cronicahd.ro\/#organization\",\"name\":\"Cronica de Hunedoara\",\"url\":\"https:\/\/cronicahd.ro\/\",\"logo\":{\"@type\":\"ImageObject\",\"inLanguage\":\"ro-RO\",\"@id\":\"https:\/\/cronicahd.ro\/#\/schema\/logo\/image\/\",\"url\":\"https:\/\/cronicahd.ro\/wp-content\/uploads\/2026\/03\/cropped-crh.jpg\",\"contentUrl\":\"https:\/\/cronicahd.ro\/wp-content\/uploads\/2026\/03\/cropped-crh.jpg\",\"width\":1437,\"height\":327,\"caption\":\"Cronica de Hunedoara\"},\"image\":{\"@id\":\"https:\/\/cronicahd.ro\/#\/schema\/logo\/image\/\"}},{\"@type\":\"Person\",\"@id\":\"https:\/\/cronicahd.ro\/#\/schema\/person\/d1a1277a8cd166610328e17aaf58bf46\",\"name\":\"admin\",\"image\":{\"@type\":\"ImageObject\",\"inLanguage\":\"ro-RO\",\"@id\":\"https:\/\/cronicahd.ro\/#\/schema\/person\/image\/\",\"url\":\"https:\/\/secure.gravatar.com\/avatar\/24700337280d10898c2e0d19d44a05316bff9fccc941ecc5570ffe41668203f7?s=96&d=mm&r=g\",\"contentUrl\":\"https:\/\/secure.gravatar.com\/avatar\/24700337280d10898c2e0d19d44a05316bff9fccc941ecc5570ffe41668203f7?s=96&d=mm&r=g\",\"caption\":\"admin\"},\"sameAs\":[\"https:\/\/cronicavj.ro\"],\"url\":\"https:\/\/cronicahd.ro\/?author=1\"}]}<\/script>\n<!-- \/ Yoast SEO plugin. -->","yoast_head_json":{"title":"C\u00e2t vor pl\u0103ti hunedorenii pentru cursurile de art\u0103 \u0219i vizitarea obiectivelor culturale - Cronica de Hunedoara","robots":{"index":"index","follow":"follow","max-snippet":"max-snippet:-1","max-image-preview":"max-image-preview:large","max-video-preview":"max-video-preview:-1"},"canonical":"https:\/\/cronicahd.ro\/?p=12475","og_locale":"ro_RO","og_type":"article","og_title":"C\u00e2t vor pl\u0103ti hunedorenii pentru cursurile de art\u0103 \u0219i vizitarea obiectivelor culturale - Cronica de Hunedoara","og_description":"&nbsp; Consiliul Jude\u021bean Hunedoara preg\u0103te\u0219te ajustarea \u0219i completarea structurii de taxe \u0219i tarife aplicabile \u00een...","og_url":"https:\/\/cronicahd.ro\/?p=12475","og_site_name":"Cronica de Hunedoara","article_published_time":"2026-09-01T13:27:23+00:00","article_modified_time":"2026-09-01T13:28:38+00:00","og_image":[{"width":645,"height":310,"url":"https:\/\/cronicahd.ro\/wp-content\/uploads\/2026\/09\/images.jpg","type":"image\/jpeg"}],"author":"admin","twitter_card":"summary_large_image","twitter_misc":{"Scris de":"admin","Timp estimat pentru citire":"4 minute"},"schema":{"@context":"https:\/\/schema.org","@graph":[{"@type":"Article","@id":"https:\/\/cronicahd.ro\/?p=12475#article","isPartOf":{"@id":"https:\/\/cronicahd.ro\/?p=12475"},"author":{"name":"admin","@id":"https:\/\/cronicahd.ro\/#\/schema\/person\/d1a1277a8cd166610328e17aaf58bf46"},"headline":"C\u00e2t vor pl\u0103ti hunedorenii pentru cursurile de art\u0103 \u0219i vizitarea obiectivelor culturale","datePublished":"2026-09-01T13:27:23+00:00","dateModified":"2026-09-01T13:28:38+00:00","mainEntityOfPage":{"@id":"https:\/\/cronicahd.ro\/?p=12475"},"wordCount":780,"publisher":{"@id":"https:\/\/cronicahd.ro\/#organization"},"image":{"@id":"https:\/\/cronicahd.ro\/?p=12475#primaryimage"},"thumbnailUrl":"https:\/\/cronicahd.ro\/wp-content\/uploads\/2026\/09\/images.jpg","articleSection":["Actualitate","Administratie"],"inLanguage":"ro-RO"},{"@type":"WebPage","@id":"https:\/\/cronicahd.ro\/?p=12475","url":"https:\/\/cronicahd.ro\/?p=12475","name":"C\u00e2t vor pl\u0103ti hunedorenii pentru cursurile de art\u0103 \u0219i vizitarea obiectivelor culturale - Cronica de Hunedoara","isPartOf":{"@id":"https:\/\/cronicahd.ro\/#website"},"primaryImageOfPage":{"@id":"https:\/\/cronicahd.ro\/?p=12475#primaryimage"},"image":{"@id":"https:\/\/cronicahd.ro\/?p=12475#primaryimage"},"thumbnailUrl":"https:\/\/cronicahd.ro\/wp-content\/uploads\/2026\/09\/images.jpg","datePublished":"2026-09-01T13:27:23+00:00","dateModified":"2026-09-01T13:28:38+00:00","breadcrumb":{"@id":"https:\/\/cronicahd.ro\/?p=12475#breadcrumb"},"inLanguage":"ro-RO","potentialAction":[{"@type":"ReadAction","target":["https:\/\/cronicahd.ro\/?p=12475"]}]},{"@type":"ImageObject","inLanguage":"ro-RO","@id":"https:\/\/cronicahd.ro\/?p=12475#primaryimage","url":"https:\/\/cronicahd.ro\/wp-content\/uploads\/2026\/09\/images.jpg","contentUrl":"https:\/\/cronicahd.ro\/wp-content\/uploads\/2026\/09\/images.jpg","width":645,"height":310},{"@type":"BreadcrumbList","@id":"https:\/\/cronicahd.ro\/?p=12475#breadcrumb","itemListElement":[{"@type":"ListItem","position":1,"name":"Prima pagin\u0103","item":"https:\/\/cronicahd.ro\/"},{"@type":"ListItem","position":2,"name":"C\u00e2t vor pl\u0103ti hunedorenii pentru cursurile de art\u0103 \u0219i vizitarea obiectivelor culturale"}]},{"@type":"WebSite","@id":"https:\/\/cronicahd.ro\/#website","url":"https:\/\/cronicahd.ro\/","name":"Cronica de Hunedoara","description":"","publisher":{"@id":"https:\/\/cronicahd.ro\/#organization"},"potentialAction":[{"@type":"SearchAction","target":{"@type":"EntryPoint","urlTemplate":"https:\/\/cronicahd.ro\/?s={search_term_string}"},"query-input":{"@type":"PropertyValueSpecification","valueRequired":true,"valueName":"search_term_string"}}],"inLanguage":"ro-RO"},{"@type":"Organization","@id":"https:\/\/cronicahd.ro\/#organization","name":"Cronica de Hunedoara","url":"https:\/\/cronicahd.ro\/","logo":{"@type":"ImageObject","inLanguage":"ro-RO","@id":"https:\/\/cronicahd.ro\/#\/schema\/logo\/image\/","url":"https:\/\/cronicahd.ro\/wp-content\/uploads\/2026\/03\/cropped-crh.jpg","contentUrl":"https:\/\/cronicahd.ro\/wp-content\/uploads\/2026\/03\/cropped-crh.jpg","width":1437,"height":327,"caption":"Cronica de Hunedoara"},"image":{"@id":"https:\/\/cronicahd.ro\/#\/schema\/logo\/image\/"}},{"@type":"Person","@id":"https:\/\/cronicahd.ro\/#\/schema\/person\/d1a1277a8cd166610328e17aaf58bf46","name":"admin","image":{"@type":"ImageObject","inLanguage":"ro-RO","@id":"https:\/\/cronicahd.ro\/#\/schema\/person\/image\/","url":"https:\/\/secure.gravatar.com\/avatar\/24700337280d10898c2e0d19d44a05316bff9fccc941ecc5570ffe41668203f7?s=96&d=mm&r=g","contentUrl":"https:\/\/secure.gravatar.com\/avatar\/24700337280d10898c2e0d19d44a05316bff9fccc941ecc5570ffe41668203f7?s=96&d=mm&r=g","caption":"admin"},"sameAs":["https:\/\/cronicavj.ro"],"url":"https:\/\/cronicahd.ro\/?author=1"}]}},"_links":{"self":[{"href":"https:\/\/cronicahd.ro\/index.php?rest_route=\/wp\/v2\/posts\/12475","targetHints":{"allow":["GET"]}}],"collection":[{"href":"https:\/\/cronicahd.ro\/index.php?rest_route=\/wp\/v2\/posts"}],"about":[{"href":"https:\/\/cronicahd.ro\/index.php?rest_route=\/wp\/v2\/types\/post"}],"author":[{"embeddable":true,"href":"https:\/\/cronicahd.ro\/index.php?rest_route=\/wp\/v2\/users\/1"}],"replies":[{"embeddable":true,"href":"https:\/\/cronicahd.ro\/index.php?rest_route=%2Fwp%2Fv2%2Fcomments&post=12475"}],"version-history":[{"count":1,"href":"https:\/\/cronicahd.ro\/index.php?rest_route=\/wp\/v2\/posts\/12475\/revisions"}],"predecessor-version":[{"id":12476,"href":"https:\/\/cronicahd.ro\/index.php?rest_route=\/wp\/v2\/posts\/12475\/revisions\/12476"}],"wp:featuredmedia":[{"embeddable":true,"href":"https:\/\/cronicahd.ro\/index.php?rest_route=\/wp\/v2\/media\/12477"}],"wp:attachment":[{"href":"https:\/\/cronicahd.ro\/index.php?rest_route=%2Fwp%2Fv2%2Fmedia&parent=12475"}],"wp:term":[{"taxonomy":"category","embeddable":true,"href":"https:\/\/cronicahd.ro\/index.php?rest_route=%2Fwp%2Fv2%2Fcategories&post=12475"},{"taxonomy":"post_tag","embeddable":true,"href":"https:\/\/cronicahd.ro\/index.php?rest_route=%2Fwp%2Fv2%2Ftags&post=12475"}],"curies":[{"name":"wp","href":"https:\/\/api.w.org\/{rel}","templated":true}]}}