{"id":12460,"date":"2026-08-31T17:49:50","date_gmt":"2026-08-31T17:49:50","guid":{"rendered":"https:\/\/cronicahd.ro\/?p=12460"},"modified":"2026-08-31T17:49:50","modified_gmt":"2026-08-31T17:49:50","slug":"ziua-limbii-romane-marcata-la-biblioteca-judeteana-ovid-densusianu-hunedoara-deva","status":"publish","type":"post","link":"https:\/\/cronicahd.ro\/?p=12460","title":{"rendered":"Ziua Limbii Rom\u00e2ne marcat\u0103 la Biblioteca Jude\u021bean\u0103 \u201eOvid Densusianu\u201d Hunedoara &#8211; Deva"},"content":{"rendered":"<p class=\"s5\">\n<p class=\"s7\">Biblioteca Jude\u021bean\u0103 \u201eOvid Densusianu\u201d Hunedoara &#8211; Deva, cu sprijinul Consiliului Jude\u021bean Hunedoara, a organizat \u00een ziua de 31 august 2026, la Sala de Lectur\u0103, manifestarea tradi\u021bional\u0103 dedicat\u0103 Zilei Limbii Rom\u00e2ne<\/p>\n<p><img loading=\"lazy\" decoding=\"async\" class=\"alignnone size-full wp-image-12461\" src=\"https:\/\/cronicahd.ro\/wp-content\/uploads\/2026\/08\/IMG_8839.jpeg\" alt=\"\" width=\"1200\" height=\"800\" srcset=\"https:\/\/cronicahd.ro\/wp-content\/uploads\/2026\/08\/IMG_8839.jpeg 1200w, https:\/\/cronicahd.ro\/wp-content\/uploads\/2026\/08\/IMG_8839-300x200.jpeg 300w, https:\/\/cronicahd.ro\/wp-content\/uploads\/2026\/08\/IMG_8839-1024x683.jpeg 1024w, https:\/\/cronicahd.ro\/wp-content\/uploads\/2026\/08\/IMG_8839-768x512.jpeg 768w\" sizes=\"auto, (max-width: 1200px) 100vw, 1200px\" \/> <img loading=\"lazy\" decoding=\"async\" class=\"alignnone size-full wp-image-12462\" src=\"https:\/\/cronicahd.ro\/wp-content\/uploads\/2026\/08\/IMG_8838.jpeg\" alt=\"\" width=\"1200\" height=\"800\" srcset=\"https:\/\/cronicahd.ro\/wp-content\/uploads\/2026\/08\/IMG_8838.jpeg 1200w, https:\/\/cronicahd.ro\/wp-content\/uploads\/2026\/08\/IMG_8838-300x200.jpeg 300w, https:\/\/cronicahd.ro\/wp-content\/uploads\/2026\/08\/IMG_8838-1024x683.jpeg 1024w, https:\/\/cronicahd.ro\/wp-content\/uploads\/2026\/08\/IMG_8838-768x512.jpeg 768w\" sizes=\"auto, (max-width: 1200px) 100vw, 1200px\" \/> <img loading=\"lazy\" decoding=\"async\" class=\"alignnone size-full wp-image-12463\" src=\"https:\/\/cronicahd.ro\/wp-content\/uploads\/2026\/08\/IMG_8837.jpeg\" alt=\"\" width=\"640\" height=\"960\" srcset=\"https:\/\/cronicahd.ro\/wp-content\/uploads\/2026\/08\/IMG_8837.jpeg 640w, https:\/\/cronicahd.ro\/wp-content\/uploads\/2026\/08\/IMG_8837-200x300.jpeg 200w\" sizes=\"auto, (max-width: 640px) 100vw, 640px\" \/><\/p>\n<p class=\"s9\"><span class=\"s8\"><span class=\"bumpedFont15\">\u00cen deschiderea evenimentului, \u00eendr\u0103gitul artist Cristian Fodor a intonat Imnul de Stat al Rom\u00e2niei.<\/span><\/span><\/p>\n<p>Moderatoarea acestei \u00eent\u00e2lniri a fost distinsa poet\u0103 Paulina Popa.<\/p>\n<p class=\"s9\"><span class=\"s11\"><span class=\"bumpedFont15\">La \u00eent\u00e2lnire au luat cuv\u00e2ntul cei mai cunoscu\u021bi \u0219i mai \u00eendr\u0103gi\u021bi scriitori \u0219i autori hunedoreni: <\/span><\/span><span class=\"s8\"><span class=\"bumpedFont15\">Camelia Ar<\/span><\/span><span class=\"s8\"><span class=\"bumpedFont15\">delean, <\/span><\/span><span class=\"s8\"><span class=\"bumpedFont15\">Marioara Ardelean, <\/span><\/span><span class=\"s8\"><span class=\"bumpedFont15\">Mihai Barbu, Dumitru Bu\u021boi, <\/span><\/span><span class=\"s8\"><span class=\"bumpedFont15\">Mirela Cocheci, <\/span><\/span><span class=\"s8\"><span class=\"bumpedFont15\">Marcela Constantinescu, Raul Constantinescu, Simona Cozma, Nicolae Crepcia, <\/span><\/span><span class=\"s8\"><span class=\"bumpedFont15\">Ianina-Ulpia Cup\u0219an Morar, Gelu Dobrescu, Dumitru Dumitrescu, <\/span><\/span><span class=\"s8\"><span class=\"bumpedFont15\">Florin Faur, <\/span><\/span><span class=\"s8\"><span class=\"bumpedFont15\">Nora Hruban, <\/span><\/span><span class=\"s8\"><span class=\"bumpedFont15\">Radu Igna, <\/span><\/span><span class=\"s8\"><span class=\"bumpedFont15\">Virgil Iovi\u021ba, <\/span><\/span><span class=\"s8\"><span class=\"bumpedFont15\">Dorina Br\u00e2ndu\u0219a Landen, <\/span><\/span><span class=\"s8\"><span class=\"bumpedFont15\">Daniel Marian, Maria Moise, <\/span><\/span><span class=\"s8\"><span class=\"bumpedFont15\">Ileana <\/span><\/span><span class=\"s8\"><span class=\"bumpedFont15\">Cornelia Neaga, Dorel Neam\u021bu, <\/span><\/span><span class=\"s8\"><span class=\"bumpedFont15\">Elena Petru\u021b, Carmen Pinte, <\/span><\/span><span class=\"s8\"><span class=\"bumpedFont15\">Gheorghe Pop, <\/span><\/span><span class=\"s8\"><span class=\"bumpedFont15\">Maria Popa, <\/span><\/span><span class=\"s8\"><span class=\"bumpedFont15\">Maria S\u00e2ngerean, Aurelian S\u00e2rbu, Constantin Stancu, <\/span><\/span><span class=\"s8\"><span class=\"bumpedFont15\">Dumitru T\u00e2lvescu, <\/span><\/span><span class=\"s8\"><span class=\"bumpedFont15\">Dumitru Tuhu\u021b, Tiberiu Vin\u021ban.<\/span><\/span><\/p>\n<p><img loading=\"lazy\" decoding=\"async\" class=\"alignnone size-full wp-image-12461\" src=\"https:\/\/cronicahd.ro\/wp-content\/uploads\/2026\/08\/IMG_8839.jpeg\" alt=\"\" width=\"1200\" height=\"800\" srcset=\"https:\/\/cronicahd.ro\/wp-content\/uploads\/2026\/08\/IMG_8839.jpeg 1200w, https:\/\/cronicahd.ro\/wp-content\/uploads\/2026\/08\/IMG_8839-300x200.jpeg 300w, https:\/\/cronicahd.ro\/wp-content\/uploads\/2026\/08\/IMG_8839-1024x683.jpeg 1024w, https:\/\/cronicahd.ro\/wp-content\/uploads\/2026\/08\/IMG_8839-768x512.jpeg 768w\" sizes=\"auto, (max-width: 1200px) 100vw, 1200px\" \/><\/p>\n<p class=\"s9\"><span class=\"s11\"><span class=\"bumpedFont15\">Fiecare dintre ei a avut cuvinte calde, de dragoste \u0219i apreciere fa\u021b\u0103 de limba rom\u00e2n\u0103, fiecare a dat glas acestor sentimente prin lecturi din propria oper\u0103 literar\u0103.<\/span><\/span><\/p>\n<p class=\"s7\"><span class=\"s11\"><span class=\"bumpedFont15\">Le suntem recunosc\u0103tori scriitorilor no\u0219tri prezen\u021bi la manifestare pentru tot ceea ce fac \u00eentru respectarea limbii noastre, pentru limba rom\u00e2n\u0103 curat\u0103 \u0219i frumoas\u0103 pe care o afl\u0103m \u00een paginile lor.<\/span><\/span><\/p>\n<p class=\"s7\"><span class=\"s8\"><span class=\"bumpedFont15\">Fiecare sf\u00e2r\u0219it de august ne aduce \u00eempreun\u0103 pentru ca, la final de var\u0103 calendaristic\u0103, s\u0103 cinstim limba rom\u00e2n\u0103 \u00een aceast\u0103 zi dedicat\u0103 ei. Ne<\/span><\/span><span class=\"s8\"><span class=\"bumpedFont15\">-am<\/span><\/span><span class=\"s8\"><span class=\"bumpedFont15\"> \u00eent\u00e2lni<\/span><\/span><span class=\"s8\"><span class=\"bumpedFont15\">t<\/span><\/span><span class=\"s8\"><span class=\"bumpedFont15\">sub semnul at\u00e2t de bine cunoscutelor cuvinte ale poetului Nichita St\u0103nescu, <\/span><\/span><span class=\"s4\"><span class=\"bumpedFont15\">Limba rom\u00e2n\u0103 este patria mea<\/span><\/span><span class=\"s8\"><span class=\"bumpedFont15\">. <\/span><\/span><\/p>\n<p class=\"s7\"><span class=\"s8\"><span class=\"bumpedFont15\">Aceast\u0103 minunat\u0103 declara\u021bie de dragoste pentru limba noastr\u0103, pentru limba rom\u00e2n\u0103<\/span><\/span><span class=\"s8\"><span class=\"bumpedFont15\">,<\/span><\/span><span class=\"s8\"><span class=\"bumpedFont15\"> care este \u201eo comoar\u0103 \u00een ad\u00e2ncuri \u00eenfu<\/span><\/span><span class=\"s8\"><span class=\"bumpedFont15\">ndat\u0103\u201d, a adus ast\u0103zi aici, la Biblioteca J<\/span><\/span><span class=\"s8\"><span class=\"bumpedFont15\">ude\u021bean\u0103, un num\u0103r mare de mae\u0219tri ai slovei, scriitori, dar \u0219i iubitori ai limbii rom\u00e2ne, <\/span><\/span><span class=\"s8\"><span class=\"bumpedFont15\">prieteni buni ai bibliotecii<\/span><\/span><span class=\"s8\"><span class=\"bumpedFont15\"> noastre. <\/span><\/span><\/p>\n<p class=\"s7\"><span class=\"s8\"><span class=\"bumpedFont15\">Chiar dac\u0103, \u00eencep\u00e2nd cu anul 2013, limba rom\u00e2n\u0103 <\/span><\/span><span class=\"s8\"><span class=\"bumpedFont15\">are o zi a ei special\u0103<\/span><\/span><span class=\"s8\"><span class=\"bumpedFont15\">, noi o cinstim \u00een fiecare zi \u0219i \u00eei ar\u0103t\u0103m respectul pe care \u00eel merit\u0103. Iar ast\u0103zi ne-am \u00eent\u00e2lnit tocmai pentru a concretiza aceast\u0103 dragoste pentru limba rom\u00e2n\u0103, a<\/span><\/span><span class=\"s10\"><span class=\"bumpedFont15\">ceast\u0103 adev\u0103rat\u0103 ancor\u0103 spiritual\u0103 <\/span><\/span><span class=\"s10\"><span class=\"bumpedFont15\">pe care ea o reprezint\u0103 pentru oricine simte rom\u00e2ne\u0219te. <\/span><\/span><span class=\"s10\"><span class=\"bumpedFont15\">\u0218i, \u00een acela\u0219i timp, suntem profund recunosc\u0103tori fa\u021b\u0103 de to\u021bi cei care au creat aceast\u0103 limb\u0103 \u201eca un fagure de miere\u201d, cum o numea marele Eminescu. <\/span><\/span><\/p>\n<p class=\"s7\"><span class=\"s10\"><span class=\"bumpedFont15\">Sim\u021bim \u0219i ne bucur\u0103m de<\/span><\/span><span class=\"s10\"><span class=\"bumpedFont15\"> dulcea\u021ba limbii noastre datorit\u0103 str\u0103daniei permanente a unui lung \u0219ir de scriitori, <\/span><\/span><span class=\"s10\"><span class=\"bumpedFont15\">oameni de cultur\u0103, dasc\u0103li, fe\u021be biserice\u0219ti <\/span><\/span><span class=\"s10\"><span class=\"bumpedFont15\">care au cizelat limba noastr\u0103 \u0219i i-au ar\u0103tat \u00eentregul ei farmec. De aceea, ne putem pune fireasca \u00eentrebare <\/span><\/span><span class=\"s10\"><span class=\"bumpedFont15\">de ce a fost nevoie de o zi special\u0103 de <\/span><\/span><span class=\"s10\"><span class=\"bumpedFont15\">cinstire <\/span><\/span><span class=\"s10\"><span class=\"bumpedFont15\">a limbii rom\u00e2ne de vreme ce <\/span><\/span><span class=\"s10\"><span class=\"bumpedFont15\">ea este at\u00e2t de bine pus\u0103 \u00een valoare de oamenii de cultur\u0103, de dasc\u0103li \u0219i oameni de litere. <\/span><\/span><\/p>\n<p class=\"s7\"><span class=\"s10\"><span class=\"bumpedFont15\">Principalul motiv \u00eel reprezint\u0103 faptul c\u0103 limba noastr\u0103, asemenea tuturor limbilor din lume, face parte din patrimoniul spiritual al na\u021biunii \u0219i este u<\/span><\/span><span class=\"s10\"><span class=\"bumpedFont15\">nul dintre principalii factori ai<\/span><\/span><span class=\"s10\"><span class=\"bumpedFont15\"> d\u0103inuir<\/span><\/span><span class=\"s10\"><span class=\"bumpedFont15\">ii<\/span><\/span><span class=\"s10\"><span class=\"bumpedFont15\"> unui popor. Limba rom\u00e2n\u0103, o limb\u0103 str\u0103veche, de o mare bog\u0103\u021bie, <\/span><\/span><span class=\"s10\"><span class=\"bumpedFont15\">cu o armonie extraordinar\u0103<\/span><\/span><span class=\"s10\"><span class=\"bumpedFont15\">,<\/span><\/span><span class=\"s10\"><span class=\"bumpedFont15\"> face parte din comoara noastr\u0103 spiritual\u0103. <\/span><\/span><\/p>\n<p class=\"s9\"><span class=\"s10\"><span class=\"bumpedFont15\">Toate acestea sunt <\/span><\/span><span class=\"s10\"><span class=\"bumpedFont15\">tot at\u00e2tea <\/span><\/span><span class=\"s10\"><span class=\"bumpedFont15\">argumente <\/span><\/span><span class=\"s10\"><span class=\"bumpedFont15\">menite s\u0103 justifice dedicarea unei zile speciale limbii rom\u00e2ne. <\/span><\/span><span class=\"s10\"><span class=\"bumpedFont15\">\u00cen plus, limba rom\u00e2n\u0103 este limba care une\u0219te locuitorii de pe cele dou\u0103 maluri ale Prutului, este una \u0219i aceea\u0219i limb\u0103 vorbit\u0103 la Bucure\u0219ti \u0219i la C<\/span><\/span><span class=\"s10\"><span class=\"bumpedFont15\">h<\/span><\/span><span class=\"s10\"><span class=\"bumpedFont15\">i\u0219in\u0103u, este liantul care face ca \u021b\u0103rile noastre s\u0103 se simt\u0103 cu adev\u0103rat \u021b\u0103ri-surori. <\/span><\/span><\/p>\n<p class=\"s9\"><span class=\"s10\"><span class=\"bumpedFont15\">Tr\u0103im timpuri <\/span><\/span><span class=\"s10\"><span class=\"bumpedFont15\">complicate, <\/span><\/span><span class=\"s10\"><span class=\"bumpedFont15\">deloc u\u0219oare, \u00een care limba rom\u00e2n\u0103 pare c\u0103 este \u0219i ea \u00een suferin\u021b\u0103. Constat\u0103m \u00een fiecare zi <\/span><\/span><span class=\"s10\"><span class=\"bumpedFont15\">c\u0103 se vorbe\u0219te tot mai ne\u00eengrijit, <\/span><\/span><span class=\"s10\"><span class=\"bumpedFont15\">mai neglijent, <\/span><\/span><span class=\"s10\"><span class=\"bumpedFont15\">c\u0103 <\/span><\/span><span class=\"s10\"><span class=\"bumpedFont15\">reguli elementare de gramatic\u0103 sunt ignorate \u0219i asist\u0103m la dureroase lu\u0103ri de pozi\u021bie ale unor intelectuali de prestigiu fa\u021b\u0103 de acest fenomen. <\/span><\/span><\/p>\n<p class=\"s9\"><span class=\"s10\"><span class=\"bumpedFont15\">\u0218i<\/span><\/span><span class=\"s10\"><span class=\"bumpedFont15\"> a\u0219 da doar exemplu constat\u0103rile triste fa\u021b\u0103 de suferin\u021ba limbii rom\u00e2ne pe care le face <\/span><\/span><span class=\"s10\"><span class=\"bumpedFont15\">academicianul Io<\/span><\/span><span class=\"s10\"><span class=\"bumpedFont15\">a<\/span><\/span><span class=\"s10\"><span class=\"bumpedFont15\">n Aurel Pop. <\/span><\/span><span class=\"s10\"><span class=\"bumpedFont15\">T<\/span><\/span><span class=\"s10\"><span class=\"bumpedFont15\">rebuie<\/span><\/span><span class=\"s10\"><span class=\"bumpedFont15\">, totu\u0219i, <\/span><\/span><span class=\"s10\"><span class=\"bumpedFont15\">s\u0103 fim \u00eencredin\u021ba\u021bi c\u0103 <\/span><\/span><span class=\"s10\"><span class=\"bumpedFont15\">limba rom\u00e2n\u0103 va putea s\u0103 dep\u0103\u0219easc\u0103 acest impas \u0219i \u00ee\u0219i va p\u0103stra mereu <\/span><\/span><span class=\"s10\"><span class=\"bumpedFont15\">proaspete <\/span><\/span><span class=\"s10\"><span class=\"bumpedFont15\">frumuse\u021bea, bog\u0103\u021bia \u0219i armonia. <\/span><\/span><span class=\"s10\"><span class=\"bumpedFont15\">Manifest\u0103ri precum <\/span><\/span><span class=\"s10\"><span class=\"bumpedFont15\">aceasta a noastr\u0103 sunt menite s\u0103 dea o gur\u0103 de aer proasp\u0103t <\/span><\/span><span class=\"s10\"><span class=\"bumpedFont15\">limbii rom\u00e2ne pe care o iubim, o respect\u0103m \u0219i o dorim c\u00e2t mai str\u0103lucitoare \u00eentre limbile lumii. <\/span><\/span><span class=\"s10\"><span class=\"bumpedFont15\">Nu trebuie s\u0103 uit\u0103m niciodat\u0103 testamentul poe\u021bilor v\u0103c\u0103re\u0219ti care ne-au l\u0103sat \u201emo\u0219tenire<\/span><\/span><span class=\"s10\"><span class=\"bumpedFont15\">: cre\u0219terea limbei rom\u00e2ne\u0219ti \u0219<\/span><\/span><span class=\"s10\"><span class=\"bumpedFont15\">-a patriei cinstire\u201d. \u00a0<\/span><\/span><\/p>\n<p class=\"s9\"><span class=\"s10\"><span class=\"bumpedFont15\">Ne-am<\/span><\/span><span class=\"s10\"><span class=\"bumpedFont15\"> bucur<\/span><\/span><span class=\"s10\"><span class=\"bumpedFont15\">at <\/span><\/span><span class=\"s10\"><span class=\"bumpedFont15\">s\u0103 v<\/span><\/span><span class=\"s10\"><span class=\"bumpedFont15\">edem<\/span><\/span><span class=\"s10\"><span class=\"bumpedFont15\"> aici<\/span><\/span><span class=\"s10\"><span class=\"bumpedFont15\">, la Sala de Lectur\u0103,<\/span><\/span><span class=\"s10\"><span class=\"bumpedFont15\">at\u00e2t de mul\u021bi <\/span><\/span><span class=\"s10\"><span class=\"bumpedFont15\">prieteni ai bibliotecii, oameni de litere preocupa\u021bi <\/span><\/span><span class=\"s10\"><span class=\"bumpedFont15\">de <\/span><\/span><span class=\"s10\"><span class=\"bumpedFont15\">cultivarea \u00eentregii bog\u0103\u021bii a frumoasei noastre limbi rom\u00e2ne. <\/span><\/span><\/p>\n<p class=\"s12\"><span class=\"s10\"><span class=\"bumpedFont15\">Le-am mul\u021bumit<\/span><\/span><span class=\"s10\"><span class=\"bumpedFont15\"> pentru c\u0103 <\/span><\/span><span class=\"s10\"><span class=\"bumpedFont15\">au fost<\/span><\/span><span class=\"s10\"><span class=\"bumpedFont15\"> ast\u0103zi al\u0103turi de noi \u0219i<\/span><\/span><span class=\"s10\"><span class=\"bumpedFont15\">, cu siguran\u021b\u0103,<\/span><\/span><span class=\"s10\"><span class=\"bumpedFont15\"> v<\/span><\/span><span class=\"s10\"><span class=\"bumpedFont15\">or<\/span><\/span><span class=\"s10\"><span class=\"bumpedFont15\"> fi mereu oaspe\u021bii no\u0219tri dragi \u00een orice demers cultural menit s\u0103 apere \u0219i s\u0103 onoreze limba rom\u00e2n\u0103. <\/span><\/span><\/p>\n<p class=\"s13\"><span class=\"s10\"><span class=\"bumpedFont15\">Manager,<\/span><\/span><\/p>\n<p class=\"s13\"><span class=\"s10\"><span class=\"bumpedFont15\">Ioan Sebastian Bara<\/span><\/span><\/p>\n","protected":false},"excerpt":{"rendered":"<p>Biblioteca Jude\u021bean\u0103 \u201eOvid Densusianu\u201d Hunedoara &#8211; Deva, cu sprijinul Consiliului Jude\u021bean Hunedoara, a organizat \u00een&#8230;<\/p>\n","protected":false},"author":1,"featured_media":12462,"comment_status":"closed","ping_status":"closed","sticky":false,"template":"","format":"standard","meta":{"footnotes":""},"categories":[1,17],"tags":[],"class_list":["post-12460","post","type-post","status-publish","format-standard","has-post-thumbnail","hentry","category-actual","category-cultura"],"yoast_head":"<!-- This site is optimized with the Yoast SEO plugin v25.3.1 - https:\/\/yoast.com\/wordpress\/plugins\/seo\/ -->\n<title>Ziua Limbii Rom\u00e2ne marcat\u0103 la Biblioteca Jude\u021bean\u0103 \u201eOvid Densusianu\u201d Hunedoara - Deva - Cronica de Hunedoara<\/title>\n<meta name=\"robots\" content=\"index, follow, max-snippet:-1, max-image-preview:large, max-video-preview:-1\" \/>\n<link rel=\"canonical\" href=\"https:\/\/cronicahd.ro\/?p=12460\" \/>\n<meta property=\"og:locale\" content=\"ro_RO\" \/>\n<meta property=\"og:type\" content=\"article\" \/>\n<meta property=\"og:title\" content=\"Ziua Limbii Rom\u00e2ne marcat\u0103 la Biblioteca Jude\u021bean\u0103 \u201eOvid Densusianu\u201d Hunedoara - Deva - Cronica de Hunedoara\" \/>\n<meta property=\"og:description\" content=\"Biblioteca Jude\u021bean\u0103 \u201eOvid Densusianu\u201d Hunedoara &#8211; Deva, cu sprijinul Consiliului Jude\u021bean Hunedoara, a organizat \u00een...\" \/>\n<meta property=\"og:url\" content=\"https:\/\/cronicahd.ro\/?p=12460\" \/>\n<meta property=\"og:site_name\" content=\"Cronica de Hunedoara\" \/>\n<meta property=\"article:published_time\" content=\"2026-08-31T17:49:50+00:00\" \/>\n<meta property=\"og:image\" content=\"https:\/\/cronicahd.ro\/wp-content\/uploads\/2026\/08\/IMG_8838.jpeg\" \/>\n\t<meta property=\"og:image:width\" content=\"1200\" \/>\n\t<meta property=\"og:image:height\" content=\"800\" \/>\n\t<meta property=\"og:image:type\" content=\"image\/jpeg\" \/>\n<meta name=\"author\" content=\"admin\" \/>\n<meta name=\"twitter:card\" content=\"summary_large_image\" \/>\n<meta name=\"twitter:label1\" content=\"Scris de\" \/>\n\t<meta name=\"twitter:data1\" content=\"admin\" \/>\n\t<meta name=\"twitter:label2\" content=\"Timp estimat pentru citire\" \/>\n\t<meta name=\"twitter:data2\" content=\"5 minute\" \/>\n<script type=\"application\/ld+json\" class=\"yoast-schema-graph\">{\"@context\":\"https:\/\/schema.org\",\"@graph\":[{\"@type\":\"Article\",\"@id\":\"https:\/\/cronicahd.ro\/?p=12460#article\",\"isPartOf\":{\"@id\":\"https:\/\/cronicahd.ro\/?p=12460\"},\"author\":{\"name\":\"admin\",\"@id\":\"https:\/\/cronicahd.ro\/#\/schema\/person\/d1a1277a8cd166610328e17aaf58bf46\"},\"headline\":\"Ziua Limbii Rom\u00e2ne marcat\u0103 la Biblioteca Jude\u021bean\u0103 \u201eOvid Densusianu\u201d Hunedoara &#8211; Deva\",\"datePublished\":\"2026-08-31T17:49:50+00:00\",\"mainEntityOfPage\":{\"@id\":\"https:\/\/cronicahd.ro\/?p=12460\"},\"wordCount\":897,\"publisher\":{\"@id\":\"https:\/\/cronicahd.ro\/#organization\"},\"image\":{\"@id\":\"https:\/\/cronicahd.ro\/?p=12460#primaryimage\"},\"thumbnailUrl\":\"https:\/\/cronicahd.ro\/wp-content\/uploads\/2026\/08\/IMG_8838.jpeg\",\"articleSection\":[\"Actualitate\",\"cultura\"],\"inLanguage\":\"ro-RO\"},{\"@type\":\"WebPage\",\"@id\":\"https:\/\/cronicahd.ro\/?p=12460\",\"url\":\"https:\/\/cronicahd.ro\/?p=12460\",\"name\":\"Ziua Limbii Rom\u00e2ne marcat\u0103 la Biblioteca Jude\u021bean\u0103 \u201eOvid Densusianu\u201d Hunedoara - Deva - Cronica de Hunedoara\",\"isPartOf\":{\"@id\":\"https:\/\/cronicahd.ro\/#website\"},\"primaryImageOfPage\":{\"@id\":\"https:\/\/cronicahd.ro\/?p=12460#primaryimage\"},\"image\":{\"@id\":\"https:\/\/cronicahd.ro\/?p=12460#primaryimage\"},\"thumbnailUrl\":\"https:\/\/cronicahd.ro\/wp-content\/uploads\/2026\/08\/IMG_8838.jpeg\",\"datePublished\":\"2026-08-31T17:49:50+00:00\",\"breadcrumb\":{\"@id\":\"https:\/\/cronicahd.ro\/?p=12460#breadcrumb\"},\"inLanguage\":\"ro-RO\",\"potentialAction\":[{\"@type\":\"ReadAction\",\"target\":[\"https:\/\/cronicahd.ro\/?p=12460\"]}]},{\"@type\":\"ImageObject\",\"inLanguage\":\"ro-RO\",\"@id\":\"https:\/\/cronicahd.ro\/?p=12460#primaryimage\",\"url\":\"https:\/\/cronicahd.ro\/wp-content\/uploads\/2026\/08\/IMG_8838.jpeg\",\"contentUrl\":\"https:\/\/cronicahd.ro\/wp-content\/uploads\/2026\/08\/IMG_8838.jpeg\",\"width\":1200,\"height\":800},{\"@type\":\"BreadcrumbList\",\"@id\":\"https:\/\/cronicahd.ro\/?p=12460#breadcrumb\",\"itemListElement\":[{\"@type\":\"ListItem\",\"position\":1,\"name\":\"Prima pagin\u0103\",\"item\":\"https:\/\/cronicahd.ro\/\"},{\"@type\":\"ListItem\",\"position\":2,\"name\":\"Ziua Limbii Rom\u00e2ne marcat\u0103 la Biblioteca Jude\u021bean\u0103 \u201eOvid Densusianu\u201d Hunedoara &#8211; Deva\"}]},{\"@type\":\"WebSite\",\"@id\":\"https:\/\/cronicahd.ro\/#website\",\"url\":\"https:\/\/cronicahd.ro\/\",\"name\":\"Cronica de Hunedoara\",\"description\":\"\",\"publisher\":{\"@id\":\"https:\/\/cronicahd.ro\/#organization\"},\"potentialAction\":[{\"@type\":\"SearchAction\",\"target\":{\"@type\":\"EntryPoint\",\"urlTemplate\":\"https:\/\/cronicahd.ro\/?s={search_term_string}\"},\"query-input\":{\"@type\":\"PropertyValueSpecification\",\"valueRequired\":true,\"valueName\":\"search_term_string\"}}],\"inLanguage\":\"ro-RO\"},{\"@type\":\"Organization\",\"@id\":\"https:\/\/cronicahd.ro\/#organization\",\"name\":\"Cronica de Hunedoara\",\"url\":\"https:\/\/cronicahd.ro\/\",\"logo\":{\"@type\":\"ImageObject\",\"inLanguage\":\"ro-RO\",\"@id\":\"https:\/\/cronicahd.ro\/#\/schema\/logo\/image\/\",\"url\":\"https:\/\/cronicahd.ro\/wp-content\/uploads\/2026\/03\/cropped-crh.jpg\",\"contentUrl\":\"https:\/\/cronicahd.ro\/wp-content\/uploads\/2026\/03\/cropped-crh.jpg\",\"width\":1437,\"height\":327,\"caption\":\"Cronica de Hunedoara\"},\"image\":{\"@id\":\"https:\/\/cronicahd.ro\/#\/schema\/logo\/image\/\"}},{\"@type\":\"Person\",\"@id\":\"https:\/\/cronicahd.ro\/#\/schema\/person\/d1a1277a8cd166610328e17aaf58bf46\",\"name\":\"admin\",\"image\":{\"@type\":\"ImageObject\",\"inLanguage\":\"ro-RO\",\"@id\":\"https:\/\/cronicahd.ro\/#\/schema\/person\/image\/\",\"url\":\"https:\/\/secure.gravatar.com\/avatar\/24700337280d10898c2e0d19d44a05316bff9fccc941ecc5570ffe41668203f7?s=96&d=mm&r=g\",\"contentUrl\":\"https:\/\/secure.gravatar.com\/avatar\/24700337280d10898c2e0d19d44a05316bff9fccc941ecc5570ffe41668203f7?s=96&d=mm&r=g\",\"caption\":\"admin\"},\"sameAs\":[\"https:\/\/cronicavj.ro\"],\"url\":\"https:\/\/cronicahd.ro\/?author=1\"}]}<\/script>\n<!-- \/ Yoast SEO plugin. -->","yoast_head_json":{"title":"Ziua Limbii Rom\u00e2ne marcat\u0103 la Biblioteca Jude\u021bean\u0103 \u201eOvid Densusianu\u201d Hunedoara - Deva - Cronica de Hunedoara","robots":{"index":"index","follow":"follow","max-snippet":"max-snippet:-1","max-image-preview":"max-image-preview:large","max-video-preview":"max-video-preview:-1"},"canonical":"https:\/\/cronicahd.ro\/?p=12460","og_locale":"ro_RO","og_type":"article","og_title":"Ziua Limbii Rom\u00e2ne marcat\u0103 la Biblioteca Jude\u021bean\u0103 \u201eOvid Densusianu\u201d Hunedoara - Deva - Cronica de Hunedoara","og_description":"Biblioteca Jude\u021bean\u0103 \u201eOvid Densusianu\u201d Hunedoara &#8211; Deva, cu sprijinul Consiliului Jude\u021bean Hunedoara, a organizat \u00een...","og_url":"https:\/\/cronicahd.ro\/?p=12460","og_site_name":"Cronica de Hunedoara","article_published_time":"2026-08-31T17:49:50+00:00","og_image":[{"width":1200,"height":800,"url":"https:\/\/cronicahd.ro\/wp-content\/uploads\/2026\/08\/IMG_8838.jpeg","type":"image\/jpeg"}],"author":"admin","twitter_card":"summary_large_image","twitter_misc":{"Scris de":"admin","Timp estimat pentru citire":"5 minute"},"schema":{"@context":"https:\/\/schema.org","@graph":[{"@type":"Article","@id":"https:\/\/cronicahd.ro\/?p=12460#article","isPartOf":{"@id":"https:\/\/cronicahd.ro\/?p=12460"},"author":{"name":"admin","@id":"https:\/\/cronicahd.ro\/#\/schema\/person\/d1a1277a8cd166610328e17aaf58bf46"},"headline":"Ziua Limbii Rom\u00e2ne marcat\u0103 la Biblioteca Jude\u021bean\u0103 \u201eOvid Densusianu\u201d Hunedoara &#8211; Deva","datePublished":"2026-08-31T17:49:50+00:00","mainEntityOfPage":{"@id":"https:\/\/cronicahd.ro\/?p=12460"},"wordCount":897,"publisher":{"@id":"https:\/\/cronicahd.ro\/#organization"},"image":{"@id":"https:\/\/cronicahd.ro\/?p=12460#primaryimage"},"thumbnailUrl":"https:\/\/cronicahd.ro\/wp-content\/uploads\/2026\/08\/IMG_8838.jpeg","articleSection":["Actualitate","cultura"],"inLanguage":"ro-RO"},{"@type":"WebPage","@id":"https:\/\/cronicahd.ro\/?p=12460","url":"https:\/\/cronicahd.ro\/?p=12460","name":"Ziua Limbii Rom\u00e2ne marcat\u0103 la Biblioteca Jude\u021bean\u0103 \u201eOvid Densusianu\u201d Hunedoara - Deva - Cronica de Hunedoara","isPartOf":{"@id":"https:\/\/cronicahd.ro\/#website"},"primaryImageOfPage":{"@id":"https:\/\/cronicahd.ro\/?p=12460#primaryimage"},"image":{"@id":"https:\/\/cronicahd.ro\/?p=12460#primaryimage"},"thumbnailUrl":"https:\/\/cronicahd.ro\/wp-content\/uploads\/2026\/08\/IMG_8838.jpeg","datePublished":"2026-08-31T17:49:50+00:00","breadcrumb":{"@id":"https:\/\/cronicahd.ro\/?p=12460#breadcrumb"},"inLanguage":"ro-RO","potentialAction":[{"@type":"ReadAction","target":["https:\/\/cronicahd.ro\/?p=12460"]}]},{"@type":"ImageObject","inLanguage":"ro-RO","@id":"https:\/\/cronicahd.ro\/?p=12460#primaryimage","url":"https:\/\/cronicahd.ro\/wp-content\/uploads\/2026\/08\/IMG_8838.jpeg","contentUrl":"https:\/\/cronicahd.ro\/wp-content\/uploads\/2026\/08\/IMG_8838.jpeg","width":1200,"height":800},{"@type":"BreadcrumbList","@id":"https:\/\/cronicahd.ro\/?p=12460#breadcrumb","itemListElement":[{"@type":"ListItem","position":1,"name":"Prima pagin\u0103","item":"https:\/\/cronicahd.ro\/"},{"@type":"ListItem","position":2,"name":"Ziua Limbii Rom\u00e2ne marcat\u0103 la Biblioteca Jude\u021bean\u0103 \u201eOvid Densusianu\u201d Hunedoara &#8211; Deva"}]},{"@type":"WebSite","@id":"https:\/\/cronicahd.ro\/#website","url":"https:\/\/cronicahd.ro\/","name":"Cronica de Hunedoara","description":"","publisher":{"@id":"https:\/\/cronicahd.ro\/#organization"},"potentialAction":[{"@type":"SearchAction","target":{"@type":"EntryPoint","urlTemplate":"https:\/\/cronicahd.ro\/?s={search_term_string}"},"query-input":{"@type":"PropertyValueSpecification","valueRequired":true,"valueName":"search_term_string"}}],"inLanguage":"ro-RO"},{"@type":"Organization","@id":"https:\/\/cronicahd.ro\/#organization","name":"Cronica de Hunedoara","url":"https:\/\/cronicahd.ro\/","logo":{"@type":"ImageObject","inLanguage":"ro-RO","@id":"https:\/\/cronicahd.ro\/#\/schema\/logo\/image\/","url":"https:\/\/cronicahd.ro\/wp-content\/uploads\/2026\/03\/cropped-crh.jpg","contentUrl":"https:\/\/cronicahd.ro\/wp-content\/uploads\/2026\/03\/cropped-crh.jpg","width":1437,"height":327,"caption":"Cronica de Hunedoara"},"image":{"@id":"https:\/\/cronicahd.ro\/#\/schema\/logo\/image\/"}},{"@type":"Person","@id":"https:\/\/cronicahd.ro\/#\/schema\/person\/d1a1277a8cd166610328e17aaf58bf46","name":"admin","image":{"@type":"ImageObject","inLanguage":"ro-RO","@id":"https:\/\/cronicahd.ro\/#\/schema\/person\/image\/","url":"https:\/\/secure.gravatar.com\/avatar\/24700337280d10898c2e0d19d44a05316bff9fccc941ecc5570ffe41668203f7?s=96&d=mm&r=g","contentUrl":"https:\/\/secure.gravatar.com\/avatar\/24700337280d10898c2e0d19d44a05316bff9fccc941ecc5570ffe41668203f7?s=96&d=mm&r=g","caption":"admin"},"sameAs":["https:\/\/cronicavj.ro"],"url":"https:\/\/cronicahd.ro\/?author=1"}]}},"_links":{"self":[{"href":"https:\/\/cronicahd.ro\/index.php?rest_route=\/wp\/v2\/posts\/12460","targetHints":{"allow":["GET"]}}],"collection":[{"href":"https:\/\/cronicahd.ro\/index.php?rest_route=\/wp\/v2\/posts"}],"about":[{"href":"https:\/\/cronicahd.ro\/index.php?rest_route=\/wp\/v2\/types\/post"}],"author":[{"embeddable":true,"href":"https:\/\/cronicahd.ro\/index.php?rest_route=\/wp\/v2\/users\/1"}],"replies":[{"embeddable":true,"href":"https:\/\/cronicahd.ro\/index.php?rest_route=%2Fwp%2Fv2%2Fcomments&post=12460"}],"version-history":[{"count":1,"href":"https:\/\/cronicahd.ro\/index.php?rest_route=\/wp\/v2\/posts\/12460\/revisions"}],"predecessor-version":[{"id":12464,"href":"https:\/\/cronicahd.ro\/index.php?rest_route=\/wp\/v2\/posts\/12460\/revisions\/12464"}],"wp:featuredmedia":[{"embeddable":true,"href":"https:\/\/cronicahd.ro\/index.php?rest_route=\/wp\/v2\/media\/12462"}],"wp:attachment":[{"href":"https:\/\/cronicahd.ro\/index.php?rest_route=%2Fwp%2Fv2%2Fmedia&parent=12460"}],"wp:term":[{"taxonomy":"category","embeddable":true,"href":"https:\/\/cronicahd.ro\/index.php?rest_route=%2Fwp%2Fv2%2Fcategories&post=12460"},{"taxonomy":"post_tag","embeddable":true,"href":"https:\/\/cronicahd.ro\/index.php?rest_route=%2Fwp%2Fv2%2Ftags&post=12460"}],"curies":[{"name":"wp","href":"https:\/\/api.w.org\/{rel}","templated":true}]}}