{"id":12457,"date":"2026-08-31T14:56:58","date_gmt":"2026-08-31T14:56:58","guid":{"rendered":"https:\/\/cronicahd.ro\/?p=12457"},"modified":"2026-08-31T14:56:58","modified_gmt":"2026-08-31T14:56:58","slug":"minerul-lupeni-isi-asteapta-suporterii-in-tribuna-abonamente-pentru-intreg-sezonul-la-meciurile-de-acasa","status":"publish","type":"post","link":"https:\/\/cronicahd.ro\/?p=12457","title":{"rendered":"Minerul Lupeni \u00ee\u0219i a\u0219teapt\u0103 suporterii \u00een tribun\u0103. Abonamente pentru \u00eentreg sezonul la meciurile de acas\u0103"},"content":{"rendered":"<p>&nbsp;<\/p>\n<p>Suporterii echipei CS Minerul Lupeni au acum posibilitatea de a-\u0219i rezerva locul \u00een tribun\u0103 pentru \u00eentreg sezonul competi\u021bional. Ini\u021biativa vine \u00een \u00eent\u00e2mpinarea iubitorilor fotbalului din Lupeni care vor s\u0103 fie al\u0103turi de echipa favorit\u0103 la fiecare meci disputat pe teren propriu.<\/p>\n<p>Primarul municipiului Lupeni, Lucian Resmeri\u021b\u0103, anun\u021b\u0103 c\u0103, \u00eempreun\u0103 cu conducerea clubului, au fost stabilite abonamente care permit rezervarea unui loc \u00een tribun\u0103 pentru partidele de acas\u0103 ale Minerului.<\/p>\n<p>\u201eMinerul Lupeni este echipa noastr\u0103 de suflet! Ne bucur\u0103m de fotbal \u0219i ne dorim s\u0103 vedem meciurile echipei noastre din cel mai bun loc din tribun\u0103\u201d, transmite primarul Lucian Resmeri\u021b\u0103.<\/p>\n<p>Potrivit acestuia, abonamentele sunt disponibile la trei categorii de pre\u021b, respectiv 500 de lei, 300 de lei \u0219i 200 de lei, \u00een func\u021bie de locul rezervat. Acestea pot fi achizi\u021bionate de la stadion.<\/p>\n<p>Edilul spune c\u0103 a ales s\u0103 sus\u021bin\u0103 personal aceast\u0103 ini\u021biativ\u0103 \u0219i \u0219i-a rezervat deja un loc \u00een tribun\u0103 \u00eempreun\u0103 cu cei doi fii ai s\u0103i.<\/p>\n<p>\u201e\u00cempreun\u0103 cu cei doi b\u0103ie\u021bi ai mei, ne-am rezervat deja un astfel de loc \u0219i v\u0103 invit pe to\u021bi cei care iubi\u021bi Minerul Lupeni s\u0103 ne urma\u021bi exemplul.\u201d<\/p>\n<p>Mesajul primarului este unul adresat \u00eentregii comunit\u0103\u021bi din Lupeni, \u00een condi\u021biile \u00een care sus\u021binerea din tribune poate reprezenta un sprijin important pentru fotbali\u0219ti \u00een noul sezon.<\/p>\n<p>\u201eSus\u021binem Minerul Lupeni, ne bucur\u0103m de fotbal \u0219i avem, de acum, locul nostru \u00een tribun\u0103! HAI, MINERUL!\u201d, a mai transmis Lucian Resmeri\u021b\u0103.<\/p>\n<p>Pentru suporterii \u201elupilor\u201d din Lupeni, sezonul vine astfel \u0219i cu posibilitatea de a transforma fiecare meci de acas\u0103 \u00eentr-o \u00eent\u00e2lnire a comunit\u0103\u021bii, cu locul rezervat \u00een tribun\u0103 \u0219i cu echipa favorit\u0103 \u00een fa\u021ba propriilor suporteri.<\/p>\n","protected":false},"excerpt":{"rendered":"<p>&nbsp; Suporterii echipei CS Minerul Lupeni au acum posibilitatea de a-\u0219i rezerva locul \u00een tribun\u0103&#8230;<\/p>\n","protected":false},"author":1,"featured_media":12458,"comment_status":"closed","ping_status":"closed","sticky":false,"template":"","format":"standard","meta":{"footnotes":""},"categories":[1,9],"tags":[],"class_list":["post-12457","post","type-post","status-publish","format-standard","has-post-thumbnail","hentry","category-actual","category-sport"],"yoast_head":"<!-- This site is optimized with the Yoast SEO plugin v25.3.1 - https:\/\/yoast.com\/wordpress\/plugins\/seo\/ -->\n<title>Minerul Lupeni \u00ee\u0219i a\u0219teapt\u0103 suporterii \u00een tribun\u0103. Abonamente pentru \u00eentreg sezonul la meciurile de acas\u0103 - Cronica de Hunedoara<\/title>\n<meta name=\"robots\" content=\"index, follow, max-snippet:-1, max-image-preview:large, max-video-preview:-1\" \/>\n<link rel=\"canonical\" href=\"https:\/\/cronicahd.ro\/?p=12457\" \/>\n<meta property=\"og:locale\" content=\"ro_RO\" \/>\n<meta property=\"og:type\" content=\"article\" \/>\n<meta property=\"og:title\" content=\"Minerul Lupeni \u00ee\u0219i a\u0219teapt\u0103 suporterii \u00een tribun\u0103. Abonamente pentru \u00eentreg sezonul la meciurile de acas\u0103 - Cronica de Hunedoara\" \/>\n<meta property=\"og:description\" content=\"&nbsp; Suporterii echipei CS Minerul Lupeni au acum posibilitatea de a-\u0219i rezerva locul \u00een tribun\u0103...\" \/>\n<meta property=\"og:url\" content=\"https:\/\/cronicahd.ro\/?p=12457\" \/>\n<meta property=\"og:site_name\" content=\"Cronica de Hunedoara\" \/>\n<meta property=\"article:published_time\" content=\"2026-08-31T14:56:58+00:00\" \/>\n<meta property=\"og:image\" content=\"https:\/\/cronicahd.ro\/wp-content\/uploads\/2026\/08\/IMG_8835.jpeg\" \/>\n\t<meta property=\"og:image:width\" content=\"1200\" \/>\n\t<meta property=\"og:image:height\" content=\"1600\" \/>\n\t<meta property=\"og:image:type\" content=\"image\/jpeg\" \/>\n<meta name=\"author\" content=\"admin\" \/>\n<meta name=\"twitter:card\" content=\"summary_large_image\" \/>\n<meta name=\"twitter:label1\" content=\"Scris de\" \/>\n\t<meta name=\"twitter:data1\" content=\"admin\" \/>\n\t<meta name=\"twitter:label2\" content=\"Timp estimat pentru citire\" \/>\n\t<meta name=\"twitter:data2\" content=\"2 minute\" \/>\n<script type=\"application\/ld+json\" class=\"yoast-schema-graph\">{\"@context\":\"https:\/\/schema.org\",\"@graph\":[{\"@type\":\"Article\",\"@id\":\"https:\/\/cronicahd.ro\/?p=12457#article\",\"isPartOf\":{\"@id\":\"https:\/\/cronicahd.ro\/?p=12457\"},\"author\":{\"name\":\"admin\",\"@id\":\"https:\/\/cronicahd.ro\/#\/schema\/person\/d1a1277a8cd166610328e17aaf58bf46\"},\"headline\":\"Minerul Lupeni \u00ee\u0219i a\u0219teapt\u0103 suporterii \u00een tribun\u0103. Abonamente pentru \u00eentreg sezonul la meciurile de acas\u0103\",\"datePublished\":\"2026-08-31T14:56:58+00:00\",\"mainEntityOfPage\":{\"@id\":\"https:\/\/cronicahd.ro\/?p=12457\"},\"wordCount\":307,\"publisher\":{\"@id\":\"https:\/\/cronicahd.ro\/#organization\"},\"image\":{\"@id\":\"https:\/\/cronicahd.ro\/?p=12457#primaryimage\"},\"thumbnailUrl\":\"https:\/\/cronicahd.ro\/wp-content\/uploads\/2026\/08\/IMG_8835.jpeg\",\"articleSection\":[\"Actualitate\",\"Sport\"],\"inLanguage\":\"ro-RO\"},{\"@type\":\"WebPage\",\"@id\":\"https:\/\/cronicahd.ro\/?p=12457\",\"url\":\"https:\/\/cronicahd.ro\/?p=12457\",\"name\":\"Minerul Lupeni \u00ee\u0219i a\u0219teapt\u0103 suporterii \u00een tribun\u0103. Abonamente pentru \u00eentreg sezonul la meciurile de acas\u0103 - Cronica de Hunedoara\",\"isPartOf\":{\"@id\":\"https:\/\/cronicahd.ro\/#website\"},\"primaryImageOfPage\":{\"@id\":\"https:\/\/cronicahd.ro\/?p=12457#primaryimage\"},\"image\":{\"@id\":\"https:\/\/cronicahd.ro\/?p=12457#primaryimage\"},\"thumbnailUrl\":\"https:\/\/cronicahd.ro\/wp-content\/uploads\/2026\/08\/IMG_8835.jpeg\",\"datePublished\":\"2026-08-31T14:56:58+00:00\",\"breadcrumb\":{\"@id\":\"https:\/\/cronicahd.ro\/?p=12457#breadcrumb\"},\"inLanguage\":\"ro-RO\",\"potentialAction\":[{\"@type\":\"ReadAction\",\"target\":[\"https:\/\/cronicahd.ro\/?p=12457\"]}]},{\"@type\":\"ImageObject\",\"inLanguage\":\"ro-RO\",\"@id\":\"https:\/\/cronicahd.ro\/?p=12457#primaryimage\",\"url\":\"https:\/\/cronicahd.ro\/wp-content\/uploads\/2026\/08\/IMG_8835.jpeg\",\"contentUrl\":\"https:\/\/cronicahd.ro\/wp-content\/uploads\/2026\/08\/IMG_8835.jpeg\",\"width\":1200,\"height\":1600},{\"@type\":\"BreadcrumbList\",\"@id\":\"https:\/\/cronicahd.ro\/?p=12457#breadcrumb\",\"itemListElement\":[{\"@type\":\"ListItem\",\"position\":1,\"name\":\"Prima pagin\u0103\",\"item\":\"https:\/\/cronicahd.ro\/\"},{\"@type\":\"ListItem\",\"position\":2,\"name\":\"Minerul Lupeni \u00ee\u0219i a\u0219teapt\u0103 suporterii \u00een tribun\u0103. Abonamente pentru \u00eentreg sezonul la meciurile de acas\u0103\"}]},{\"@type\":\"WebSite\",\"@id\":\"https:\/\/cronicahd.ro\/#website\",\"url\":\"https:\/\/cronicahd.ro\/\",\"name\":\"Cronica de Hunedoara\",\"description\":\"\",\"publisher\":{\"@id\":\"https:\/\/cronicahd.ro\/#organization\"},\"potentialAction\":[{\"@type\":\"SearchAction\",\"target\":{\"@type\":\"EntryPoint\",\"urlTemplate\":\"https:\/\/cronicahd.ro\/?s={search_term_string}\"},\"query-input\":{\"@type\":\"PropertyValueSpecification\",\"valueRequired\":true,\"valueName\":\"search_term_string\"}}],\"inLanguage\":\"ro-RO\"},{\"@type\":\"Organization\",\"@id\":\"https:\/\/cronicahd.ro\/#organization\",\"name\":\"Cronica de Hunedoara\",\"url\":\"https:\/\/cronicahd.ro\/\",\"logo\":{\"@type\":\"ImageObject\",\"inLanguage\":\"ro-RO\",\"@id\":\"https:\/\/cronicahd.ro\/#\/schema\/logo\/image\/\",\"url\":\"https:\/\/cronicahd.ro\/wp-content\/uploads\/2026\/03\/cropped-crh.jpg\",\"contentUrl\":\"https:\/\/cronicahd.ro\/wp-content\/uploads\/2026\/03\/cropped-crh.jpg\",\"width\":1437,\"height\":327,\"caption\":\"Cronica de Hunedoara\"},\"image\":{\"@id\":\"https:\/\/cronicahd.ro\/#\/schema\/logo\/image\/\"}},{\"@type\":\"Person\",\"@id\":\"https:\/\/cronicahd.ro\/#\/schema\/person\/d1a1277a8cd166610328e17aaf58bf46\",\"name\":\"admin\",\"image\":{\"@type\":\"ImageObject\",\"inLanguage\":\"ro-RO\",\"@id\":\"https:\/\/cronicahd.ro\/#\/schema\/person\/image\/\",\"url\":\"https:\/\/secure.gravatar.com\/avatar\/24700337280d10898c2e0d19d44a05316bff9fccc941ecc5570ffe41668203f7?s=96&d=mm&r=g\",\"contentUrl\":\"https:\/\/secure.gravatar.com\/avatar\/24700337280d10898c2e0d19d44a05316bff9fccc941ecc5570ffe41668203f7?s=96&d=mm&r=g\",\"caption\":\"admin\"},\"sameAs\":[\"https:\/\/cronicavj.ro\"],\"url\":\"https:\/\/cronicahd.ro\/?author=1\"}]}<\/script>\n<!-- \/ Yoast SEO plugin. -->","yoast_head_json":{"title":"Minerul Lupeni \u00ee\u0219i a\u0219teapt\u0103 suporterii \u00een tribun\u0103. Abonamente pentru \u00eentreg sezonul la meciurile de acas\u0103 - Cronica de Hunedoara","robots":{"index":"index","follow":"follow","max-snippet":"max-snippet:-1","max-image-preview":"max-image-preview:large","max-video-preview":"max-video-preview:-1"},"canonical":"https:\/\/cronicahd.ro\/?p=12457","og_locale":"ro_RO","og_type":"article","og_title":"Minerul Lupeni \u00ee\u0219i a\u0219teapt\u0103 suporterii \u00een tribun\u0103. Abonamente pentru \u00eentreg sezonul la meciurile de acas\u0103 - Cronica de Hunedoara","og_description":"&nbsp; Suporterii echipei CS Minerul Lupeni au acum posibilitatea de a-\u0219i rezerva locul \u00een tribun\u0103...","og_url":"https:\/\/cronicahd.ro\/?p=12457","og_site_name":"Cronica de Hunedoara","article_published_time":"2026-08-31T14:56:58+00:00","og_image":[{"width":1200,"height":1600,"url":"https:\/\/cronicahd.ro\/wp-content\/uploads\/2026\/08\/IMG_8835.jpeg","type":"image\/jpeg"}],"author":"admin","twitter_card":"summary_large_image","twitter_misc":{"Scris de":"admin","Timp estimat pentru citire":"2 minute"},"schema":{"@context":"https:\/\/schema.org","@graph":[{"@type":"Article","@id":"https:\/\/cronicahd.ro\/?p=12457#article","isPartOf":{"@id":"https:\/\/cronicahd.ro\/?p=12457"},"author":{"name":"admin","@id":"https:\/\/cronicahd.ro\/#\/schema\/person\/d1a1277a8cd166610328e17aaf58bf46"},"headline":"Minerul Lupeni \u00ee\u0219i a\u0219teapt\u0103 suporterii \u00een tribun\u0103. Abonamente pentru \u00eentreg sezonul la meciurile de acas\u0103","datePublished":"2026-08-31T14:56:58+00:00","mainEntityOfPage":{"@id":"https:\/\/cronicahd.ro\/?p=12457"},"wordCount":307,"publisher":{"@id":"https:\/\/cronicahd.ro\/#organization"},"image":{"@id":"https:\/\/cronicahd.ro\/?p=12457#primaryimage"},"thumbnailUrl":"https:\/\/cronicahd.ro\/wp-content\/uploads\/2026\/08\/IMG_8835.jpeg","articleSection":["Actualitate","Sport"],"inLanguage":"ro-RO"},{"@type":"WebPage","@id":"https:\/\/cronicahd.ro\/?p=12457","url":"https:\/\/cronicahd.ro\/?p=12457","name":"Minerul Lupeni \u00ee\u0219i a\u0219teapt\u0103 suporterii \u00een tribun\u0103. Abonamente pentru \u00eentreg sezonul la meciurile de acas\u0103 - Cronica de Hunedoara","isPartOf":{"@id":"https:\/\/cronicahd.ro\/#website"},"primaryImageOfPage":{"@id":"https:\/\/cronicahd.ro\/?p=12457#primaryimage"},"image":{"@id":"https:\/\/cronicahd.ro\/?p=12457#primaryimage"},"thumbnailUrl":"https:\/\/cronicahd.ro\/wp-content\/uploads\/2026\/08\/IMG_8835.jpeg","datePublished":"2026-08-31T14:56:58+00:00","breadcrumb":{"@id":"https:\/\/cronicahd.ro\/?p=12457#breadcrumb"},"inLanguage":"ro-RO","potentialAction":[{"@type":"ReadAction","target":["https:\/\/cronicahd.ro\/?p=12457"]}]},{"@type":"ImageObject","inLanguage":"ro-RO","@id":"https:\/\/cronicahd.ro\/?p=12457#primaryimage","url":"https:\/\/cronicahd.ro\/wp-content\/uploads\/2026\/08\/IMG_8835.jpeg","contentUrl":"https:\/\/cronicahd.ro\/wp-content\/uploads\/2026\/08\/IMG_8835.jpeg","width":1200,"height":1600},{"@type":"BreadcrumbList","@id":"https:\/\/cronicahd.ro\/?p=12457#breadcrumb","itemListElement":[{"@type":"ListItem","position":1,"name":"Prima pagin\u0103","item":"https:\/\/cronicahd.ro\/"},{"@type":"ListItem","position":2,"name":"Minerul Lupeni \u00ee\u0219i a\u0219teapt\u0103 suporterii \u00een tribun\u0103. Abonamente pentru \u00eentreg sezonul la meciurile de acas\u0103"}]},{"@type":"WebSite","@id":"https:\/\/cronicahd.ro\/#website","url":"https:\/\/cronicahd.ro\/","name":"Cronica de Hunedoara","description":"","publisher":{"@id":"https:\/\/cronicahd.ro\/#organization"},"potentialAction":[{"@type":"SearchAction","target":{"@type":"EntryPoint","urlTemplate":"https:\/\/cronicahd.ro\/?s={search_term_string}"},"query-input":{"@type":"PropertyValueSpecification","valueRequired":true,"valueName":"search_term_string"}}],"inLanguage":"ro-RO"},{"@type":"Organization","@id":"https:\/\/cronicahd.ro\/#organization","name":"Cronica de Hunedoara","url":"https:\/\/cronicahd.ro\/","logo":{"@type":"ImageObject","inLanguage":"ro-RO","@id":"https:\/\/cronicahd.ro\/#\/schema\/logo\/image\/","url":"https:\/\/cronicahd.ro\/wp-content\/uploads\/2026\/03\/cropped-crh.jpg","contentUrl":"https:\/\/cronicahd.ro\/wp-content\/uploads\/2026\/03\/cropped-crh.jpg","width":1437,"height":327,"caption":"Cronica de Hunedoara"},"image":{"@id":"https:\/\/cronicahd.ro\/#\/schema\/logo\/image\/"}},{"@type":"Person","@id":"https:\/\/cronicahd.ro\/#\/schema\/person\/d1a1277a8cd166610328e17aaf58bf46","name":"admin","image":{"@type":"ImageObject","inLanguage":"ro-RO","@id":"https:\/\/cronicahd.ro\/#\/schema\/person\/image\/","url":"https:\/\/secure.gravatar.com\/avatar\/24700337280d10898c2e0d19d44a05316bff9fccc941ecc5570ffe41668203f7?s=96&d=mm&r=g","contentUrl":"https:\/\/secure.gravatar.com\/avatar\/24700337280d10898c2e0d19d44a05316bff9fccc941ecc5570ffe41668203f7?s=96&d=mm&r=g","caption":"admin"},"sameAs":["https:\/\/cronicavj.ro"],"url":"https:\/\/cronicahd.ro\/?author=1"}]}},"_links":{"self":[{"href":"https:\/\/cronicahd.ro\/index.php?rest_route=\/wp\/v2\/posts\/12457","targetHints":{"allow":["GET"]}}],"collection":[{"href":"https:\/\/cronicahd.ro\/index.php?rest_route=\/wp\/v2\/posts"}],"about":[{"href":"https:\/\/cronicahd.ro\/index.php?rest_route=\/wp\/v2\/types\/post"}],"author":[{"embeddable":true,"href":"https:\/\/cronicahd.ro\/index.php?rest_route=\/wp\/v2\/users\/1"}],"replies":[{"embeddable":true,"href":"https:\/\/cronicahd.ro\/index.php?rest_route=%2Fwp%2Fv2%2Fcomments&post=12457"}],"version-history":[{"count":1,"href":"https:\/\/cronicahd.ro\/index.php?rest_route=\/wp\/v2\/posts\/12457\/revisions"}],"predecessor-version":[{"id":12459,"href":"https:\/\/cronicahd.ro\/index.php?rest_route=\/wp\/v2\/posts\/12457\/revisions\/12459"}],"wp:featuredmedia":[{"embeddable":true,"href":"https:\/\/cronicahd.ro\/index.php?rest_route=\/wp\/v2\/media\/12458"}],"wp:attachment":[{"href":"https:\/\/cronicahd.ro\/index.php?rest_route=%2Fwp%2Fv2%2Fmedia&parent=12457"}],"wp:term":[{"taxonomy":"category","embeddable":true,"href":"https:\/\/cronicahd.ro\/index.php?rest_route=%2Fwp%2Fv2%2Fcategories&post=12457"},{"taxonomy":"post_tag","embeddable":true,"href":"https:\/\/cronicahd.ro\/index.php?rest_route=%2Fwp%2Fv2%2Ftags&post=12457"}],"curies":[{"name":"wp","href":"https:\/\/api.w.org\/{rel}","templated":true}]}}