{"id":12447,"date":"2026-08-31T10:53:45","date_gmt":"2026-08-31T10:53:45","guid":{"rendered":"https:\/\/cronicahd.ro\/?p=12447"},"modified":"2026-08-31T10:53:45","modified_gmt":"2026-08-31T10:53:45","slug":"156-de-ani-de-la-inaugurarea-liniei-ferate-simeria-petrosani-o-cale-ferata-care-a-legat-valea-muresului-de-valea-jiului","status":"publish","type":"post","link":"https:\/\/cronicahd.ro\/?p=12447","title":{"rendered":"156 de ani de la inaugurarea liniei ferate Simeria \u2013 Petro\u0219ani. O cale ferat\u0103 care a legat Valea Mure\u0219ului de Valea Jiului"},"content":{"rendered":"<p>&nbsp;<\/p>\n<p>August 1870 \u2013 august 2026 | 156 de ani de istorie feroviar\u0103<\/p>\n<p>La sf\u00e2r\u0219itul lunii august se \u00eemplinesc 156 de ani de la inaugurarea oficial\u0103 a liniei feroviare Simeria \u2013 Petro\u0219ani, un traseu care, de-a lungul timpului, a avut un rol important \u00een dezvoltarea economic\u0103, industrial\u0103 \u0219i turistic\u0103 a zonei.<\/p>\n<p>Linia a fost construit\u0103 de Societatea Primei C\u0103i Ferate din Transilvania, iar deschiderea oficial\u0103 a avut loc la 28 august 1870. Apari\u021bia c\u0103ii ferate a reprezentat un moment important pentru comunit\u0103\u021bile traversate, facilit\u00e2nd at\u00e2t transportul de persoane \u0219i m\u0103rfuri, c\u00e2t \u0219i dezvoltarea activit\u0103\u021bilor economice din zon\u0103.<\/p>\n<p>Traseul porne\u0219te de la Simeria, unul dintre cele mai importante noduri feroviare din Rom\u00e2nia, cunoscut \u0219i pentru vastul s\u0103u complex de triaje. De aici, calea ferat\u0103 continu\u0103 spre C\u0103lan B\u0103i, localitate cunoscut\u0103 pentru tradi\u021bia sa balnear\u0103, \u0219i ajunge la Subcetate, un punct cu o importan\u021b\u0103 aparte \u00een istoria feroviar\u0103 a regiunii.<\/p>\n<p>\u00cen trecut, sta\u021bia Subcetate a fost un adev\u0103rat nod feroviar, de aici desprinz\u00e2ndu-se linia c\u0103tre Caransebe\u0219. Tronsonul Subcetate \u2013 Bou\u021bari a fost desfiin\u021bat \u00een anul 1978, \u00eens\u0103 istoria acestei conexiuni r\u0103m\u00e2ne parte din patrimoniul feroviar al zonei.<\/p>\n<p>Destina\u021bia traseului este Petro\u0219ani, ora\u0219 care a devenit, odat\u0103 cu dezvoltarea exploat\u0103rilor de c\u0103rbune, unul dintre cele mai importante centre economice ale V\u0103ii Jiului \u0219i ale industriei miniere din Rom\u00e2nia.<\/p>\n<p>O c\u0103l\u0103torie prin istorie, economie \u0219i peisaje<\/p>\n<p>La 156 de ani de la inaugurare, linia Simeria \u2013 Petro\u0219ani continu\u0103 s\u0103 fie o arter\u0103 important\u0103 a re\u021belei feroviare din jude\u021bul Hunedoara. Rolul s\u0103u nu se rezum\u0103 \u00eens\u0103 la transport.<\/p>\n<p>De-a lungul traseului se g\u0103sesc obiective turistice, localit\u0103\u021bi cu o istorie bogat\u0103 \u0219i peisaje spectaculoase, pe care c\u0103l\u0103torii le pot descoperi chiar de la fereastra trenului.<\/p>\n<p>Ast\u0103zi, via\u021ba acestei c\u0103i ferate este reprezentat\u0103 at\u00e2t de traficul de marf\u0103, c\u00e2t \u0219i de trenurile de c\u0103l\u0103tori. \u00cen prezent, traseul este tranzitat de cinci trenuri ale CFR C\u0103l\u0103tori, care asigur\u0103 leg\u0103tura dintre localit\u0103\u021bile de pe Valea Jiului \u0219i restul re\u021belei feroviare.<\/p>\n<p>De la locomotivele care au tras primele trenuri pe aceast\u0103 rut\u0103 \u00een urm\u0103 cu mai bine de un secol \u0219i jum\u0103tate p\u00e2n\u0103 la garniturile care circul\u0103 ast\u0103zi, linia Simeria \u2013 Petro\u0219ani r\u0103m\u00e2ne o parte important\u0103 din istoria \u0219i identitatea V\u0103ii Jiului.<\/p>\n<p>156 de ani mai t\u00e2rziu, \u0219inele sunt \u00eenc\u0103 acolo. Iar fiecare tren care trece pe aceast\u0103 rut\u0103 poart\u0103 mai departe o poveste \u00eenceput\u0103 \u00een august 1870.<\/p>\n<p>sursa CFR Istorie \u0219i Cotidian<\/p>\n","protected":false},"excerpt":{"rendered":"<p>&nbsp; August 1870 \u2013 august 2026 | 156 de ani de istorie feroviar\u0103 La sf\u00e2r\u0219itul&#8230;<\/p>\n","protected":false},"author":1,"featured_media":12448,"comment_status":"closed","ping_status":"closed","sticky":false,"template":"","format":"standard","meta":{"footnotes":""},"categories":[1,13],"tags":[],"class_list":["post-12447","post","type-post","status-publish","format-standard","has-post-thumbnail","hentry","category-actual","category-diverse"],"yoast_head":"<!-- This site is optimized with the Yoast SEO plugin v25.3.1 - https:\/\/yoast.com\/wordpress\/plugins\/seo\/ -->\n<title>156 de ani de la inaugurarea liniei ferate Simeria \u2013 Petro\u0219ani. O cale ferat\u0103 care a legat Valea Mure\u0219ului de Valea Jiului - Cronica de Hunedoara<\/title>\n<meta name=\"robots\" content=\"index, follow, max-snippet:-1, max-image-preview:large, max-video-preview:-1\" \/>\n<link rel=\"canonical\" href=\"https:\/\/cronicahd.ro\/?p=12447\" \/>\n<meta property=\"og:locale\" content=\"ro_RO\" \/>\n<meta property=\"og:type\" content=\"article\" \/>\n<meta property=\"og:title\" content=\"156 de ani de la inaugurarea liniei ferate Simeria \u2013 Petro\u0219ani. O cale ferat\u0103 care a legat Valea Mure\u0219ului de Valea Jiului - Cronica de Hunedoara\" \/>\n<meta property=\"og:description\" content=\"&nbsp; August 1870 \u2013 august 2026 | 156 de ani de istorie feroviar\u0103 La sf\u00e2r\u0219itul...\" \/>\n<meta property=\"og:url\" content=\"https:\/\/cronicahd.ro\/?p=12447\" \/>\n<meta property=\"og:site_name\" content=\"Cronica de Hunedoara\" \/>\n<meta property=\"article:published_time\" content=\"2026-08-31T10:53:45+00:00\" \/>\n<meta property=\"og:image\" content=\"https:\/\/cronicahd.ro\/wp-content\/uploads\/2026\/08\/att.7pFp-6P08WOAWpGzBuKKTrooydiLu7lii2X12l5DEQk.jpeg\" \/>\n\t<meta property=\"og:image:width\" content=\"1814\" \/>\n\t<meta property=\"og:image:height\" content=\"2048\" \/>\n\t<meta property=\"og:image:type\" content=\"image\/jpeg\" \/>\n<meta name=\"author\" content=\"admin\" \/>\n<meta name=\"twitter:card\" content=\"summary_large_image\" \/>\n<meta name=\"twitter:label1\" content=\"Scris de\" \/>\n\t<meta name=\"twitter:data1\" content=\"admin\" \/>\n\t<meta name=\"twitter:label2\" content=\"Timp estimat pentru citire\" \/>\n\t<meta name=\"twitter:data2\" content=\"3 minute\" \/>\n<script type=\"application\/ld+json\" class=\"yoast-schema-graph\">{\"@context\":\"https:\/\/schema.org\",\"@graph\":[{\"@type\":\"Article\",\"@id\":\"https:\/\/cronicahd.ro\/?p=12447#article\",\"isPartOf\":{\"@id\":\"https:\/\/cronicahd.ro\/?p=12447\"},\"author\":{\"name\":\"admin\",\"@id\":\"https:\/\/cronicahd.ro\/#\/schema\/person\/d1a1277a8cd166610328e17aaf58bf46\"},\"headline\":\"156 de ani de la inaugurarea liniei ferate Simeria \u2013 Petro\u0219ani. O cale ferat\u0103 care a legat Valea Mure\u0219ului de Valea Jiului\",\"datePublished\":\"2026-08-31T10:53:45+00:00\",\"mainEntityOfPage\":{\"@id\":\"https:\/\/cronicahd.ro\/?p=12447\"},\"wordCount\":461,\"publisher\":{\"@id\":\"https:\/\/cronicahd.ro\/#organization\"},\"image\":{\"@id\":\"https:\/\/cronicahd.ro\/?p=12447#primaryimage\"},\"thumbnailUrl\":\"https:\/\/cronicahd.ro\/wp-content\/uploads\/2026\/08\/att.7pFp-6P08WOAWpGzBuKKTrooydiLu7lii2X12l5DEQk.jpeg\",\"articleSection\":[\"Actualitate\",\"diverse\"],\"inLanguage\":\"ro-RO\"},{\"@type\":\"WebPage\",\"@id\":\"https:\/\/cronicahd.ro\/?p=12447\",\"url\":\"https:\/\/cronicahd.ro\/?p=12447\",\"name\":\"156 de ani de la inaugurarea liniei ferate Simeria \u2013 Petro\u0219ani. O cale ferat\u0103 care a legat Valea Mure\u0219ului de Valea Jiului - Cronica de Hunedoara\",\"isPartOf\":{\"@id\":\"https:\/\/cronicahd.ro\/#website\"},\"primaryImageOfPage\":{\"@id\":\"https:\/\/cronicahd.ro\/?p=12447#primaryimage\"},\"image\":{\"@id\":\"https:\/\/cronicahd.ro\/?p=12447#primaryimage\"},\"thumbnailUrl\":\"https:\/\/cronicahd.ro\/wp-content\/uploads\/2026\/08\/att.7pFp-6P08WOAWpGzBuKKTrooydiLu7lii2X12l5DEQk.jpeg\",\"datePublished\":\"2026-08-31T10:53:45+00:00\",\"breadcrumb\":{\"@id\":\"https:\/\/cronicahd.ro\/?p=12447#breadcrumb\"},\"inLanguage\":\"ro-RO\",\"potentialAction\":[{\"@type\":\"ReadAction\",\"target\":[\"https:\/\/cronicahd.ro\/?p=12447\"]}]},{\"@type\":\"ImageObject\",\"inLanguage\":\"ro-RO\",\"@id\":\"https:\/\/cronicahd.ro\/?p=12447#primaryimage\",\"url\":\"https:\/\/cronicahd.ro\/wp-content\/uploads\/2026\/08\/att.7pFp-6P08WOAWpGzBuKKTrooydiLu7lii2X12l5DEQk.jpeg\",\"contentUrl\":\"https:\/\/cronicahd.ro\/wp-content\/uploads\/2026\/08\/att.7pFp-6P08WOAWpGzBuKKTrooydiLu7lii2X12l5DEQk.jpeg\",\"width\":1814,\"height\":2048},{\"@type\":\"BreadcrumbList\",\"@id\":\"https:\/\/cronicahd.ro\/?p=12447#breadcrumb\",\"itemListElement\":[{\"@type\":\"ListItem\",\"position\":1,\"name\":\"Prima pagin\u0103\",\"item\":\"https:\/\/cronicahd.ro\/\"},{\"@type\":\"ListItem\",\"position\":2,\"name\":\"156 de ani de la inaugurarea liniei ferate Simeria \u2013 Petro\u0219ani. O cale ferat\u0103 care a legat Valea Mure\u0219ului de Valea Jiului\"}]},{\"@type\":\"WebSite\",\"@id\":\"https:\/\/cronicahd.ro\/#website\",\"url\":\"https:\/\/cronicahd.ro\/\",\"name\":\"Cronica de Hunedoara\",\"description\":\"\",\"publisher\":{\"@id\":\"https:\/\/cronicahd.ro\/#organization\"},\"potentialAction\":[{\"@type\":\"SearchAction\",\"target\":{\"@type\":\"EntryPoint\",\"urlTemplate\":\"https:\/\/cronicahd.ro\/?s={search_term_string}\"},\"query-input\":{\"@type\":\"PropertyValueSpecification\",\"valueRequired\":true,\"valueName\":\"search_term_string\"}}],\"inLanguage\":\"ro-RO\"},{\"@type\":\"Organization\",\"@id\":\"https:\/\/cronicahd.ro\/#organization\",\"name\":\"Cronica de Hunedoara\",\"url\":\"https:\/\/cronicahd.ro\/\",\"logo\":{\"@type\":\"ImageObject\",\"inLanguage\":\"ro-RO\",\"@id\":\"https:\/\/cronicahd.ro\/#\/schema\/logo\/image\/\",\"url\":\"https:\/\/cronicahd.ro\/wp-content\/uploads\/2026\/03\/cropped-crh.jpg\",\"contentUrl\":\"https:\/\/cronicahd.ro\/wp-content\/uploads\/2026\/03\/cropped-crh.jpg\",\"width\":1437,\"height\":327,\"caption\":\"Cronica de Hunedoara\"},\"image\":{\"@id\":\"https:\/\/cronicahd.ro\/#\/schema\/logo\/image\/\"}},{\"@type\":\"Person\",\"@id\":\"https:\/\/cronicahd.ro\/#\/schema\/person\/d1a1277a8cd166610328e17aaf58bf46\",\"name\":\"admin\",\"image\":{\"@type\":\"ImageObject\",\"inLanguage\":\"ro-RO\",\"@id\":\"https:\/\/cronicahd.ro\/#\/schema\/person\/image\/\",\"url\":\"https:\/\/secure.gravatar.com\/avatar\/24700337280d10898c2e0d19d44a05316bff9fccc941ecc5570ffe41668203f7?s=96&d=mm&r=g\",\"contentUrl\":\"https:\/\/secure.gravatar.com\/avatar\/24700337280d10898c2e0d19d44a05316bff9fccc941ecc5570ffe41668203f7?s=96&d=mm&r=g\",\"caption\":\"admin\"},\"sameAs\":[\"https:\/\/cronicavj.ro\"],\"url\":\"https:\/\/cronicahd.ro\/?author=1\"}]}<\/script>\n<!-- \/ Yoast SEO plugin. -->","yoast_head_json":{"title":"156 de ani de la inaugurarea liniei ferate Simeria \u2013 Petro\u0219ani. O cale ferat\u0103 care a legat Valea Mure\u0219ului de Valea Jiului - Cronica de Hunedoara","robots":{"index":"index","follow":"follow","max-snippet":"max-snippet:-1","max-image-preview":"max-image-preview:large","max-video-preview":"max-video-preview:-1"},"canonical":"https:\/\/cronicahd.ro\/?p=12447","og_locale":"ro_RO","og_type":"article","og_title":"156 de ani de la inaugurarea liniei ferate Simeria \u2013 Petro\u0219ani. O cale ferat\u0103 care a legat Valea Mure\u0219ului de Valea Jiului - Cronica de Hunedoara","og_description":"&nbsp; August 1870 \u2013 august 2026 | 156 de ani de istorie feroviar\u0103 La sf\u00e2r\u0219itul...","og_url":"https:\/\/cronicahd.ro\/?p=12447","og_site_name":"Cronica de Hunedoara","article_published_time":"2026-08-31T10:53:45+00:00","og_image":[{"width":1814,"height":2048,"url":"https:\/\/cronicahd.ro\/wp-content\/uploads\/2026\/08\/att.7pFp-6P08WOAWpGzBuKKTrooydiLu7lii2X12l5DEQk.jpeg","type":"image\/jpeg"}],"author":"admin","twitter_card":"summary_large_image","twitter_misc":{"Scris de":"admin","Timp estimat pentru citire":"3 minute"},"schema":{"@context":"https:\/\/schema.org","@graph":[{"@type":"Article","@id":"https:\/\/cronicahd.ro\/?p=12447#article","isPartOf":{"@id":"https:\/\/cronicahd.ro\/?p=12447"},"author":{"name":"admin","@id":"https:\/\/cronicahd.ro\/#\/schema\/person\/d1a1277a8cd166610328e17aaf58bf46"},"headline":"156 de ani de la inaugurarea liniei ferate Simeria \u2013 Petro\u0219ani. O cale ferat\u0103 care a legat Valea Mure\u0219ului de Valea Jiului","datePublished":"2026-08-31T10:53:45+00:00","mainEntityOfPage":{"@id":"https:\/\/cronicahd.ro\/?p=12447"},"wordCount":461,"publisher":{"@id":"https:\/\/cronicahd.ro\/#organization"},"image":{"@id":"https:\/\/cronicahd.ro\/?p=12447#primaryimage"},"thumbnailUrl":"https:\/\/cronicahd.ro\/wp-content\/uploads\/2026\/08\/att.7pFp-6P08WOAWpGzBuKKTrooydiLu7lii2X12l5DEQk.jpeg","articleSection":["Actualitate","diverse"],"inLanguage":"ro-RO"},{"@type":"WebPage","@id":"https:\/\/cronicahd.ro\/?p=12447","url":"https:\/\/cronicahd.ro\/?p=12447","name":"156 de ani de la inaugurarea liniei ferate Simeria \u2013 Petro\u0219ani. O cale ferat\u0103 care a legat Valea Mure\u0219ului de Valea Jiului - Cronica de Hunedoara","isPartOf":{"@id":"https:\/\/cronicahd.ro\/#website"},"primaryImageOfPage":{"@id":"https:\/\/cronicahd.ro\/?p=12447#primaryimage"},"image":{"@id":"https:\/\/cronicahd.ro\/?p=12447#primaryimage"},"thumbnailUrl":"https:\/\/cronicahd.ro\/wp-content\/uploads\/2026\/08\/att.7pFp-6P08WOAWpGzBuKKTrooydiLu7lii2X12l5DEQk.jpeg","datePublished":"2026-08-31T10:53:45+00:00","breadcrumb":{"@id":"https:\/\/cronicahd.ro\/?p=12447#breadcrumb"},"inLanguage":"ro-RO","potentialAction":[{"@type":"ReadAction","target":["https:\/\/cronicahd.ro\/?p=12447"]}]},{"@type":"ImageObject","inLanguage":"ro-RO","@id":"https:\/\/cronicahd.ro\/?p=12447#primaryimage","url":"https:\/\/cronicahd.ro\/wp-content\/uploads\/2026\/08\/att.7pFp-6P08WOAWpGzBuKKTrooydiLu7lii2X12l5DEQk.jpeg","contentUrl":"https:\/\/cronicahd.ro\/wp-content\/uploads\/2026\/08\/att.7pFp-6P08WOAWpGzBuKKTrooydiLu7lii2X12l5DEQk.jpeg","width":1814,"height":2048},{"@type":"BreadcrumbList","@id":"https:\/\/cronicahd.ro\/?p=12447#breadcrumb","itemListElement":[{"@type":"ListItem","position":1,"name":"Prima pagin\u0103","item":"https:\/\/cronicahd.ro\/"},{"@type":"ListItem","position":2,"name":"156 de ani de la inaugurarea liniei ferate Simeria \u2013 Petro\u0219ani. O cale ferat\u0103 care a legat Valea Mure\u0219ului de Valea Jiului"}]},{"@type":"WebSite","@id":"https:\/\/cronicahd.ro\/#website","url":"https:\/\/cronicahd.ro\/","name":"Cronica de Hunedoara","description":"","publisher":{"@id":"https:\/\/cronicahd.ro\/#organization"},"potentialAction":[{"@type":"SearchAction","target":{"@type":"EntryPoint","urlTemplate":"https:\/\/cronicahd.ro\/?s={search_term_string}"},"query-input":{"@type":"PropertyValueSpecification","valueRequired":true,"valueName":"search_term_string"}}],"inLanguage":"ro-RO"},{"@type":"Organization","@id":"https:\/\/cronicahd.ro\/#organization","name":"Cronica de Hunedoara","url":"https:\/\/cronicahd.ro\/","logo":{"@type":"ImageObject","inLanguage":"ro-RO","@id":"https:\/\/cronicahd.ro\/#\/schema\/logo\/image\/","url":"https:\/\/cronicahd.ro\/wp-content\/uploads\/2026\/03\/cropped-crh.jpg","contentUrl":"https:\/\/cronicahd.ro\/wp-content\/uploads\/2026\/03\/cropped-crh.jpg","width":1437,"height":327,"caption":"Cronica de Hunedoara"},"image":{"@id":"https:\/\/cronicahd.ro\/#\/schema\/logo\/image\/"}},{"@type":"Person","@id":"https:\/\/cronicahd.ro\/#\/schema\/person\/d1a1277a8cd166610328e17aaf58bf46","name":"admin","image":{"@type":"ImageObject","inLanguage":"ro-RO","@id":"https:\/\/cronicahd.ro\/#\/schema\/person\/image\/","url":"https:\/\/secure.gravatar.com\/avatar\/24700337280d10898c2e0d19d44a05316bff9fccc941ecc5570ffe41668203f7?s=96&d=mm&r=g","contentUrl":"https:\/\/secure.gravatar.com\/avatar\/24700337280d10898c2e0d19d44a05316bff9fccc941ecc5570ffe41668203f7?s=96&d=mm&r=g","caption":"admin"},"sameAs":["https:\/\/cronicavj.ro"],"url":"https:\/\/cronicahd.ro\/?author=1"}]}},"_links":{"self":[{"href":"https:\/\/cronicahd.ro\/index.php?rest_route=\/wp\/v2\/posts\/12447","targetHints":{"allow":["GET"]}}],"collection":[{"href":"https:\/\/cronicahd.ro\/index.php?rest_route=\/wp\/v2\/posts"}],"about":[{"href":"https:\/\/cronicahd.ro\/index.php?rest_route=\/wp\/v2\/types\/post"}],"author":[{"embeddable":true,"href":"https:\/\/cronicahd.ro\/index.php?rest_route=\/wp\/v2\/users\/1"}],"replies":[{"embeddable":true,"href":"https:\/\/cronicahd.ro\/index.php?rest_route=%2Fwp%2Fv2%2Fcomments&post=12447"}],"version-history":[{"count":1,"href":"https:\/\/cronicahd.ro\/index.php?rest_route=\/wp\/v2\/posts\/12447\/revisions"}],"predecessor-version":[{"id":12449,"href":"https:\/\/cronicahd.ro\/index.php?rest_route=\/wp\/v2\/posts\/12447\/revisions\/12449"}],"wp:featuredmedia":[{"embeddable":true,"href":"https:\/\/cronicahd.ro\/index.php?rest_route=\/wp\/v2\/media\/12448"}],"wp:attachment":[{"href":"https:\/\/cronicahd.ro\/index.php?rest_route=%2Fwp%2Fv2%2Fmedia&parent=12447"}],"wp:term":[{"taxonomy":"category","embeddable":true,"href":"https:\/\/cronicahd.ro\/index.php?rest_route=%2Fwp%2Fv2%2Fcategories&post=12447"},{"taxonomy":"post_tag","embeddable":true,"href":"https:\/\/cronicahd.ro\/index.php?rest_route=%2Fwp%2Fv2%2Ftags&post=12447"}],"curies":[{"name":"wp","href":"https:\/\/api.w.org\/{rel}","templated":true}]}}