{"id":12444,"date":"2026-08-31T10:45:21","date_gmt":"2026-08-31T10:45:21","guid":{"rendered":"https:\/\/cronicahd.ro\/?p=12444"},"modified":"2026-08-31T10:45:21","modified_gmt":"2026-08-31T10:45:21","slug":"sarmizegetusa-regia-program-special-de-vizitare-si-in-septembrie-situl-va-fi-deschis-doar-de-vineri-pana-duminica","status":"publish","type":"post","link":"https:\/\/cronicahd.ro\/?p=12444","title":{"rendered":"Sarmizegetusa Regia, program special de vizitare \u0219i \u00een septembrie. Situl va fi deschis doar de vineri p\u00e2n\u0103 duminic\u0103"},"content":{"rendered":"<p>&nbsp;<\/p>\n<p>Turi\u0219tii care inten\u021bioneaz\u0103 s\u0103 viziteze cetatea dacic\u0103 Sarmizegetusa Regia \u00een luna septembrie trebuie s\u0103 \u021bin\u0103 cont de un program special de acces. Consiliul Jude\u021bean Hunedoara anun\u021b\u0103 c\u0103 situl arheologic va fi deschis publicului doar de vineri p\u00e2n\u0103 duminic\u0103.<\/p>\n<p>Potrivit unui anun\u021b transmis de administra\u021bia jude\u021bului, \u00een luna septembrie programul de vizitare va fi urm\u0103torul:<\/p>\n<ul>\n<li>Vineri \u2013 duminic\u0103: DESCHIS<\/li>\n<li>Luni \u2013 joi: \u00ceNCHIS<\/li>\n<\/ul>\n<p>M\u0103sura este necesar\u0103 pentru a permite desf\u0103\u0219urarea lucr\u0103rilor de restaurare \u0219i conservare de la Terasa a X-a, \u00een condi\u021bii de siguran\u021b\u0103 at\u00e2t pentru muncitori, c\u00e2t \u0219i pentru vizitatori.<\/p>\n<p>Restric\u021bionarea accesului \u00een timpul s\u0103pt\u0103m\u00e2nii vine \u00een continuarea programului special instituit \u00een ultimele luni, pe fondul lucr\u0103rilor desf\u0103\u0219urate la unul dintre cele mai importante monumente istorice ale Rom\u00e2niei. Proiectul de restaurare a Terasei a X-a vizeaz\u0103 conservarea \u0219i consolidarea zonei, precum \u0219i interven\u021bii asupra unor elemente ale Templului Mare de Andezit.<span class=\"Apple-converted-space\">\u00a0<\/span><\/p>\n<p>Sarmizegetusa Regia, fosta capital\u0103 a regatului dac \u0219i unul dintre cele mai importante situri arheologice din Rom\u00e2nia, face parte din patrimoniul mondial UNESCO.<\/p>\n<p>Reprezentan\u021bii Consiliului Jude\u021bean Hunedoara le mul\u021bumesc vizitatorilor pentru \u00een\u021belegere \u0219i recomand\u0103 turi\u0219tilor s\u0103 \u021bin\u0103 cont de programul special \u00eenainte de a-\u0219i planifica vizita \u00een Mun\u021bii Or\u0103\u0219tiei.<\/p>\n","protected":false},"excerpt":{"rendered":"<p>&nbsp; Turi\u0219tii care inten\u021bioneaz\u0103 s\u0103 viziteze cetatea dacic\u0103 Sarmizegetusa Regia \u00een luna septembrie trebuie s\u0103&#8230;<\/p>\n","protected":false},"author":1,"featured_media":12445,"comment_status":"closed","ping_status":"closed","sticky":false,"template":"","format":"standard","meta":{"footnotes":""},"categories":[1,6],"tags":[],"class_list":["post-12444","post","type-post","status-publish","format-standard","has-post-thumbnail","hentry","category-actual","category-administratie"],"yoast_head":"<!-- This site is optimized with the Yoast SEO plugin v25.3.1 - https:\/\/yoast.com\/wordpress\/plugins\/seo\/ -->\n<title>Sarmizegetusa Regia, program special de vizitare \u0219i \u00een septembrie. Situl va fi deschis doar de vineri p\u00e2n\u0103 duminic\u0103 - Cronica de Hunedoara<\/title>\n<meta name=\"robots\" content=\"index, follow, max-snippet:-1, max-image-preview:large, max-video-preview:-1\" \/>\n<link rel=\"canonical\" href=\"https:\/\/cronicahd.ro\/?p=12444\" \/>\n<meta property=\"og:locale\" content=\"ro_RO\" \/>\n<meta property=\"og:type\" content=\"article\" \/>\n<meta property=\"og:title\" content=\"Sarmizegetusa Regia, program special de vizitare \u0219i \u00een septembrie. Situl va fi deschis doar de vineri p\u00e2n\u0103 duminic\u0103 - Cronica de Hunedoara\" \/>\n<meta property=\"og:description\" content=\"&nbsp; Turi\u0219tii care inten\u021bioneaz\u0103 s\u0103 viziteze cetatea dacic\u0103 Sarmizegetusa Regia \u00een luna septembrie trebuie s\u0103...\" \/>\n<meta property=\"og:url\" content=\"https:\/\/cronicahd.ro\/?p=12444\" \/>\n<meta property=\"og:site_name\" content=\"Cronica de Hunedoara\" \/>\n<meta property=\"article:published_time\" content=\"2026-08-31T10:45:21+00:00\" \/>\n<meta property=\"og:image\" content=\"https:\/\/cronicahd.ro\/wp-content\/uploads\/2026\/08\/IMG_8827.jpeg\" \/>\n\t<meta property=\"og:image:width\" content=\"1080\" \/>\n\t<meta property=\"og:image:height\" content=\"720\" \/>\n\t<meta property=\"og:image:type\" content=\"image\/jpeg\" \/>\n<meta name=\"author\" content=\"admin\" \/>\n<meta name=\"twitter:card\" content=\"summary_large_image\" \/>\n<meta name=\"twitter:label1\" content=\"Scris de\" \/>\n\t<meta name=\"twitter:data1\" content=\"admin\" \/>\n\t<meta name=\"twitter:label2\" content=\"Timp estimat pentru citire\" \/>\n\t<meta name=\"twitter:data2\" content=\"2 minute\" \/>\n<script type=\"application\/ld+json\" class=\"yoast-schema-graph\">{\"@context\":\"https:\/\/schema.org\",\"@graph\":[{\"@type\":\"Article\",\"@id\":\"https:\/\/cronicahd.ro\/?p=12444#article\",\"isPartOf\":{\"@id\":\"https:\/\/cronicahd.ro\/?p=12444\"},\"author\":{\"name\":\"admin\",\"@id\":\"https:\/\/cronicahd.ro\/#\/schema\/person\/d1a1277a8cd166610328e17aaf58bf46\"},\"headline\":\"Sarmizegetusa Regia, program special de vizitare \u0219i \u00een septembrie. Situl va fi deschis doar de vineri p\u00e2n\u0103 duminic\u0103\",\"datePublished\":\"2026-08-31T10:45:21+00:00\",\"mainEntityOfPage\":{\"@id\":\"https:\/\/cronicahd.ro\/?p=12444\"},\"wordCount\":238,\"publisher\":{\"@id\":\"https:\/\/cronicahd.ro\/#organization\"},\"image\":{\"@id\":\"https:\/\/cronicahd.ro\/?p=12444#primaryimage\"},\"thumbnailUrl\":\"https:\/\/cronicahd.ro\/wp-content\/uploads\/2026\/08\/IMG_8827.jpeg\",\"articleSection\":[\"Actualitate\",\"Administratie\"],\"inLanguage\":\"ro-RO\"},{\"@type\":\"WebPage\",\"@id\":\"https:\/\/cronicahd.ro\/?p=12444\",\"url\":\"https:\/\/cronicahd.ro\/?p=12444\",\"name\":\"Sarmizegetusa Regia, program special de vizitare \u0219i \u00een septembrie. Situl va fi deschis doar de vineri p\u00e2n\u0103 duminic\u0103 - Cronica de Hunedoara\",\"isPartOf\":{\"@id\":\"https:\/\/cronicahd.ro\/#website\"},\"primaryImageOfPage\":{\"@id\":\"https:\/\/cronicahd.ro\/?p=12444#primaryimage\"},\"image\":{\"@id\":\"https:\/\/cronicahd.ro\/?p=12444#primaryimage\"},\"thumbnailUrl\":\"https:\/\/cronicahd.ro\/wp-content\/uploads\/2026\/08\/IMG_8827.jpeg\",\"datePublished\":\"2026-08-31T10:45:21+00:00\",\"breadcrumb\":{\"@id\":\"https:\/\/cronicahd.ro\/?p=12444#breadcrumb\"},\"inLanguage\":\"ro-RO\",\"potentialAction\":[{\"@type\":\"ReadAction\",\"target\":[\"https:\/\/cronicahd.ro\/?p=12444\"]}]},{\"@type\":\"ImageObject\",\"inLanguage\":\"ro-RO\",\"@id\":\"https:\/\/cronicahd.ro\/?p=12444#primaryimage\",\"url\":\"https:\/\/cronicahd.ro\/wp-content\/uploads\/2026\/08\/IMG_8827.jpeg\",\"contentUrl\":\"https:\/\/cronicahd.ro\/wp-content\/uploads\/2026\/08\/IMG_8827.jpeg\",\"width\":1080,\"height\":720},{\"@type\":\"BreadcrumbList\",\"@id\":\"https:\/\/cronicahd.ro\/?p=12444#breadcrumb\",\"itemListElement\":[{\"@type\":\"ListItem\",\"position\":1,\"name\":\"Prima pagin\u0103\",\"item\":\"https:\/\/cronicahd.ro\/\"},{\"@type\":\"ListItem\",\"position\":2,\"name\":\"Sarmizegetusa Regia, program special de vizitare \u0219i \u00een septembrie. Situl va fi deschis doar de vineri p\u00e2n\u0103 duminic\u0103\"}]},{\"@type\":\"WebSite\",\"@id\":\"https:\/\/cronicahd.ro\/#website\",\"url\":\"https:\/\/cronicahd.ro\/\",\"name\":\"Cronica de Hunedoara\",\"description\":\"\",\"publisher\":{\"@id\":\"https:\/\/cronicahd.ro\/#organization\"},\"potentialAction\":[{\"@type\":\"SearchAction\",\"target\":{\"@type\":\"EntryPoint\",\"urlTemplate\":\"https:\/\/cronicahd.ro\/?s={search_term_string}\"},\"query-input\":{\"@type\":\"PropertyValueSpecification\",\"valueRequired\":true,\"valueName\":\"search_term_string\"}}],\"inLanguage\":\"ro-RO\"},{\"@type\":\"Organization\",\"@id\":\"https:\/\/cronicahd.ro\/#organization\",\"name\":\"Cronica de Hunedoara\",\"url\":\"https:\/\/cronicahd.ro\/\",\"logo\":{\"@type\":\"ImageObject\",\"inLanguage\":\"ro-RO\",\"@id\":\"https:\/\/cronicahd.ro\/#\/schema\/logo\/image\/\",\"url\":\"https:\/\/cronicahd.ro\/wp-content\/uploads\/2026\/03\/cropped-crh.jpg\",\"contentUrl\":\"https:\/\/cronicahd.ro\/wp-content\/uploads\/2026\/03\/cropped-crh.jpg\",\"width\":1437,\"height\":327,\"caption\":\"Cronica de Hunedoara\"},\"image\":{\"@id\":\"https:\/\/cronicahd.ro\/#\/schema\/logo\/image\/\"}},{\"@type\":\"Person\",\"@id\":\"https:\/\/cronicahd.ro\/#\/schema\/person\/d1a1277a8cd166610328e17aaf58bf46\",\"name\":\"admin\",\"image\":{\"@type\":\"ImageObject\",\"inLanguage\":\"ro-RO\",\"@id\":\"https:\/\/cronicahd.ro\/#\/schema\/person\/image\/\",\"url\":\"https:\/\/secure.gravatar.com\/avatar\/24700337280d10898c2e0d19d44a05316bff9fccc941ecc5570ffe41668203f7?s=96&d=mm&r=g\",\"contentUrl\":\"https:\/\/secure.gravatar.com\/avatar\/24700337280d10898c2e0d19d44a05316bff9fccc941ecc5570ffe41668203f7?s=96&d=mm&r=g\",\"caption\":\"admin\"},\"sameAs\":[\"https:\/\/cronicavj.ro\"],\"url\":\"https:\/\/cronicahd.ro\/?author=1\"}]}<\/script>\n<!-- \/ Yoast SEO plugin. -->","yoast_head_json":{"title":"Sarmizegetusa Regia, program special de vizitare \u0219i \u00een septembrie. Situl va fi deschis doar de vineri p\u00e2n\u0103 duminic\u0103 - Cronica de Hunedoara","robots":{"index":"index","follow":"follow","max-snippet":"max-snippet:-1","max-image-preview":"max-image-preview:large","max-video-preview":"max-video-preview:-1"},"canonical":"https:\/\/cronicahd.ro\/?p=12444","og_locale":"ro_RO","og_type":"article","og_title":"Sarmizegetusa Regia, program special de vizitare \u0219i \u00een septembrie. Situl va fi deschis doar de vineri p\u00e2n\u0103 duminic\u0103 - Cronica de Hunedoara","og_description":"&nbsp; Turi\u0219tii care inten\u021bioneaz\u0103 s\u0103 viziteze cetatea dacic\u0103 Sarmizegetusa Regia \u00een luna septembrie trebuie s\u0103...","og_url":"https:\/\/cronicahd.ro\/?p=12444","og_site_name":"Cronica de Hunedoara","article_published_time":"2026-08-31T10:45:21+00:00","og_image":[{"width":1080,"height":720,"url":"https:\/\/cronicahd.ro\/wp-content\/uploads\/2026\/08\/IMG_8827.jpeg","type":"image\/jpeg"}],"author":"admin","twitter_card":"summary_large_image","twitter_misc":{"Scris de":"admin","Timp estimat pentru citire":"2 minute"},"schema":{"@context":"https:\/\/schema.org","@graph":[{"@type":"Article","@id":"https:\/\/cronicahd.ro\/?p=12444#article","isPartOf":{"@id":"https:\/\/cronicahd.ro\/?p=12444"},"author":{"name":"admin","@id":"https:\/\/cronicahd.ro\/#\/schema\/person\/d1a1277a8cd166610328e17aaf58bf46"},"headline":"Sarmizegetusa Regia, program special de vizitare \u0219i \u00een septembrie. Situl va fi deschis doar de vineri p\u00e2n\u0103 duminic\u0103","datePublished":"2026-08-31T10:45:21+00:00","mainEntityOfPage":{"@id":"https:\/\/cronicahd.ro\/?p=12444"},"wordCount":238,"publisher":{"@id":"https:\/\/cronicahd.ro\/#organization"},"image":{"@id":"https:\/\/cronicahd.ro\/?p=12444#primaryimage"},"thumbnailUrl":"https:\/\/cronicahd.ro\/wp-content\/uploads\/2026\/08\/IMG_8827.jpeg","articleSection":["Actualitate","Administratie"],"inLanguage":"ro-RO"},{"@type":"WebPage","@id":"https:\/\/cronicahd.ro\/?p=12444","url":"https:\/\/cronicahd.ro\/?p=12444","name":"Sarmizegetusa Regia, program special de vizitare \u0219i \u00een septembrie. Situl va fi deschis doar de vineri p\u00e2n\u0103 duminic\u0103 - Cronica de Hunedoara","isPartOf":{"@id":"https:\/\/cronicahd.ro\/#website"},"primaryImageOfPage":{"@id":"https:\/\/cronicahd.ro\/?p=12444#primaryimage"},"image":{"@id":"https:\/\/cronicahd.ro\/?p=12444#primaryimage"},"thumbnailUrl":"https:\/\/cronicahd.ro\/wp-content\/uploads\/2026\/08\/IMG_8827.jpeg","datePublished":"2026-08-31T10:45:21+00:00","breadcrumb":{"@id":"https:\/\/cronicahd.ro\/?p=12444#breadcrumb"},"inLanguage":"ro-RO","potentialAction":[{"@type":"ReadAction","target":["https:\/\/cronicahd.ro\/?p=12444"]}]},{"@type":"ImageObject","inLanguage":"ro-RO","@id":"https:\/\/cronicahd.ro\/?p=12444#primaryimage","url":"https:\/\/cronicahd.ro\/wp-content\/uploads\/2026\/08\/IMG_8827.jpeg","contentUrl":"https:\/\/cronicahd.ro\/wp-content\/uploads\/2026\/08\/IMG_8827.jpeg","width":1080,"height":720},{"@type":"BreadcrumbList","@id":"https:\/\/cronicahd.ro\/?p=12444#breadcrumb","itemListElement":[{"@type":"ListItem","position":1,"name":"Prima pagin\u0103","item":"https:\/\/cronicahd.ro\/"},{"@type":"ListItem","position":2,"name":"Sarmizegetusa Regia, program special de vizitare \u0219i \u00een septembrie. Situl va fi deschis doar de vineri p\u00e2n\u0103 duminic\u0103"}]},{"@type":"WebSite","@id":"https:\/\/cronicahd.ro\/#website","url":"https:\/\/cronicahd.ro\/","name":"Cronica de Hunedoara","description":"","publisher":{"@id":"https:\/\/cronicahd.ro\/#organization"},"potentialAction":[{"@type":"SearchAction","target":{"@type":"EntryPoint","urlTemplate":"https:\/\/cronicahd.ro\/?s={search_term_string}"},"query-input":{"@type":"PropertyValueSpecification","valueRequired":true,"valueName":"search_term_string"}}],"inLanguage":"ro-RO"},{"@type":"Organization","@id":"https:\/\/cronicahd.ro\/#organization","name":"Cronica de Hunedoara","url":"https:\/\/cronicahd.ro\/","logo":{"@type":"ImageObject","inLanguage":"ro-RO","@id":"https:\/\/cronicahd.ro\/#\/schema\/logo\/image\/","url":"https:\/\/cronicahd.ro\/wp-content\/uploads\/2026\/03\/cropped-crh.jpg","contentUrl":"https:\/\/cronicahd.ro\/wp-content\/uploads\/2026\/03\/cropped-crh.jpg","width":1437,"height":327,"caption":"Cronica de Hunedoara"},"image":{"@id":"https:\/\/cronicahd.ro\/#\/schema\/logo\/image\/"}},{"@type":"Person","@id":"https:\/\/cronicahd.ro\/#\/schema\/person\/d1a1277a8cd166610328e17aaf58bf46","name":"admin","image":{"@type":"ImageObject","inLanguage":"ro-RO","@id":"https:\/\/cronicahd.ro\/#\/schema\/person\/image\/","url":"https:\/\/secure.gravatar.com\/avatar\/24700337280d10898c2e0d19d44a05316bff9fccc941ecc5570ffe41668203f7?s=96&d=mm&r=g","contentUrl":"https:\/\/secure.gravatar.com\/avatar\/24700337280d10898c2e0d19d44a05316bff9fccc941ecc5570ffe41668203f7?s=96&d=mm&r=g","caption":"admin"},"sameAs":["https:\/\/cronicavj.ro"],"url":"https:\/\/cronicahd.ro\/?author=1"}]}},"_links":{"self":[{"href":"https:\/\/cronicahd.ro\/index.php?rest_route=\/wp\/v2\/posts\/12444","targetHints":{"allow":["GET"]}}],"collection":[{"href":"https:\/\/cronicahd.ro\/index.php?rest_route=\/wp\/v2\/posts"}],"about":[{"href":"https:\/\/cronicahd.ro\/index.php?rest_route=\/wp\/v2\/types\/post"}],"author":[{"embeddable":true,"href":"https:\/\/cronicahd.ro\/index.php?rest_route=\/wp\/v2\/users\/1"}],"replies":[{"embeddable":true,"href":"https:\/\/cronicahd.ro\/index.php?rest_route=%2Fwp%2Fv2%2Fcomments&post=12444"}],"version-history":[{"count":1,"href":"https:\/\/cronicahd.ro\/index.php?rest_route=\/wp\/v2\/posts\/12444\/revisions"}],"predecessor-version":[{"id":12446,"href":"https:\/\/cronicahd.ro\/index.php?rest_route=\/wp\/v2\/posts\/12444\/revisions\/12446"}],"wp:featuredmedia":[{"embeddable":true,"href":"https:\/\/cronicahd.ro\/index.php?rest_route=\/wp\/v2\/media\/12445"}],"wp:attachment":[{"href":"https:\/\/cronicahd.ro\/index.php?rest_route=%2Fwp%2Fv2%2Fmedia&parent=12444"}],"wp:term":[{"taxonomy":"category","embeddable":true,"href":"https:\/\/cronicahd.ro\/index.php?rest_route=%2Fwp%2Fv2%2Fcategories&post=12444"},{"taxonomy":"post_tag","embeddable":true,"href":"https:\/\/cronicahd.ro\/index.php?rest_route=%2Fwp%2Fv2%2Ftags&post=12444"}],"curies":[{"name":"wp","href":"https:\/\/api.w.org\/{rel}","templated":true}]}}