{"id":12441,"date":"2026-08-31T09:59:58","date_gmt":"2026-08-31T09:59:58","guid":{"rendered":"https:\/\/cronicahd.ro\/?p=12441"},"modified":"2026-08-31T09:59:58","modified_gmt":"2026-08-31T09:59:58","slug":"cutit-de-aproape-20-de-centimetri-scos-intr-un-local-din-uricani-un-barbat-din-lupeni-a-fost-retinut-de-politisti","status":"publish","type":"post","link":"https:\/\/cronicahd.ro\/?p=12441","title":{"rendered":"Cu\u021bit de aproape 20 de centimetri, scos \u00eentr-un local din Uricani. Un b\u0103rbat din Lupeni a fost re\u021binut de poli\u021bi\u0219ti"},"content":{"rendered":"<p>&nbsp;<\/p>\n<p>Un b\u0103rbat \u00een v\u00e2rst\u0103 de 34 de ani, din municipiul Lupeni, a fost re\u021binut pentru 24 de ore de poli\u021bi\u0219ti, dup\u0103 ce ar fi provocat un scandal \u00eentr-un local din Uricani \u0219i ar fi lovit cu un cu\u021bit o mas\u0103 \u0219i un gard din material plastic.<\/p>\n<p>Incidentul a avut loc \u00een seara zilei de 30 august, \u00een jurul orei 21:30, c\u00e2nd poli\u021bi\u0219tii au fost sesiza\u021bi cu privire la faptul c\u0103 un client al localului ar fi scos un cu\u021bit \u0219i ar fi lovit o mas\u0103 cu acesta.<\/p>\n<p>Ajun\u0219i la fa\u021ba locului, oamenii legii au identificat un b\u0103rbat de 34 de ani, asupra c\u0103ruia, \u00een urma controlului corporal, au g\u0103sit un cu\u021bit cu lama de aproximativ 19 centimetri.<\/p>\n<p>Potrivit poli\u021bi\u0219tilor, din verific\u0103rile efectuate a rezultat c\u0103 b\u0103rbatul ar fi scos cu\u021bitul din teac\u0103 \u0219i ar fi lovit cu acesta at\u00e2t o mas\u0103, c\u00e2t \u0219i gardul din material plastic care \u00eemprejmuia terasa localului.<\/p>\n<p>De\u0219i nu ar fi adresat amenin\u021b\u0103ri cu acte de violen\u021b\u0103 persoanelor aflate pe teras\u0103, gesturile sale ar fi tulburat ordinea \u0219i lini\u0219tea public\u0103.<\/p>\n<p>\u00cen urma probatoriului administrat, poli\u021bi\u0219tii au dispus re\u021binerea b\u0103rbatului pentru 24 de ore, acesta fiind depus \u00een Centrul de Re\u021binere \u0219i Arestare Preventiv\u0103 Deva.<\/p>\n<p>\u00cen cauz\u0103 a fost \u00eentocmit dosar penal pentru tulburarea ordinii \u0219i lini\u0219tii publice \u0219i portul sau folosirea f\u0103r\u0103 drept de obiecte periculoase.<\/p>\n<p>Cercet\u0103rile continu\u0103 sub coordonarea unit\u0103\u021bii de parchet competente, pentru stabilirea tuturor \u00eemprejur\u0103rilor \u00een care s-a produs incidentul \u0219i dispunerea m\u0103surilor legale.<\/p>\n","protected":false},"excerpt":{"rendered":"<p>&nbsp; Un b\u0103rbat \u00een v\u00e2rst\u0103 de 34 de ani, din municipiul Lupeni, a fost re\u021binut&#8230;<\/p>\n","protected":false},"author":1,"featured_media":12442,"comment_status":"closed","ping_status":"closed","sticky":false,"template":"","format":"standard","meta":{"footnotes":""},"categories":[1,15],"tags":[],"class_list":["post-12441","post","type-post","status-publish","format-standard","has-post-thumbnail","hentry","category-actual","category-eveniment"],"yoast_head":"<!-- This site is optimized with the Yoast SEO plugin v25.3.1 - https:\/\/yoast.com\/wordpress\/plugins\/seo\/ -->\n<title>Cu\u021bit de aproape 20 de centimetri, scos \u00eentr-un local din Uricani. Un b\u0103rbat din Lupeni a fost re\u021binut de poli\u021bi\u0219ti - Cronica de Hunedoara<\/title>\n<meta name=\"robots\" content=\"index, follow, max-snippet:-1, max-image-preview:large, max-video-preview:-1\" \/>\n<link rel=\"canonical\" href=\"https:\/\/cronicahd.ro\/?p=12441\" \/>\n<meta property=\"og:locale\" content=\"ro_RO\" \/>\n<meta property=\"og:type\" content=\"article\" \/>\n<meta property=\"og:title\" content=\"Cu\u021bit de aproape 20 de centimetri, scos \u00eentr-un local din Uricani. Un b\u0103rbat din Lupeni a fost re\u021binut de poli\u021bi\u0219ti - Cronica de Hunedoara\" \/>\n<meta property=\"og:description\" content=\"&nbsp; Un b\u0103rbat \u00een v\u00e2rst\u0103 de 34 de ani, din municipiul Lupeni, a fost re\u021binut...\" \/>\n<meta property=\"og:url\" content=\"https:\/\/cronicahd.ro\/?p=12441\" \/>\n<meta property=\"og:site_name\" content=\"Cronica de Hunedoara\" \/>\n<meta property=\"article:published_time\" content=\"2026-08-31T09:59:58+00:00\" \/>\n<meta property=\"og:image\" content=\"https:\/\/cronicahd.ro\/wp-content\/uploads\/2026\/08\/IMG_8826.jpeg\" \/>\n\t<meta property=\"og:image:width\" content=\"1125\" \/>\n\t<meta property=\"og:image:height\" content=\"1585\" \/>\n\t<meta property=\"og:image:type\" content=\"image\/jpeg\" \/>\n<meta name=\"author\" content=\"admin\" \/>\n<meta name=\"twitter:card\" content=\"summary_large_image\" \/>\n<meta name=\"twitter:label1\" content=\"Scris de\" \/>\n\t<meta name=\"twitter:data1\" content=\"admin\" \/>\n\t<meta name=\"twitter:label2\" content=\"Timp estimat pentru citire\" \/>\n\t<meta name=\"twitter:data2\" content=\"2 minute\" \/>\n<script type=\"application\/ld+json\" class=\"yoast-schema-graph\">{\"@context\":\"https:\/\/schema.org\",\"@graph\":[{\"@type\":\"Article\",\"@id\":\"https:\/\/cronicahd.ro\/?p=12441#article\",\"isPartOf\":{\"@id\":\"https:\/\/cronicahd.ro\/?p=12441\"},\"author\":{\"name\":\"admin\",\"@id\":\"https:\/\/cronicahd.ro\/#\/schema\/person\/d1a1277a8cd166610328e17aaf58bf46\"},\"headline\":\"Cu\u021bit de aproape 20 de centimetri, scos \u00eentr-un local din Uricani. Un b\u0103rbat din Lupeni a fost re\u021binut de poli\u021bi\u0219ti\",\"datePublished\":\"2026-08-31T09:59:58+00:00\",\"mainEntityOfPage\":{\"@id\":\"https:\/\/cronicahd.ro\/?p=12441\"},\"wordCount\":297,\"publisher\":{\"@id\":\"https:\/\/cronicahd.ro\/#organization\"},\"image\":{\"@id\":\"https:\/\/cronicahd.ro\/?p=12441#primaryimage\"},\"thumbnailUrl\":\"https:\/\/cronicahd.ro\/wp-content\/uploads\/2026\/08\/IMG_8826.jpeg\",\"articleSection\":[\"Actualitate\",\"eveniment\"],\"inLanguage\":\"ro-RO\"},{\"@type\":\"WebPage\",\"@id\":\"https:\/\/cronicahd.ro\/?p=12441\",\"url\":\"https:\/\/cronicahd.ro\/?p=12441\",\"name\":\"Cu\u021bit de aproape 20 de centimetri, scos \u00eentr-un local din Uricani. Un b\u0103rbat din Lupeni a fost re\u021binut de poli\u021bi\u0219ti - Cronica de Hunedoara\",\"isPartOf\":{\"@id\":\"https:\/\/cronicahd.ro\/#website\"},\"primaryImageOfPage\":{\"@id\":\"https:\/\/cronicahd.ro\/?p=12441#primaryimage\"},\"image\":{\"@id\":\"https:\/\/cronicahd.ro\/?p=12441#primaryimage\"},\"thumbnailUrl\":\"https:\/\/cronicahd.ro\/wp-content\/uploads\/2026\/08\/IMG_8826.jpeg\",\"datePublished\":\"2026-08-31T09:59:58+00:00\",\"breadcrumb\":{\"@id\":\"https:\/\/cronicahd.ro\/?p=12441#breadcrumb\"},\"inLanguage\":\"ro-RO\",\"potentialAction\":[{\"@type\":\"ReadAction\",\"target\":[\"https:\/\/cronicahd.ro\/?p=12441\"]}]},{\"@type\":\"ImageObject\",\"inLanguage\":\"ro-RO\",\"@id\":\"https:\/\/cronicahd.ro\/?p=12441#primaryimage\",\"url\":\"https:\/\/cronicahd.ro\/wp-content\/uploads\/2026\/08\/IMG_8826.jpeg\",\"contentUrl\":\"https:\/\/cronicahd.ro\/wp-content\/uploads\/2026\/08\/IMG_8826.jpeg\",\"width\":1125,\"height\":1585,\"caption\":\"Screenshot\"},{\"@type\":\"BreadcrumbList\",\"@id\":\"https:\/\/cronicahd.ro\/?p=12441#breadcrumb\",\"itemListElement\":[{\"@type\":\"ListItem\",\"position\":1,\"name\":\"Prima pagin\u0103\",\"item\":\"https:\/\/cronicahd.ro\/\"},{\"@type\":\"ListItem\",\"position\":2,\"name\":\"Cu\u021bit de aproape 20 de centimetri, scos \u00eentr-un local din Uricani. Un b\u0103rbat din Lupeni a fost re\u021binut de poli\u021bi\u0219ti\"}]},{\"@type\":\"WebSite\",\"@id\":\"https:\/\/cronicahd.ro\/#website\",\"url\":\"https:\/\/cronicahd.ro\/\",\"name\":\"Cronica de Hunedoara\",\"description\":\"\",\"publisher\":{\"@id\":\"https:\/\/cronicahd.ro\/#organization\"},\"potentialAction\":[{\"@type\":\"SearchAction\",\"target\":{\"@type\":\"EntryPoint\",\"urlTemplate\":\"https:\/\/cronicahd.ro\/?s={search_term_string}\"},\"query-input\":{\"@type\":\"PropertyValueSpecification\",\"valueRequired\":true,\"valueName\":\"search_term_string\"}}],\"inLanguage\":\"ro-RO\"},{\"@type\":\"Organization\",\"@id\":\"https:\/\/cronicahd.ro\/#organization\",\"name\":\"Cronica de Hunedoara\",\"url\":\"https:\/\/cronicahd.ro\/\",\"logo\":{\"@type\":\"ImageObject\",\"inLanguage\":\"ro-RO\",\"@id\":\"https:\/\/cronicahd.ro\/#\/schema\/logo\/image\/\",\"url\":\"https:\/\/cronicahd.ro\/wp-content\/uploads\/2026\/03\/cropped-crh.jpg\",\"contentUrl\":\"https:\/\/cronicahd.ro\/wp-content\/uploads\/2026\/03\/cropped-crh.jpg\",\"width\":1437,\"height\":327,\"caption\":\"Cronica de Hunedoara\"},\"image\":{\"@id\":\"https:\/\/cronicahd.ro\/#\/schema\/logo\/image\/\"}},{\"@type\":\"Person\",\"@id\":\"https:\/\/cronicahd.ro\/#\/schema\/person\/d1a1277a8cd166610328e17aaf58bf46\",\"name\":\"admin\",\"image\":{\"@type\":\"ImageObject\",\"inLanguage\":\"ro-RO\",\"@id\":\"https:\/\/cronicahd.ro\/#\/schema\/person\/image\/\",\"url\":\"https:\/\/secure.gravatar.com\/avatar\/24700337280d10898c2e0d19d44a05316bff9fccc941ecc5570ffe41668203f7?s=96&d=mm&r=g\",\"contentUrl\":\"https:\/\/secure.gravatar.com\/avatar\/24700337280d10898c2e0d19d44a05316bff9fccc941ecc5570ffe41668203f7?s=96&d=mm&r=g\",\"caption\":\"admin\"},\"sameAs\":[\"https:\/\/cronicavj.ro\"],\"url\":\"https:\/\/cronicahd.ro\/?author=1\"}]}<\/script>\n<!-- \/ Yoast SEO plugin. -->","yoast_head_json":{"title":"Cu\u021bit de aproape 20 de centimetri, scos \u00eentr-un local din Uricani. Un b\u0103rbat din Lupeni a fost re\u021binut de poli\u021bi\u0219ti - Cronica de Hunedoara","robots":{"index":"index","follow":"follow","max-snippet":"max-snippet:-1","max-image-preview":"max-image-preview:large","max-video-preview":"max-video-preview:-1"},"canonical":"https:\/\/cronicahd.ro\/?p=12441","og_locale":"ro_RO","og_type":"article","og_title":"Cu\u021bit de aproape 20 de centimetri, scos \u00eentr-un local din Uricani. Un b\u0103rbat din Lupeni a fost re\u021binut de poli\u021bi\u0219ti - Cronica de Hunedoara","og_description":"&nbsp; Un b\u0103rbat \u00een v\u00e2rst\u0103 de 34 de ani, din municipiul Lupeni, a fost re\u021binut...","og_url":"https:\/\/cronicahd.ro\/?p=12441","og_site_name":"Cronica de Hunedoara","article_published_time":"2026-08-31T09:59:58+00:00","og_image":[{"width":1125,"height":1585,"url":"https:\/\/cronicahd.ro\/wp-content\/uploads\/2026\/08\/IMG_8826.jpeg","type":"image\/jpeg"}],"author":"admin","twitter_card":"summary_large_image","twitter_misc":{"Scris de":"admin","Timp estimat pentru citire":"2 minute"},"schema":{"@context":"https:\/\/schema.org","@graph":[{"@type":"Article","@id":"https:\/\/cronicahd.ro\/?p=12441#article","isPartOf":{"@id":"https:\/\/cronicahd.ro\/?p=12441"},"author":{"name":"admin","@id":"https:\/\/cronicahd.ro\/#\/schema\/person\/d1a1277a8cd166610328e17aaf58bf46"},"headline":"Cu\u021bit de aproape 20 de centimetri, scos \u00eentr-un local din Uricani. Un b\u0103rbat din Lupeni a fost re\u021binut de poli\u021bi\u0219ti","datePublished":"2026-08-31T09:59:58+00:00","mainEntityOfPage":{"@id":"https:\/\/cronicahd.ro\/?p=12441"},"wordCount":297,"publisher":{"@id":"https:\/\/cronicahd.ro\/#organization"},"image":{"@id":"https:\/\/cronicahd.ro\/?p=12441#primaryimage"},"thumbnailUrl":"https:\/\/cronicahd.ro\/wp-content\/uploads\/2026\/08\/IMG_8826.jpeg","articleSection":["Actualitate","eveniment"],"inLanguage":"ro-RO"},{"@type":"WebPage","@id":"https:\/\/cronicahd.ro\/?p=12441","url":"https:\/\/cronicahd.ro\/?p=12441","name":"Cu\u021bit de aproape 20 de centimetri, scos \u00eentr-un local din Uricani. Un b\u0103rbat din Lupeni a fost re\u021binut de poli\u021bi\u0219ti - Cronica de Hunedoara","isPartOf":{"@id":"https:\/\/cronicahd.ro\/#website"},"primaryImageOfPage":{"@id":"https:\/\/cronicahd.ro\/?p=12441#primaryimage"},"image":{"@id":"https:\/\/cronicahd.ro\/?p=12441#primaryimage"},"thumbnailUrl":"https:\/\/cronicahd.ro\/wp-content\/uploads\/2026\/08\/IMG_8826.jpeg","datePublished":"2026-08-31T09:59:58+00:00","breadcrumb":{"@id":"https:\/\/cronicahd.ro\/?p=12441#breadcrumb"},"inLanguage":"ro-RO","potentialAction":[{"@type":"ReadAction","target":["https:\/\/cronicahd.ro\/?p=12441"]}]},{"@type":"ImageObject","inLanguage":"ro-RO","@id":"https:\/\/cronicahd.ro\/?p=12441#primaryimage","url":"https:\/\/cronicahd.ro\/wp-content\/uploads\/2026\/08\/IMG_8826.jpeg","contentUrl":"https:\/\/cronicahd.ro\/wp-content\/uploads\/2026\/08\/IMG_8826.jpeg","width":1125,"height":1585,"caption":"Screenshot"},{"@type":"BreadcrumbList","@id":"https:\/\/cronicahd.ro\/?p=12441#breadcrumb","itemListElement":[{"@type":"ListItem","position":1,"name":"Prima pagin\u0103","item":"https:\/\/cronicahd.ro\/"},{"@type":"ListItem","position":2,"name":"Cu\u021bit de aproape 20 de centimetri, scos \u00eentr-un local din Uricani. Un b\u0103rbat din Lupeni a fost re\u021binut de poli\u021bi\u0219ti"}]},{"@type":"WebSite","@id":"https:\/\/cronicahd.ro\/#website","url":"https:\/\/cronicahd.ro\/","name":"Cronica de Hunedoara","description":"","publisher":{"@id":"https:\/\/cronicahd.ro\/#organization"},"potentialAction":[{"@type":"SearchAction","target":{"@type":"EntryPoint","urlTemplate":"https:\/\/cronicahd.ro\/?s={search_term_string}"},"query-input":{"@type":"PropertyValueSpecification","valueRequired":true,"valueName":"search_term_string"}}],"inLanguage":"ro-RO"},{"@type":"Organization","@id":"https:\/\/cronicahd.ro\/#organization","name":"Cronica de Hunedoara","url":"https:\/\/cronicahd.ro\/","logo":{"@type":"ImageObject","inLanguage":"ro-RO","@id":"https:\/\/cronicahd.ro\/#\/schema\/logo\/image\/","url":"https:\/\/cronicahd.ro\/wp-content\/uploads\/2026\/03\/cropped-crh.jpg","contentUrl":"https:\/\/cronicahd.ro\/wp-content\/uploads\/2026\/03\/cropped-crh.jpg","width":1437,"height":327,"caption":"Cronica de Hunedoara"},"image":{"@id":"https:\/\/cronicahd.ro\/#\/schema\/logo\/image\/"}},{"@type":"Person","@id":"https:\/\/cronicahd.ro\/#\/schema\/person\/d1a1277a8cd166610328e17aaf58bf46","name":"admin","image":{"@type":"ImageObject","inLanguage":"ro-RO","@id":"https:\/\/cronicahd.ro\/#\/schema\/person\/image\/","url":"https:\/\/secure.gravatar.com\/avatar\/24700337280d10898c2e0d19d44a05316bff9fccc941ecc5570ffe41668203f7?s=96&d=mm&r=g","contentUrl":"https:\/\/secure.gravatar.com\/avatar\/24700337280d10898c2e0d19d44a05316bff9fccc941ecc5570ffe41668203f7?s=96&d=mm&r=g","caption":"admin"},"sameAs":["https:\/\/cronicavj.ro"],"url":"https:\/\/cronicahd.ro\/?author=1"}]}},"_links":{"self":[{"href":"https:\/\/cronicahd.ro\/index.php?rest_route=\/wp\/v2\/posts\/12441","targetHints":{"allow":["GET"]}}],"collection":[{"href":"https:\/\/cronicahd.ro\/index.php?rest_route=\/wp\/v2\/posts"}],"about":[{"href":"https:\/\/cronicahd.ro\/index.php?rest_route=\/wp\/v2\/types\/post"}],"author":[{"embeddable":true,"href":"https:\/\/cronicahd.ro\/index.php?rest_route=\/wp\/v2\/users\/1"}],"replies":[{"embeddable":true,"href":"https:\/\/cronicahd.ro\/index.php?rest_route=%2Fwp%2Fv2%2Fcomments&post=12441"}],"version-history":[{"count":1,"href":"https:\/\/cronicahd.ro\/index.php?rest_route=\/wp\/v2\/posts\/12441\/revisions"}],"predecessor-version":[{"id":12443,"href":"https:\/\/cronicahd.ro\/index.php?rest_route=\/wp\/v2\/posts\/12441\/revisions\/12443"}],"wp:featuredmedia":[{"embeddable":true,"href":"https:\/\/cronicahd.ro\/index.php?rest_route=\/wp\/v2\/media\/12442"}],"wp:attachment":[{"href":"https:\/\/cronicahd.ro\/index.php?rest_route=%2Fwp%2Fv2%2Fmedia&parent=12441"}],"wp:term":[{"taxonomy":"category","embeddable":true,"href":"https:\/\/cronicahd.ro\/index.php?rest_route=%2Fwp%2Fv2%2Fcategories&post=12441"},{"taxonomy":"post_tag","embeddable":true,"href":"https:\/\/cronicahd.ro\/index.php?rest_route=%2Fwp%2Fv2%2Ftags&post=12441"}],"curies":[{"name":"wp","href":"https:\/\/api.w.org\/{rel}","templated":true}]}}