{"id":12425,"date":"2026-08-31T04:34:13","date_gmt":"2026-08-31T04:34:13","guid":{"rendered":"https:\/\/cronicahd.ro\/?p=12425"},"modified":"2026-08-31T04:34:13","modified_gmt":"2026-08-31T04:34:13","slug":"admitere-de-toamna-la-universitatea-din-petrosani-putine-locuri-la-buget-tot-mai-multi-candidati-aleg-programele-cu-taxa","status":"publish","type":"post","link":"https:\/\/cronicahd.ro\/?p=12425","title":{"rendered":"Admitere de toamn\u0103 la Universitatea din Petro\u0219ani. Pu\u021bine locuri la buget, tot mai mul\u021bi candida\u021bi aleg programele cu tax\u0103"},"content":{"rendered":"<p class=\"s3\">Universitatea din Petro\u0219ani a dat startul admiterii pentru sesiunea de toamn\u0103. Candida\u021bii se pot \u00eenscrie online, iar din 31 august, la fiecare facultate vor fi membri ai comisiilor de admitere care \u00eei vor ajuta pe cei care \u00eent\u00e2mpin\u0103 probleme cu dosarele sau cu platforma de \u00eenscriere.<\/p>\n<p class=\"s5\"><span class=\"s4\"><span class=\"bumpedFont15\">Rectorul Universit\u0103\u021bii din Petro\u0219ani, prof. univ. dr. ing. Radu Sorin Mihai, spune c\u0103 institu\u021bia \u00ee\u0219i propune s\u0103 ocupe c\u00e2t mai multe dintre locurile disponibile, inclusiv cele cu tax\u0103.<\/span><\/span><\/p>\n<p class=\"s5\"><span class=\"s4\"><span class=\"bumpedFont15\">\u201eAm dat drumul la admiterea de toamn\u0103, pe platformele online, pentru c\u0103 platformele se deschid. To\u021bi cei care doresc s\u0103 se \u00eenscrie pentru sesiunea de toamn\u0103 se pot \u00eenscrie\u201d, a declarat rectorul Universit\u0103\u021bii din Petro\u0219ani, prof. univ. dr. ing. Radu Sorin Mihai.<\/span><\/span><\/p>\n<p class=\"s3\"><span class=\"s2\"><span class=\"bumpedFont15\">Candida\u021bii pot primi sprijin la facult\u0103\u021bi<\/span><\/span><\/p>\n<p class=\"s5\"><span class=\"s4\"><span class=\"bumpedFont15\">Din 31 august, candida\u021bii care au nevoie de ajutor vor putea apela direct la membrii comisiilor de admitere.<\/span><\/span><\/p>\n<p class=\"s5\"><span class=\"s4\"><span class=\"bumpedFont15\">\u201eDin 31 august ave<\/span><\/span><span class=\"s4\"><span class=\"bumpedFont15\">m permanent, la fiecare facultate, colegi din comisiile de admitere care s\u0103-i sprijine pe cei care au probleme sau pe cei care trimit online \u0219i nu au toate documentele sau au documente gre\u0219ite sau incomplete\u201d, a explicat Radu Sorin Mihai.<\/span><\/span><\/p>\n<p class=\"s3\"><span class=\"s2\"><span class=\"bumpedFont15\">Pu\u021bine locuri la buget au mai r\u0103mas<\/span><\/span><\/p>\n<p class=\"s5\"><span class=\"s4\"><span class=\"bumpedFont15\">Dup\u0103 prima etap\u0103 a admiterii, num\u0103rul locurilor finan\u021bate de la buget este redus la mai multe facult\u0103\u021bi.<\/span><\/span><\/p>\n<p class=\"s5\"><span class=\"s4\"><span class=\"bumpedFont15\">\u201eAvem c\u00e2teva lucruri bugetate, dar nu foarte multe. De exemplu, la Facultatea de Inginerie Mecanic\u0103 \u0219i Electric\u0103, parc\u0103 un singur loc mai avem bugetat. La Facultatea de Mine avem c\u00e2teva locuri bugetate la dou\u0103, trei specializ\u0103ri sau programe de studii \u0219i la Facultatea de \u0218tiin\u021be Economice, Administrative \u0219i Sociale\u201d, a precizat rectorul.<\/span><\/span><\/p>\n<p class=\"s5\"><span class=\"s4\"><span class=\"bumpedFont15\">La Colegiul Nord Universitar, admiterea pentru aceast\u0103 etap\u0103 se apropie de final.<\/span><\/span><\/p>\n<p class=\"s5\"><span class=\"s4\"><span class=\"bumpedFont15\">\u201eM\u00e2ine se \u00eencheie admiterea la Colegiul Nord Universitar, unde avem cele trei programe de studii \u0219i sper\u0103m ca \u0219i la acest colegiu s\u0103 ocup\u0103m toate locurile bugetate\u201d, a declarat acesta.<\/span><\/span><\/p>\n<p class=\"s3\"><span class=\"s2\"><span class=\"bumpedFont15\">Asisten\u021ba Medical\u0103, printre programele cu cerere mai mare<\/span><\/span><\/p>\n<p class=\"s5\"><span class=\"s4\"><span class=\"bumpedFont15\">Un interes mai mare se \u00eenregistreaz\u0103 pentru programul de Asisten\u021b\u0103 Medical\u0103. Potrivit rectorului, num\u0103rul solicit\u0103rilor va duce \u0219i la ocuparea unor locuri cu tax\u0103.<\/span><\/span><\/p>\n<p class=\"s5\"><span class=\"s4\"><span class=\"bumpedFont15\">\u201eAm \u00een\u021beles c\u0103 la Asisten\u021b\u0103 Medical\u0103 avem solicit\u0103ri mai multe \u0219i atunci vom avea \u0219i studen\u021bi cu tax\u0103\u201d, a spus Radu Sorin Mihai.<\/span><\/span><\/p>\n<p class=\"s5\"><span class=\"s4\"><span class=\"bumpedFont15\">Universitatea nu se a\u0219teapt\u0103 ca toate locurile cu tax\u0103 s\u0103 fie ocupate, \u00eens\u0103 o parte dintre acestea au fost deja atribuite.<\/span><\/span><\/p>\n<p class=\"s5\"><span class=\"s4\"><span class=\"bumpedFont15\">\u201eVom ocupa c\u00e2t mai multe locuri cu tax\u0103. Acum nu cred c\u0103 toate locurile cu tax\u0103 vor fi ocupate, dar deja am ocupat o parte din locurile cu tax\u0103\u201d, a precizat rectorul.<\/span><\/span><\/p>\n<p class=\"s3\"><span class=\"s2\"><span class=\"bumpedFont15\">Sesiunea de toamn\u0103, \u0219i pentru cei care vor o a doua facultate<\/span><\/span><\/p>\n<p class=\"s5\"><span class=\"s4\"><span class=\"bumpedFont15\">Admiterea din aceast\u0103 perioad\u0103 se adreseaz\u0103 \u0219i studen\u021bilor care vor s\u0103 revin\u0103 la studii dup\u0103 ce nu au promovat anii universitari, dar \u0219i persoanelor care vor s\u0103 urmeze o a doua facultate.<\/span><\/span><\/p>\n<p class=\"s5\"><span class=\"s4\"><span class=\"bumpedFont15\">\u201eAcum, \u00een sesiunea de toamn\u0103, sunt posibile re\u00eenmatricul\u0103ri ale unor studen\u021bi care nu au reu\u0219it s\u0103 promoveze anii de studiu. Acum, \u00een toamn\u0103, vin \u0219i studen\u021bii care vor s\u0103 fac\u0103 a doua facultate, pentru c\u0103 le trebuie \u00een domeniul \u00een care \u00ee\u0219i desf\u0103\u0219oar\u0103 activitatea. \u0218i, ca dat\u0103, vom avea o serie de solicit\u0103ri\u201d, a explicat Radu Sorin Mihai.<\/span><\/span><\/p>\n<p class=\"s5\"><span class=\"s4\"><span class=\"bumpedFont15\">\u00cen cazul celor care aleg o a doua facultate, cea mai mare parte va avea statut de student cu tax\u0103.<\/span><\/span><\/p>\n<p class=\"s5\"><span class=\"s4\"><span class=\"bumpedFont15\">\u201eMarea majoritate dintre ace\u0219tia vor veni cu tax\u0103, pentru c\u0103 probabil au f\u0103cut prima facultate la buget \u0219i ei vor fi \u00eenscri\u0219i fie din anul 1, fie din anul 2 \u0219i, mai rar, \u00een anul 3, \u00een func\u021bie de prima specializare pe care au finalizat-o. \u0218i ace\u0219tia se vor ad\u0103uga la studen\u021bii cu tax\u0103, numai c\u0103 ei vor putea veni \u00een anul 1, 2 sau maxim 3\u201d, a declarat rectorul.<\/span><\/span><\/p>\n<p class=\"s3\"><span class=\"s2\"><span class=\"bumpedFont15\">Locurile pentru studen\u021bii basarabeni, aproape ocupate<\/span><\/span><\/p>\n<p class=\"s5\"><span class=\"s4\"><span class=\"bumpedFont15\">Universitatea din Petro\u0219ani a ocupat locurile bugetate destinate studen\u021bilor basarabeni. Mai sunt c\u00e2teva locuri f\u0103r\u0103 tax\u0103 \u0219i dou\u0103 locuri cu burs\u0103.<\/span><\/span><\/p>\n<p class=\"s5\"><span class=\"s4\"><span class=\"bumpedFont15\">\u201eStuden\u021bi basarabeni am ocupat locurile bugetate, mai avem vreo dou\u0103 locuri cu burs\u0103 \u0219i mai sunt c\u00e2teva locuri f\u0103r\u0103 tax\u0103. Sper\u0103m s\u0103 se ocupe \u0219i acestea, pentru c\u0103 cu tax\u0103 nu prea vin, c\u0103 nu prea au posibilitatea s\u0103 urmeze studiile cu tax\u0103\u201d, a explicat Radu Sorin Mihai.<\/span><\/span><\/p>\n<p class=\"s5\"><span class=\"s4\"><span class=\"bumpedFont15\">Studen\u021bii basarabeni care beneficiaz\u0103 de burs\u0103 primesc acela\u0219i cuantum ca studen\u021bii rom\u00e2ni.<\/span><\/span><\/p>\n<p class=\"s5\"><span class=\"s4\"><span class=\"bumpedFont15\">\u201eChiar dac\u0103 o parte dintre ei, cam dup\u0103 anul 1 sau 2, mai ales dup\u0103 anul 2, \u00eencearc\u0103 cu jum\u0103tate de norm\u0103 s\u0103 lucreze pentru a-\u0219i suplimenta veniturile. Ei au burs\u0103, cei care au burs\u0103, au burs\u0103 ca \u0219i studen\u021bii rom\u00e2ni, 925 de lei\u201d, a precizat rectorul.<\/span><\/span><\/p>\n<p class=\"s5\"><span class=\"s4\"><span class=\"bumpedFont15\">Studen\u021bii basarabeni au, de asemenea, o prezen\u021b\u0103 important\u0103 \u00een cadrul mobilit\u0103\u021bilor interna\u021bionale.<\/span><\/span><\/p>\n<p class=\"s5\"><span class=\"s4\"><span class=\"bumpedFont15\">\u201e\u0218i mai profit\u0103 \u0219i nu numai profit\u0103, dar sunt \u00eentr-un num\u0103r destul de mare dintre studen\u021bii care pleac\u0103 la specializ\u0103ri prin programul Erasmus+\u201d, a mai spus Radu Sorin Mihai.<\/span><\/span><\/p>\n<p class=\"s5\"><span class=\"s4\"><span class=\"bumpedFont15\">Admiterea de toamn\u0103 reprezint\u0103, astfel, o nou\u0103 oportunitate pentru cei care vor s\u0103 \u00eenceap\u0103 studiile universitare, pentru cei care vor o a doua specializare, dar \u0219i pentru studen\u021bii care au nevoie de re\u00eenmatriculare. Universitatea din Petro\u0219ani \u00eencearc\u0103 s\u0103 ocupe \u00een aceast\u0103 etap\u0103 at\u00e2t locurile bugetate care au mai r\u0103mas, c\u00e2t \u0219i o parte c\u00e2t mai mare dintre locurile cu tax\u0103.<\/span><\/span><\/p>\n","protected":false},"excerpt":{"rendered":"<p>Universitatea din Petro\u0219ani a dat startul admiterii pentru sesiunea de toamn\u0103. Candida\u021bii se pot \u00eenscrie&#8230;<\/p>\n","protected":false},"author":1,"featured_media":5277,"comment_status":"closed","ping_status":"closed","sticky":false,"template":"","format":"standard","meta":{"footnotes":""},"categories":[1,12],"tags":[],"class_list":["post-12425","post","type-post","status-publish","format-standard","has-post-thumbnail","hentry","category-actual","category-invatamant"],"yoast_head":"<!-- This site is optimized with the Yoast SEO plugin v25.3.1 - https:\/\/yoast.com\/wordpress\/plugins\/seo\/ -->\n<title>Admitere de toamn\u0103 la Universitatea din Petro\u0219ani. Pu\u021bine locuri la buget, tot mai mul\u021bi candida\u021bi aleg programele cu tax\u0103 - Cronica de Hunedoara<\/title>\n<meta name=\"robots\" content=\"index, follow, max-snippet:-1, max-image-preview:large, max-video-preview:-1\" \/>\n<link rel=\"canonical\" href=\"https:\/\/cronicahd.ro\/?p=12425\" \/>\n<meta property=\"og:locale\" content=\"ro_RO\" \/>\n<meta property=\"og:type\" content=\"article\" \/>\n<meta property=\"og:title\" content=\"Admitere de toamn\u0103 la Universitatea din Petro\u0219ani. Pu\u021bine locuri la buget, tot mai mul\u021bi candida\u021bi aleg programele cu tax\u0103 - Cronica de Hunedoara\" \/>\n<meta property=\"og:description\" content=\"Universitatea din Petro\u0219ani a dat startul admiterii pentru sesiunea de toamn\u0103. Candida\u021bii se pot \u00eenscrie...\" \/>\n<meta property=\"og:url\" content=\"https:\/\/cronicahd.ro\/?p=12425\" \/>\n<meta property=\"og:site_name\" content=\"Cronica de Hunedoara\" \/>\n<meta property=\"article:published_time\" content=\"2026-08-31T04:34:13+00:00\" \/>\n<meta property=\"og:image\" content=\"https:\/\/cronicahd.ro\/wp-content\/uploads\/2026\/01\/radus.jpg\" \/>\n\t<meta property=\"og:image:width\" content=\"2048\" \/>\n\t<meta property=\"og:image:height\" content=\"1536\" \/>\n\t<meta property=\"og:image:type\" content=\"image\/jpeg\" \/>\n<meta name=\"author\" content=\"admin\" \/>\n<meta name=\"twitter:card\" content=\"summary_large_image\" \/>\n<meta name=\"twitter:label1\" content=\"Scris de\" \/>\n\t<meta name=\"twitter:data1\" content=\"admin\" \/>\n\t<meta name=\"twitter:label2\" content=\"Timp estimat pentru citire\" \/>\n\t<meta name=\"twitter:data2\" content=\"5 minute\" \/>\n<script type=\"application\/ld+json\" class=\"yoast-schema-graph\">{\"@context\":\"https:\/\/schema.org\",\"@graph\":[{\"@type\":\"Article\",\"@id\":\"https:\/\/cronicahd.ro\/?p=12425#article\",\"isPartOf\":{\"@id\":\"https:\/\/cronicahd.ro\/?p=12425\"},\"author\":{\"name\":\"admin\",\"@id\":\"https:\/\/cronicahd.ro\/#\/schema\/person\/d1a1277a8cd166610328e17aaf58bf46\"},\"headline\":\"Admitere de toamn\u0103 la Universitatea din Petro\u0219ani. Pu\u021bine locuri la buget, tot mai mul\u021bi candida\u021bi aleg programele cu tax\u0103\",\"datePublished\":\"2026-08-31T04:34:13+00:00\",\"mainEntityOfPage\":{\"@id\":\"https:\/\/cronicahd.ro\/?p=12425\"},\"wordCount\":927,\"publisher\":{\"@id\":\"https:\/\/cronicahd.ro\/#organization\"},\"image\":{\"@id\":\"https:\/\/cronicahd.ro\/?p=12425#primaryimage\"},\"thumbnailUrl\":\"https:\/\/cronicahd.ro\/wp-content\/uploads\/2026\/01\/radus.jpg\",\"articleSection\":[\"Actualitate\",\"invatamant\"],\"inLanguage\":\"ro-RO\"},{\"@type\":\"WebPage\",\"@id\":\"https:\/\/cronicahd.ro\/?p=12425\",\"url\":\"https:\/\/cronicahd.ro\/?p=12425\",\"name\":\"Admitere de toamn\u0103 la Universitatea din Petro\u0219ani. Pu\u021bine locuri la buget, tot mai mul\u021bi candida\u021bi aleg programele cu tax\u0103 - Cronica de Hunedoara\",\"isPartOf\":{\"@id\":\"https:\/\/cronicahd.ro\/#website\"},\"primaryImageOfPage\":{\"@id\":\"https:\/\/cronicahd.ro\/?p=12425#primaryimage\"},\"image\":{\"@id\":\"https:\/\/cronicahd.ro\/?p=12425#primaryimage\"},\"thumbnailUrl\":\"https:\/\/cronicahd.ro\/wp-content\/uploads\/2026\/01\/radus.jpg\",\"datePublished\":\"2026-08-31T04:34:13+00:00\",\"breadcrumb\":{\"@id\":\"https:\/\/cronicahd.ro\/?p=12425#breadcrumb\"},\"inLanguage\":\"ro-RO\",\"potentialAction\":[{\"@type\":\"ReadAction\",\"target\":[\"https:\/\/cronicahd.ro\/?p=12425\"]}]},{\"@type\":\"ImageObject\",\"inLanguage\":\"ro-RO\",\"@id\":\"https:\/\/cronicahd.ro\/?p=12425#primaryimage\",\"url\":\"https:\/\/cronicahd.ro\/wp-content\/uploads\/2026\/01\/radus.jpg\",\"contentUrl\":\"https:\/\/cronicahd.ro\/wp-content\/uploads\/2026\/01\/radus.jpg\",\"width\":2048,\"height\":1536},{\"@type\":\"BreadcrumbList\",\"@id\":\"https:\/\/cronicahd.ro\/?p=12425#breadcrumb\",\"itemListElement\":[{\"@type\":\"ListItem\",\"position\":1,\"name\":\"Prima pagin\u0103\",\"item\":\"https:\/\/cronicahd.ro\/\"},{\"@type\":\"ListItem\",\"position\":2,\"name\":\"Admitere de toamn\u0103 la Universitatea din Petro\u0219ani. Pu\u021bine locuri la buget, tot mai mul\u021bi candida\u021bi aleg programele cu tax\u0103\"}]},{\"@type\":\"WebSite\",\"@id\":\"https:\/\/cronicahd.ro\/#website\",\"url\":\"https:\/\/cronicahd.ro\/\",\"name\":\"Cronica de Hunedoara\",\"description\":\"\",\"publisher\":{\"@id\":\"https:\/\/cronicahd.ro\/#organization\"},\"potentialAction\":[{\"@type\":\"SearchAction\",\"target\":{\"@type\":\"EntryPoint\",\"urlTemplate\":\"https:\/\/cronicahd.ro\/?s={search_term_string}\"},\"query-input\":{\"@type\":\"PropertyValueSpecification\",\"valueRequired\":true,\"valueName\":\"search_term_string\"}}],\"inLanguage\":\"ro-RO\"},{\"@type\":\"Organization\",\"@id\":\"https:\/\/cronicahd.ro\/#organization\",\"name\":\"Cronica de Hunedoara\",\"url\":\"https:\/\/cronicahd.ro\/\",\"logo\":{\"@type\":\"ImageObject\",\"inLanguage\":\"ro-RO\",\"@id\":\"https:\/\/cronicahd.ro\/#\/schema\/logo\/image\/\",\"url\":\"https:\/\/cronicahd.ro\/wp-content\/uploads\/2026\/03\/cropped-crh.jpg\",\"contentUrl\":\"https:\/\/cronicahd.ro\/wp-content\/uploads\/2026\/03\/cropped-crh.jpg\",\"width\":1437,\"height\":327,\"caption\":\"Cronica de Hunedoara\"},\"image\":{\"@id\":\"https:\/\/cronicahd.ro\/#\/schema\/logo\/image\/\"}},{\"@type\":\"Person\",\"@id\":\"https:\/\/cronicahd.ro\/#\/schema\/person\/d1a1277a8cd166610328e17aaf58bf46\",\"name\":\"admin\",\"image\":{\"@type\":\"ImageObject\",\"inLanguage\":\"ro-RO\",\"@id\":\"https:\/\/cronicahd.ro\/#\/schema\/person\/image\/\",\"url\":\"https:\/\/secure.gravatar.com\/avatar\/24700337280d10898c2e0d19d44a05316bff9fccc941ecc5570ffe41668203f7?s=96&d=mm&r=g\",\"contentUrl\":\"https:\/\/secure.gravatar.com\/avatar\/24700337280d10898c2e0d19d44a05316bff9fccc941ecc5570ffe41668203f7?s=96&d=mm&r=g\",\"caption\":\"admin\"},\"sameAs\":[\"https:\/\/cronicavj.ro\"],\"url\":\"https:\/\/cronicahd.ro\/?author=1\"}]}<\/script>\n<!-- \/ Yoast SEO plugin. -->","yoast_head_json":{"title":"Admitere de toamn\u0103 la Universitatea din Petro\u0219ani. Pu\u021bine locuri la buget, tot mai mul\u021bi candida\u021bi aleg programele cu tax\u0103 - Cronica de Hunedoara","robots":{"index":"index","follow":"follow","max-snippet":"max-snippet:-1","max-image-preview":"max-image-preview:large","max-video-preview":"max-video-preview:-1"},"canonical":"https:\/\/cronicahd.ro\/?p=12425","og_locale":"ro_RO","og_type":"article","og_title":"Admitere de toamn\u0103 la Universitatea din Petro\u0219ani. Pu\u021bine locuri la buget, tot mai mul\u021bi candida\u021bi aleg programele cu tax\u0103 - Cronica de Hunedoara","og_description":"Universitatea din Petro\u0219ani a dat startul admiterii pentru sesiunea de toamn\u0103. Candida\u021bii se pot \u00eenscrie...","og_url":"https:\/\/cronicahd.ro\/?p=12425","og_site_name":"Cronica de Hunedoara","article_published_time":"2026-08-31T04:34:13+00:00","og_image":[{"width":2048,"height":1536,"url":"https:\/\/cronicahd.ro\/wp-content\/uploads\/2026\/01\/radus.jpg","type":"image\/jpeg"}],"author":"admin","twitter_card":"summary_large_image","twitter_misc":{"Scris de":"admin","Timp estimat pentru citire":"5 minute"},"schema":{"@context":"https:\/\/schema.org","@graph":[{"@type":"Article","@id":"https:\/\/cronicahd.ro\/?p=12425#article","isPartOf":{"@id":"https:\/\/cronicahd.ro\/?p=12425"},"author":{"name":"admin","@id":"https:\/\/cronicahd.ro\/#\/schema\/person\/d1a1277a8cd166610328e17aaf58bf46"},"headline":"Admitere de toamn\u0103 la Universitatea din Petro\u0219ani. Pu\u021bine locuri la buget, tot mai mul\u021bi candida\u021bi aleg programele cu tax\u0103","datePublished":"2026-08-31T04:34:13+00:00","mainEntityOfPage":{"@id":"https:\/\/cronicahd.ro\/?p=12425"},"wordCount":927,"publisher":{"@id":"https:\/\/cronicahd.ro\/#organization"},"image":{"@id":"https:\/\/cronicahd.ro\/?p=12425#primaryimage"},"thumbnailUrl":"https:\/\/cronicahd.ro\/wp-content\/uploads\/2026\/01\/radus.jpg","articleSection":["Actualitate","invatamant"],"inLanguage":"ro-RO"},{"@type":"WebPage","@id":"https:\/\/cronicahd.ro\/?p=12425","url":"https:\/\/cronicahd.ro\/?p=12425","name":"Admitere de toamn\u0103 la Universitatea din Petro\u0219ani. Pu\u021bine locuri la buget, tot mai mul\u021bi candida\u021bi aleg programele cu tax\u0103 - Cronica de Hunedoara","isPartOf":{"@id":"https:\/\/cronicahd.ro\/#website"},"primaryImageOfPage":{"@id":"https:\/\/cronicahd.ro\/?p=12425#primaryimage"},"image":{"@id":"https:\/\/cronicahd.ro\/?p=12425#primaryimage"},"thumbnailUrl":"https:\/\/cronicahd.ro\/wp-content\/uploads\/2026\/01\/radus.jpg","datePublished":"2026-08-31T04:34:13+00:00","breadcrumb":{"@id":"https:\/\/cronicahd.ro\/?p=12425#breadcrumb"},"inLanguage":"ro-RO","potentialAction":[{"@type":"ReadAction","target":["https:\/\/cronicahd.ro\/?p=12425"]}]},{"@type":"ImageObject","inLanguage":"ro-RO","@id":"https:\/\/cronicahd.ro\/?p=12425#primaryimage","url":"https:\/\/cronicahd.ro\/wp-content\/uploads\/2026\/01\/radus.jpg","contentUrl":"https:\/\/cronicahd.ro\/wp-content\/uploads\/2026\/01\/radus.jpg","width":2048,"height":1536},{"@type":"BreadcrumbList","@id":"https:\/\/cronicahd.ro\/?p=12425#breadcrumb","itemListElement":[{"@type":"ListItem","position":1,"name":"Prima pagin\u0103","item":"https:\/\/cronicahd.ro\/"},{"@type":"ListItem","position":2,"name":"Admitere de toamn\u0103 la Universitatea din Petro\u0219ani. Pu\u021bine locuri la buget, tot mai mul\u021bi candida\u021bi aleg programele cu tax\u0103"}]},{"@type":"WebSite","@id":"https:\/\/cronicahd.ro\/#website","url":"https:\/\/cronicahd.ro\/","name":"Cronica de Hunedoara","description":"","publisher":{"@id":"https:\/\/cronicahd.ro\/#organization"},"potentialAction":[{"@type":"SearchAction","target":{"@type":"EntryPoint","urlTemplate":"https:\/\/cronicahd.ro\/?s={search_term_string}"},"query-input":{"@type":"PropertyValueSpecification","valueRequired":true,"valueName":"search_term_string"}}],"inLanguage":"ro-RO"},{"@type":"Organization","@id":"https:\/\/cronicahd.ro\/#organization","name":"Cronica de Hunedoara","url":"https:\/\/cronicahd.ro\/","logo":{"@type":"ImageObject","inLanguage":"ro-RO","@id":"https:\/\/cronicahd.ro\/#\/schema\/logo\/image\/","url":"https:\/\/cronicahd.ro\/wp-content\/uploads\/2026\/03\/cropped-crh.jpg","contentUrl":"https:\/\/cronicahd.ro\/wp-content\/uploads\/2026\/03\/cropped-crh.jpg","width":1437,"height":327,"caption":"Cronica de Hunedoara"},"image":{"@id":"https:\/\/cronicahd.ro\/#\/schema\/logo\/image\/"}},{"@type":"Person","@id":"https:\/\/cronicahd.ro\/#\/schema\/person\/d1a1277a8cd166610328e17aaf58bf46","name":"admin","image":{"@type":"ImageObject","inLanguage":"ro-RO","@id":"https:\/\/cronicahd.ro\/#\/schema\/person\/image\/","url":"https:\/\/secure.gravatar.com\/avatar\/24700337280d10898c2e0d19d44a05316bff9fccc941ecc5570ffe41668203f7?s=96&d=mm&r=g","contentUrl":"https:\/\/secure.gravatar.com\/avatar\/24700337280d10898c2e0d19d44a05316bff9fccc941ecc5570ffe41668203f7?s=96&d=mm&r=g","caption":"admin"},"sameAs":["https:\/\/cronicavj.ro"],"url":"https:\/\/cronicahd.ro\/?author=1"}]}},"_links":{"self":[{"href":"https:\/\/cronicahd.ro\/index.php?rest_route=\/wp\/v2\/posts\/12425","targetHints":{"allow":["GET"]}}],"collection":[{"href":"https:\/\/cronicahd.ro\/index.php?rest_route=\/wp\/v2\/posts"}],"about":[{"href":"https:\/\/cronicahd.ro\/index.php?rest_route=\/wp\/v2\/types\/post"}],"author":[{"embeddable":true,"href":"https:\/\/cronicahd.ro\/index.php?rest_route=\/wp\/v2\/users\/1"}],"replies":[{"embeddable":true,"href":"https:\/\/cronicahd.ro\/index.php?rest_route=%2Fwp%2Fv2%2Fcomments&post=12425"}],"version-history":[{"count":1,"href":"https:\/\/cronicahd.ro\/index.php?rest_route=\/wp\/v2\/posts\/12425\/revisions"}],"predecessor-version":[{"id":12426,"href":"https:\/\/cronicahd.ro\/index.php?rest_route=\/wp\/v2\/posts\/12425\/revisions\/12426"}],"wp:featuredmedia":[{"embeddable":true,"href":"https:\/\/cronicahd.ro\/index.php?rest_route=\/wp\/v2\/media\/5277"}],"wp:attachment":[{"href":"https:\/\/cronicahd.ro\/index.php?rest_route=%2Fwp%2Fv2%2Fmedia&parent=12425"}],"wp:term":[{"taxonomy":"category","embeddable":true,"href":"https:\/\/cronicahd.ro\/index.php?rest_route=%2Fwp%2Fv2%2Fcategories&post=12425"},{"taxonomy":"post_tag","embeddable":true,"href":"https:\/\/cronicahd.ro\/index.php?rest_route=%2Fwp%2Fv2%2Ftags&post=12425"}],"curies":[{"name":"wp","href":"https:\/\/api.w.org\/{rel}","templated":true}]}}