{"id":11373,"date":"2026-07-23T15:59:14","date_gmt":"2026-07-23T15:59:14","guid":{"rendered":"https:\/\/cronicahd.ro\/?p=11373"},"modified":"2026-07-23T15:59:14","modified_gmt":"2026-07-23T15:59:14","slug":"la-vulcan-au-fost-amplasate-containere-pentru-colectarea-separata-a-deseurilor-textile","status":"publish","type":"post","link":"https:\/\/cronicahd.ro\/?p=11373","title":{"rendered":"La Vulcan au fost amplasate containere pentru colectarea separat\u0103 a de\u0219eurilor textile"},"content":{"rendered":"<p>&nbsp;<\/p>\n<p>Locuitorii municipiului Vulcan au, \u00eencep\u00e2nd cu data de 23 iulie 2026, posibilitatea de a preda separat hainele \u0219i alte produse textile uzate, dup\u0103 ce administra\u021bia local\u0103 a amplasat patru containere speciale destinate colect\u0103rii acestor de\u0219euri.<\/p>\n<p><img loading=\"lazy\" decoding=\"async\" class=\"alignnone size-full wp-image-11376\" src=\"https:\/\/cronicahd.ro\/wp-content\/uploads\/2026\/07\/IMG_8065.jpeg\" alt=\"\" width=\"1418\" height=\"1672\" srcset=\"https:\/\/cronicahd.ro\/wp-content\/uploads\/2026\/07\/IMG_8065.jpeg 1418w, https:\/\/cronicahd.ro\/wp-content\/uploads\/2026\/07\/IMG_8065-254x300.jpeg 254w, https:\/\/cronicahd.ro\/wp-content\/uploads\/2026\/07\/IMG_8065-868x1024.jpeg 868w, https:\/\/cronicahd.ro\/wp-content\/uploads\/2026\/07\/IMG_8065-768x906.jpeg 768w, https:\/\/cronicahd.ro\/wp-content\/uploads\/2026\/07\/IMG_8065-1303x1536.jpeg 1303w, https:\/\/cronicahd.ro\/wp-content\/uploads\/2026\/07\/IMG_8065-1024x1207.jpeg 1024w\" sizes=\"auto, (max-width: 1418px) 100vw, 1418px\" \/><\/p>\n<p>Anun\u021bul a fost f\u0103cut de primarul municipiului Vulcan, Cristian Meri\u0219anu, care a precizat c\u0103 m\u0103sura vine \u00een sprijinul respect\u0103rii obliga\u021biilor privind colectarea separat\u0103 a de\u0219eurilor textile, impuse de legisla\u021bia \u00een vigoare.<\/p>\n<p>Containerele au fost amplasate \u00een urm\u0103toarele loca\u021bii:<\/p>\n<ul>\n<li>Bulevardul Mihai Viteazu \u2013 sta\u021bionarul dintre blocurile D1 \u0219i D2;<\/li>\n<li>Strada Platoului \u2013 \u00een spatele magazinului Minimax;<\/li>\n<li>Bulevardul Mihai Viteazu \u2013 \u00een spatele magazinului Pepco;<\/li>\n<li>Strada Nicolae Titulescu \u2013 vizavi de parcarea Penny.<\/li>\n<\/ul>\n<p>\u00cen aceste containere pot fi depuse:<\/p>\n<ul>\n<li>\u00eenc\u0103l\u021b\u0103minte (pantofi, ghete, sandale, cizme), legat\u0103 \u00een perechi;<\/li>\n<li>\u00eembr\u0103c\u0103minte de orice tip, inclusiv geci, pantaloni \u0219i bluze;<\/li>\n<li>lenjerii de pat, perdele, prosoape, gen\u021bi \u0219i alte accesorii textile.<\/li>\n<li><img loading=\"lazy\" decoding=\"async\" class=\"alignnone size-full wp-image-11375\" src=\"https:\/\/cronicahd.ro\/wp-content\/uploads\/2026\/07\/IMG_8066.jpeg\" alt=\"\" width=\"701\" height=\"960\" srcset=\"https:\/\/cronicahd.ro\/wp-content\/uploads\/2026\/07\/IMG_8066.jpeg 701w, https:\/\/cronicahd.ro\/wp-content\/uploads\/2026\/07\/IMG_8066-219x300.jpeg 219w\" sizes=\"auto, (max-width: 701px) 100vw, 701px\" \/><\/li>\n<\/ul>\n<p>Reprezentan\u021bii administra\u021biei locale recomand\u0103 ca toate articolele textile s\u0103 fie introduse \u00een pungi sau saci lega\u021bi, \u00eenainte de a fi depuse \u00een containere, pentru a fi p\u0103strate curate \u0219i u\u0219or de reciclat sau reutilizat.<\/p>\n<p>Autorit\u0103\u021bile atrag aten\u021bia c\u0103 aceste containere sunt destinate exclusiv persoanelor fizice, fiind interzis\u0103 depunerea de\u0219eurilor textile provenite de la agen\u021bii economici.<\/p>\n<p><img loading=\"lazy\" decoding=\"async\" class=\"alignnone size-full wp-image-11374\" src=\"https:\/\/cronicahd.ro\/wp-content\/uploads\/2026\/07\/IMG_8067.jpeg\" alt=\"\" width=\"732\" height=\"960\" srcset=\"https:\/\/cronicahd.ro\/wp-content\/uploads\/2026\/07\/IMG_8067.jpeg 732w, https:\/\/cronicahd.ro\/wp-content\/uploads\/2026\/07\/IMG_8067-229x300.jpeg 229w\" sizes=\"auto, (max-width: 732px) 100vw, 732px\" \/><\/p>\n<p>Potrivit normelor aplicate \u00een Rom\u00e2nia \u00eencep\u00e2nd cu anul 2025, cet\u0103\u021benii au obliga\u021bia de a colecta separat de\u0219eurile textile \u0219i de a nu le mai arunca \u00eempreun\u0103 cu gunoiul menajer. Totodat\u0103, la nivelul Uniunii Europene au fost adoptate m\u0103suri care interzic distrugerea hainelor nev\u00e2ndute de c\u0103tre marile companii, \u00eencuraj\u00e2nd reutilizarea \u0219i reciclarea materialelor textile.<\/p>\n<p>Prin amplasarea acestor containere, Prim\u0103ria Municipiului Vulcan urm\u0103re\u0219te s\u0103 faciliteze colectarea selectiv\u0103 a textilelor \u0219i s\u0103 contribuie la reducerea cantit\u0103\u021bii de de\u0219euri care ajung la depozitele de gunoi, \u00een concordan\u021b\u0103 cu obiectivele de protec\u021bie a mediului \u0219i de dezvoltare durabil\u0103.<\/p>\n","protected":false},"excerpt":{"rendered":"<p>&nbsp; Locuitorii municipiului Vulcan au, \u00eencep\u00e2nd cu data de 23 iulie 2026, posibilitatea de a&#8230;<\/p>\n","protected":false},"author":1,"featured_media":11377,"comment_status":"closed","ping_status":"closed","sticky":false,"template":"","format":"standard","meta":{"footnotes":""},"categories":[1,6],"tags":[],"class_list":["post-11373","post","type-post","status-publish","format-standard","has-post-thumbnail","hentry","category-actual","category-administratie"],"yoast_head":"<!-- This site is optimized with the Yoast SEO plugin v25.3.1 - https:\/\/yoast.com\/wordpress\/plugins\/seo\/ -->\n<title>La Vulcan au fost amplasate containere pentru colectarea separat\u0103 a de\u0219eurilor textile - Cronica de Hunedoara<\/title>\n<meta name=\"robots\" content=\"index, follow, max-snippet:-1, max-image-preview:large, max-video-preview:-1\" \/>\n<link rel=\"canonical\" href=\"https:\/\/cronicahd.ro\/?p=11373\" \/>\n<meta property=\"og:locale\" content=\"ro_RO\" \/>\n<meta property=\"og:type\" content=\"article\" \/>\n<meta property=\"og:title\" content=\"La Vulcan au fost amplasate containere pentru colectarea separat\u0103 a de\u0219eurilor textile - Cronica de Hunedoara\" \/>\n<meta property=\"og:description\" content=\"&nbsp; Locuitorii municipiului Vulcan au, \u00eencep\u00e2nd cu data de 23 iulie 2026, posibilitatea de a...\" \/>\n<meta property=\"og:url\" content=\"https:\/\/cronicahd.ro\/?p=11373\" \/>\n<meta property=\"og:site_name\" content=\"Cronica de Hunedoara\" \/>\n<meta property=\"article:published_time\" content=\"2026-07-23T15:59:14+00:00\" \/>\n<meta property=\"og:image\" content=\"https:\/\/cronicahd.ro\/wp-content\/uploads\/2026\/07\/IMG_8064.jpeg\" \/>\n\t<meta property=\"og:image:width\" content=\"1445\" \/>\n\t<meta property=\"og:image:height\" content=\"1800\" \/>\n\t<meta property=\"og:image:type\" content=\"image\/jpeg\" \/>\n<meta name=\"author\" content=\"admin\" \/>\n<meta name=\"twitter:card\" content=\"summary_large_image\" \/>\n<meta name=\"twitter:label1\" content=\"Scris de\" \/>\n\t<meta name=\"twitter:data1\" content=\"admin\" \/>\n\t<meta name=\"twitter:label2\" content=\"Timp estimat pentru citire\" \/>\n\t<meta name=\"twitter:data2\" content=\"3 minute\" \/>\n<script type=\"application\/ld+json\" class=\"yoast-schema-graph\">{\"@context\":\"https:\/\/schema.org\",\"@graph\":[{\"@type\":\"Article\",\"@id\":\"https:\/\/cronicahd.ro\/?p=11373#article\",\"isPartOf\":{\"@id\":\"https:\/\/cronicahd.ro\/?p=11373\"},\"author\":{\"name\":\"admin\",\"@id\":\"https:\/\/cronicahd.ro\/#\/schema\/person\/d1a1277a8cd166610328e17aaf58bf46\"},\"headline\":\"La Vulcan au fost amplasate containere pentru colectarea separat\u0103 a de\u0219eurilor textile\",\"datePublished\":\"2026-07-23T15:59:14+00:00\",\"mainEntityOfPage\":{\"@id\":\"https:\/\/cronicahd.ro\/?p=11373\"},\"wordCount\":338,\"publisher\":{\"@id\":\"https:\/\/cronicahd.ro\/#organization\"},\"image\":{\"@id\":\"https:\/\/cronicahd.ro\/?p=11373#primaryimage\"},\"thumbnailUrl\":\"https:\/\/cronicahd.ro\/wp-content\/uploads\/2026\/07\/IMG_8064.jpeg\",\"articleSection\":[\"Actualitate\",\"Administratie\"],\"inLanguage\":\"ro-RO\"},{\"@type\":\"WebPage\",\"@id\":\"https:\/\/cronicahd.ro\/?p=11373\",\"url\":\"https:\/\/cronicahd.ro\/?p=11373\",\"name\":\"La Vulcan au fost amplasate containere pentru colectarea separat\u0103 a de\u0219eurilor textile - Cronica de Hunedoara\",\"isPartOf\":{\"@id\":\"https:\/\/cronicahd.ro\/#website\"},\"primaryImageOfPage\":{\"@id\":\"https:\/\/cronicahd.ro\/?p=11373#primaryimage\"},\"image\":{\"@id\":\"https:\/\/cronicahd.ro\/?p=11373#primaryimage\"},\"thumbnailUrl\":\"https:\/\/cronicahd.ro\/wp-content\/uploads\/2026\/07\/IMG_8064.jpeg\",\"datePublished\":\"2026-07-23T15:59:14+00:00\",\"breadcrumb\":{\"@id\":\"https:\/\/cronicahd.ro\/?p=11373#breadcrumb\"},\"inLanguage\":\"ro-RO\",\"potentialAction\":[{\"@type\":\"ReadAction\",\"target\":[\"https:\/\/cronicahd.ro\/?p=11373\"]}]},{\"@type\":\"ImageObject\",\"inLanguage\":\"ro-RO\",\"@id\":\"https:\/\/cronicahd.ro\/?p=11373#primaryimage\",\"url\":\"https:\/\/cronicahd.ro\/wp-content\/uploads\/2026\/07\/IMG_8064.jpeg\",\"contentUrl\":\"https:\/\/cronicahd.ro\/wp-content\/uploads\/2026\/07\/IMG_8064.jpeg\",\"width\":1445,\"height\":1800},{\"@type\":\"BreadcrumbList\",\"@id\":\"https:\/\/cronicahd.ro\/?p=11373#breadcrumb\",\"itemListElement\":[{\"@type\":\"ListItem\",\"position\":1,\"name\":\"Prima pagin\u0103\",\"item\":\"https:\/\/cronicahd.ro\/\"},{\"@type\":\"ListItem\",\"position\":2,\"name\":\"La Vulcan au fost amplasate containere pentru colectarea separat\u0103 a de\u0219eurilor textile\"}]},{\"@type\":\"WebSite\",\"@id\":\"https:\/\/cronicahd.ro\/#website\",\"url\":\"https:\/\/cronicahd.ro\/\",\"name\":\"Cronica de Hunedoara\",\"description\":\"\",\"publisher\":{\"@id\":\"https:\/\/cronicahd.ro\/#organization\"},\"potentialAction\":[{\"@type\":\"SearchAction\",\"target\":{\"@type\":\"EntryPoint\",\"urlTemplate\":\"https:\/\/cronicahd.ro\/?s={search_term_string}\"},\"query-input\":{\"@type\":\"PropertyValueSpecification\",\"valueRequired\":true,\"valueName\":\"search_term_string\"}}],\"inLanguage\":\"ro-RO\"},{\"@type\":\"Organization\",\"@id\":\"https:\/\/cronicahd.ro\/#organization\",\"name\":\"Cronica de Hunedoara\",\"url\":\"https:\/\/cronicahd.ro\/\",\"logo\":{\"@type\":\"ImageObject\",\"inLanguage\":\"ro-RO\",\"@id\":\"https:\/\/cronicahd.ro\/#\/schema\/logo\/image\/\",\"url\":\"https:\/\/cronicahd.ro\/wp-content\/uploads\/2026\/03\/cropped-crh.jpg\",\"contentUrl\":\"https:\/\/cronicahd.ro\/wp-content\/uploads\/2026\/03\/cropped-crh.jpg\",\"width\":1437,\"height\":327,\"caption\":\"Cronica de Hunedoara\"},\"image\":{\"@id\":\"https:\/\/cronicahd.ro\/#\/schema\/logo\/image\/\"}},{\"@type\":\"Person\",\"@id\":\"https:\/\/cronicahd.ro\/#\/schema\/person\/d1a1277a8cd166610328e17aaf58bf46\",\"name\":\"admin\",\"image\":{\"@type\":\"ImageObject\",\"inLanguage\":\"ro-RO\",\"@id\":\"https:\/\/cronicahd.ro\/#\/schema\/person\/image\/\",\"url\":\"https:\/\/secure.gravatar.com\/avatar\/24700337280d10898c2e0d19d44a05316bff9fccc941ecc5570ffe41668203f7?s=96&d=mm&r=g\",\"contentUrl\":\"https:\/\/secure.gravatar.com\/avatar\/24700337280d10898c2e0d19d44a05316bff9fccc941ecc5570ffe41668203f7?s=96&d=mm&r=g\",\"caption\":\"admin\"},\"sameAs\":[\"https:\/\/cronicavj.ro\"],\"url\":\"https:\/\/cronicahd.ro\/?author=1\"}]}<\/script>\n<!-- \/ Yoast SEO plugin. -->","yoast_head_json":{"title":"La Vulcan au fost amplasate containere pentru colectarea separat\u0103 a de\u0219eurilor textile - Cronica de Hunedoara","robots":{"index":"index","follow":"follow","max-snippet":"max-snippet:-1","max-image-preview":"max-image-preview:large","max-video-preview":"max-video-preview:-1"},"canonical":"https:\/\/cronicahd.ro\/?p=11373","og_locale":"ro_RO","og_type":"article","og_title":"La Vulcan au fost amplasate containere pentru colectarea separat\u0103 a de\u0219eurilor textile - Cronica de Hunedoara","og_description":"&nbsp; Locuitorii municipiului Vulcan au, \u00eencep\u00e2nd cu data de 23 iulie 2026, posibilitatea de a...","og_url":"https:\/\/cronicahd.ro\/?p=11373","og_site_name":"Cronica de Hunedoara","article_published_time":"2026-07-23T15:59:14+00:00","og_image":[{"width":1445,"height":1800,"url":"https:\/\/cronicahd.ro\/wp-content\/uploads\/2026\/07\/IMG_8064.jpeg","type":"image\/jpeg"}],"author":"admin","twitter_card":"summary_large_image","twitter_misc":{"Scris de":"admin","Timp estimat pentru citire":"3 minute"},"schema":{"@context":"https:\/\/schema.org","@graph":[{"@type":"Article","@id":"https:\/\/cronicahd.ro\/?p=11373#article","isPartOf":{"@id":"https:\/\/cronicahd.ro\/?p=11373"},"author":{"name":"admin","@id":"https:\/\/cronicahd.ro\/#\/schema\/person\/d1a1277a8cd166610328e17aaf58bf46"},"headline":"La Vulcan au fost amplasate containere pentru colectarea separat\u0103 a de\u0219eurilor textile","datePublished":"2026-07-23T15:59:14+00:00","mainEntityOfPage":{"@id":"https:\/\/cronicahd.ro\/?p=11373"},"wordCount":338,"publisher":{"@id":"https:\/\/cronicahd.ro\/#organization"},"image":{"@id":"https:\/\/cronicahd.ro\/?p=11373#primaryimage"},"thumbnailUrl":"https:\/\/cronicahd.ro\/wp-content\/uploads\/2026\/07\/IMG_8064.jpeg","articleSection":["Actualitate","Administratie"],"inLanguage":"ro-RO"},{"@type":"WebPage","@id":"https:\/\/cronicahd.ro\/?p=11373","url":"https:\/\/cronicahd.ro\/?p=11373","name":"La Vulcan au fost amplasate containere pentru colectarea separat\u0103 a de\u0219eurilor textile - Cronica de Hunedoara","isPartOf":{"@id":"https:\/\/cronicahd.ro\/#website"},"primaryImageOfPage":{"@id":"https:\/\/cronicahd.ro\/?p=11373#primaryimage"},"image":{"@id":"https:\/\/cronicahd.ro\/?p=11373#primaryimage"},"thumbnailUrl":"https:\/\/cronicahd.ro\/wp-content\/uploads\/2026\/07\/IMG_8064.jpeg","datePublished":"2026-07-23T15:59:14+00:00","breadcrumb":{"@id":"https:\/\/cronicahd.ro\/?p=11373#breadcrumb"},"inLanguage":"ro-RO","potentialAction":[{"@type":"ReadAction","target":["https:\/\/cronicahd.ro\/?p=11373"]}]},{"@type":"ImageObject","inLanguage":"ro-RO","@id":"https:\/\/cronicahd.ro\/?p=11373#primaryimage","url":"https:\/\/cronicahd.ro\/wp-content\/uploads\/2026\/07\/IMG_8064.jpeg","contentUrl":"https:\/\/cronicahd.ro\/wp-content\/uploads\/2026\/07\/IMG_8064.jpeg","width":1445,"height":1800},{"@type":"BreadcrumbList","@id":"https:\/\/cronicahd.ro\/?p=11373#breadcrumb","itemListElement":[{"@type":"ListItem","position":1,"name":"Prima pagin\u0103","item":"https:\/\/cronicahd.ro\/"},{"@type":"ListItem","position":2,"name":"La Vulcan au fost amplasate containere pentru colectarea separat\u0103 a de\u0219eurilor textile"}]},{"@type":"WebSite","@id":"https:\/\/cronicahd.ro\/#website","url":"https:\/\/cronicahd.ro\/","name":"Cronica de Hunedoara","description":"","publisher":{"@id":"https:\/\/cronicahd.ro\/#organization"},"potentialAction":[{"@type":"SearchAction","target":{"@type":"EntryPoint","urlTemplate":"https:\/\/cronicahd.ro\/?s={search_term_string}"},"query-input":{"@type":"PropertyValueSpecification","valueRequired":true,"valueName":"search_term_string"}}],"inLanguage":"ro-RO"},{"@type":"Organization","@id":"https:\/\/cronicahd.ro\/#organization","name":"Cronica de Hunedoara","url":"https:\/\/cronicahd.ro\/","logo":{"@type":"ImageObject","inLanguage":"ro-RO","@id":"https:\/\/cronicahd.ro\/#\/schema\/logo\/image\/","url":"https:\/\/cronicahd.ro\/wp-content\/uploads\/2026\/03\/cropped-crh.jpg","contentUrl":"https:\/\/cronicahd.ro\/wp-content\/uploads\/2026\/03\/cropped-crh.jpg","width":1437,"height":327,"caption":"Cronica de Hunedoara"},"image":{"@id":"https:\/\/cronicahd.ro\/#\/schema\/logo\/image\/"}},{"@type":"Person","@id":"https:\/\/cronicahd.ro\/#\/schema\/person\/d1a1277a8cd166610328e17aaf58bf46","name":"admin","image":{"@type":"ImageObject","inLanguage":"ro-RO","@id":"https:\/\/cronicahd.ro\/#\/schema\/person\/image\/","url":"https:\/\/secure.gravatar.com\/avatar\/24700337280d10898c2e0d19d44a05316bff9fccc941ecc5570ffe41668203f7?s=96&d=mm&r=g","contentUrl":"https:\/\/secure.gravatar.com\/avatar\/24700337280d10898c2e0d19d44a05316bff9fccc941ecc5570ffe41668203f7?s=96&d=mm&r=g","caption":"admin"},"sameAs":["https:\/\/cronicavj.ro"],"url":"https:\/\/cronicahd.ro\/?author=1"}]}},"_links":{"self":[{"href":"https:\/\/cronicahd.ro\/index.php?rest_route=\/wp\/v2\/posts\/11373","targetHints":{"allow":["GET"]}}],"collection":[{"href":"https:\/\/cronicahd.ro\/index.php?rest_route=\/wp\/v2\/posts"}],"about":[{"href":"https:\/\/cronicahd.ro\/index.php?rest_route=\/wp\/v2\/types\/post"}],"author":[{"embeddable":true,"href":"https:\/\/cronicahd.ro\/index.php?rest_route=\/wp\/v2\/users\/1"}],"replies":[{"embeddable":true,"href":"https:\/\/cronicahd.ro\/index.php?rest_route=%2Fwp%2Fv2%2Fcomments&post=11373"}],"version-history":[{"count":1,"href":"https:\/\/cronicahd.ro\/index.php?rest_route=\/wp\/v2\/posts\/11373\/revisions"}],"predecessor-version":[{"id":11378,"href":"https:\/\/cronicahd.ro\/index.php?rest_route=\/wp\/v2\/posts\/11373\/revisions\/11378"}],"wp:featuredmedia":[{"embeddable":true,"href":"https:\/\/cronicahd.ro\/index.php?rest_route=\/wp\/v2\/media\/11377"}],"wp:attachment":[{"href":"https:\/\/cronicahd.ro\/index.php?rest_route=%2Fwp%2Fv2%2Fmedia&parent=11373"}],"wp:term":[{"taxonomy":"category","embeddable":true,"href":"https:\/\/cronicahd.ro\/index.php?rest_route=%2Fwp%2Fv2%2Fcategories&post=11373"},{"taxonomy":"post_tag","embeddable":true,"href":"https:\/\/cronicahd.ro\/index.php?rest_route=%2Fwp%2Fv2%2Ftags&post=11373"}],"curies":[{"name":"wp","href":"https:\/\/api.w.org\/{rel}","templated":true}]}}